{"id":40858,"date":"2019-06-16T04:08:13","date_gmt":"2019-06-16T08:08:13","guid":{"rendered":"https:\/\/linitiative.ca\/International\/al-omrane-renforce-les-liens-avec-les-marocains-du-monde\/"},"modified":"2019-06-16T04:08:13","modified_gmt":"2019-06-16T08:08:13","slug":"al-omrane-renforce-les-liens-avec-les-marocains-du-monde","status":"publish","type":"post","link":"https:\/\/linitiative.ca\/International\/al-omrane-renforce-les-liens-avec-les-marocains-du-monde\/","title":{"rendered":"Al Omrane renforce les liens avec  les Marocains du Monde"},"content":{"rendered":"<header>\n<div class=\"entry-post-meta\">\n<p>Date\u00a0:<time content=\"2019-06-16T09:08:13+00:00\" class=\"entry-date updated\" datetime=\"2019-06-16T09:08:13+00:00\">juin 16, 2019<\/time><\/p>\n<p>2Vues<\/p>\n<\/div>\n<\/header>\n<div class=\"entry-content clearfix\" readability=\"65\"><img decoding=\"async\" class=\"post_layout_5_img\" src=\"http:\/\/aujourdhui.ma\/wp-content\/uploads\/2019\/06\/SMAP-IMMO-Paris-Al-Omrane.jpg?x29840\" alt=\"Al Omrane renforce les liens avec les Marocains du Monde\"\/><\/p>\n<p class=\"p1\"><span class=\"c4\"><strong><span class=\"s1\">Al Omrane a d\u00e9cid\u00e9 de\u00a0<\/span><\/strong><span class=\"s1\"><strong>renforcer le dimensionnement de de sa pr\u00e9sence \u00e0 l\u2019\u00e9tranger en transformant sa tourn\u00e9e \u00abRoadshow\u00bb en salon \u00abAl Omrane Expo Marocain du Monde\u00bb.<\/strong><\/span><\/span><\/p>\n<p>Les Marocains du Monde ont toujours \u00e9t\u00e9 au c\u0153ur des pr\u00e9occupations d\u2019Al Omrane. La strat\u00e9gie du groupe vise essentiellement le renforcement des liens des Marocains r\u00e9sidant \u00e0 l\u2019\u00e9tranger avec leur pays d\u2019origine et l\u2019am\u00e9lioration des services qui leur sont d\u00e9di\u00e9s.La participation au SMAP est l\u2019un des axes autour desquels s\u2019articule l\u2019approche d\u2019Al Omrane d\u00e9clin\u00e9e en faveur des MRE. L\u2019objectif \u00e9tant d\u2019organiser des actions ponctuelles \u00e0 l\u2019\u00e9tranger pour inciter la diaspora marocaine \u00e0 acqu\u00e9rir un bien immobilier au Maroc. Parall\u00e8lement au SMAP, le Groupe organise, depuis cinq ans, le Road Show Al Omrane. Un dispositif qui s\u2019inscrit en ligne avec les Orientations royales et la politique gouvernementale et qui a reccueilli un franc succ\u00e8s dans les 10 pays ayant abrit\u00e9 cet \u00e9v\u00e9nement. Pour 2019, Al Omrane a pens\u00e9 \u00e0 un nouveau concept. La finalit\u00e9 \u00e9tant d\u2019avoir plus d\u2019impact et ce en capitalisant sur le succ\u00e8s des \u00e9ditions pr\u00e9c\u00e9dentes. C\u2019est ainsi qu\u2019il a \u00e9t\u00e9 d\u00e9cid\u00e9 de renforcer le dimensionnement de la pr\u00e9sence d\u2019Al Omrane \u00e0 l\u2019\u00e9tranger, en transformant sa tourn\u00e9e \u00abRoadshow\u00bb en salon \u00abAl Omrane Expo Marocain du Monde\u00bb.<\/p>\n<p><a href=\"http:\/\/aujourdhui.ma\/wp-content\/uploads\/2019\/06\/Badre-Kanouni-pre%CC%81sident-du-directoire-du-Groupe-Al-Omrane-1.jpg?x29840\"><img loading=\"lazy\" decoding=\"async\" class=\"size-full wp-image-312985 aligncenter\" src=\"http:\/\/aujourdhui.ma\/wp-content\/uploads\/2019\/06\/Badre-Kanouni-pre%CC%81sident-du-directoire-du-Groupe-Al-Omrane-1.jpg?x29840\" alt=\"\" width=\"746\" height=\"380\" srcset=\"http:\/\/aujourdhui.ma\/wp-content\/uploads\/2019\/06\/Badre-Kanouni-pre\u0301sident-du-directoire-du-Groupe-Al-Omrane-1.jpg 746w, http:\/\/aujourdhui.ma\/wp-content\/uploads\/2019\/06\/Badre-Kanouni-pre\u0301sident-du-directoire-du-Groupe-Al-Omrane-1-300x153.jpg 300w\" sizes=\"auto, (max-width: 746px) 100vw, 746px\"\/><\/a><\/p>\n<p><strong>\u00abAl Omrane Expo Marocain du Monde\u00bb d\u00e9marre de Montr\u00e9al<\/strong><\/p>\n<p>Tel qu\u2019il est pens\u00e9, \u00abAl Omrane Expo Marocain du Monde\u00bb sera marqu\u00e9 par l\u2019organisation de 6 salons r\u00e9partis sur l\u2019Europe, l\u2019Am\u00e9rique du Nord et la P\u00e9ninsule arabique. Montr\u00e9al marque le d\u00e9marrage officiel du salon avec un focus sur l\u2019investissement au Maroc. La journ\u00e9e inaugurale sera organis\u00e9e le 6 juillet annon\u00e7ant ainsi l\u2019\u00e9v\u00e9nement et mettant en avant les efforts des instances gouvernementales et le Groupe Al Omrane pour la promotion du secteur de l\u2019investissement au Maroc. Le salon \u00abAl Omrane Expo Marocain du Monde\u00bb sera soutenu par une campagne m\u00e9dia d\u2019envergure ainsi que la pr\u00e9sence de partenaires tels que les banques. Par ailleurs, le Groupe renforce sa visibilit\u00e9 \u00e0 l\u2019international en prenant part aux grands \u00e9v\u00e9nements organis\u00e9s par le tissu associatif marocain \u00e0 l\u2019\u00e9tranger. Al Omrane est \u00e9galement pr\u00e9sent dans plusieurs \u00e9v\u00e9nements en p\u00e9riode estivale, notamment au niveau du port d\u2019Alg\u00e9siras, Aires de services ainsi que les journ\u00e9es portes ouvertes et caravane dans toutes les r\u00e9gions du Royaume. Le groupe met \u00e9galement en place sur son portail internet une fen\u00eatre d\u00e9di\u00e9e aux MRE. Par un simple clic, Al Omrane d\u00e9taille aux Marocains du Monde sa vision et l\u2019ensemble des axes sur lesquels il op\u00e8re. Les MRE disposent pour leur part d\u2019une vue globale des offres commercialis\u00e9es par le groupe au niveau national.<\/p>\n<p><strong>La succursale de Paris, un relais entre les MRE et les filiales<\/strong><\/p>\n<p>Cr\u00e9\u00e9e en 2007, la succursale d\u2019Al Omrane \u00e0 Paris est venue concr\u00e9tiser la strat\u00e9gie du groupe en mati\u00e8re d\u2019offres immobili\u00e8res et d\u2019opportunit\u00e9s d\u2019investissement au Maroc. Cette repr\u00e9sentation r\u00e9pond de mani\u00e8re permanente aux besoins de la communaut\u00e9 marocaine \u00e0 l\u2019\u00e9tranger. La mission de la succursale d\u2019Al Omrane \u00e0 Paris s\u2019articule autour de cinq actions. La premi\u00e8re vise \u00e0 garantir la pr\u00e9sence durable d\u2019Al Omrane dans les pays d\u2019accueil. Le groupe tend \u00e9galement \u00e0 travers ce bureau \u00e0 concr\u00e9tiser sa politique de proximit\u00e9 avec sa client\u00e8le de la diaspora. La succursale parisienne se veut un relais entre les Marocains de France et ressortissants \u00e9trangers int\u00e9ress\u00e9s par l\u2019investissement dans l\u2019immobilier au Maroc et les diff\u00e9rentes filiales du Groupe. L\u2019id\u00e9e \u00e9tant de d\u00e9velopper et nouer des relations de partenariat avec les \u00e9ventuels investisseurs \u00e9trangers dans le domaine de l\u2019immobilier ainsi que d\u2019informer et mettre \u00e0 la disposition des Marocains r\u00e9sidant \u00e0 l\u2019\u00e9tranger de la documentation relative aux produits des soci\u00e9t\u00e9s Al Omrane.<\/p>\n<p><a href=\"http:\/\/aujourdhui.ma\/wp-content\/uploads\/2019\/06\/Al-Omrane.jpg?x29840\"><img loading=\"lazy\" decoding=\"async\" class=\"size-full wp-image-312984 aligncenter\" src=\"http:\/\/aujourdhui.ma\/wp-content\/uploads\/2019\/06\/Al-Omrane.jpg?x29840\" alt=\"\" width=\"746\" height=\"380\" srcset=\"http:\/\/aujourdhui.ma\/wp-content\/uploads\/2019\/06\/Al-Omrane.jpg 746w, http:\/\/aujourdhui.ma\/wp-content\/uploads\/2019\/06\/Al-Omrane-300x153.jpg 300w\" sizes=\"auto, (max-width: 746px) 100vw, 746px\"\/><\/a><\/p>\n<\/div>\n<p>Auteur: Kawtar Tali<br \/>\n<a href=\"http:\/\/aujourdhui.ma\/economie\/immobilier\/al-omrane-renforce-les-liens-avec-les-marocains-du-monde\">Cliquez ici pour lire l&rsquo;article depuis sa source.<\/a><\/p>\n","protected":false},"excerpt":{"rendered":"<p>Date\u00a0:juin 16, 2019 2Vues Al Omrane a d\u00e9cid\u00e9 de\u00a0renforcer le dimensionnement de de sa pr\u00e9sence \u00e0 l\u2019\u00e9tranger en transformant sa tourn\u00e9e \u00abRoadshow\u00bb en salon \u00abAl Omrane Expo Marocain du Monde\u00bb. Les Marocains du Monde ont toujours \u00e9t\u00e9 au c\u0153ur des pr\u00e9occupations d\u2019Al Omrane. La strat\u00e9gie du groupe vise essentiellement le renforcement des liens des Marocains [&hellip;]<\/p>\n","protected":false},"author":1759,"featured_media":0,"comment_status":"closed","ping_status":"closed","sticky":false,"template":"","format":"standard","meta":{"fifu_image_url":"","fifu_image_alt":"","footnotes":""},"categories":[73,54],"tags":[],"class_list":["post-40858","post","type-post","status-publish","format-standard","hentry","category-actualite","category-maroc"],"_links":{"self":[{"href":"https:\/\/linitiative.ca\/International\/wp-json\/wp\/v2\/posts\/40858","targetHints":{"allow":["GET"]}}],"collection":[{"href":"https:\/\/linitiative.ca\/International\/wp-json\/wp\/v2\/posts"}],"about":[{"href":"https:\/\/linitiative.ca\/International\/wp-json\/wp\/v2\/types\/post"}],"author":[{"embeddable":true,"href":"https:\/\/linitiative.ca\/International\/wp-json\/wp\/v2\/users\/1759"}],"replies":[{"embeddable":true,"href":"https:\/\/linitiative.ca\/International\/wp-json\/wp\/v2\/comments?post=40858"}],"version-history":[{"count":0,"href":"https:\/\/linitiative.ca\/International\/wp-json\/wp\/v2\/posts\/40858\/revisions"}],"wp:attachment":[{"href":"https:\/\/linitiative.ca\/International\/wp-json\/wp\/v2\/media?parent=40858"}],"wp:term":[{"taxonomy":"category","embeddable":true,"href":"https:\/\/linitiative.ca\/International\/wp-json\/wp\/v2\/categories?post=40858"},{"taxonomy":"post_tag","embeddable":true,"href":"https:\/\/linitiative.ca\/International\/wp-json\/wp\/v2\/tags?post=40858"}],"curies":[{"name":"wp","href":"https:\/\/api.w.org\/{rel}","templated":true}]}}