{"id":40860,"date":"2019-06-16T04:12:15","date_gmt":"2019-06-16T08:12:15","guid":{"rendered":"https:\/\/linitiative.ca\/International\/epic-yoga-festival-rend-hommage-a-la-culture-artistique-marocaine\/"},"modified":"2019-06-16T04:12:15","modified_gmt":"2019-06-16T08:12:15","slug":"epic-yoga-festival-rend-hommage-a-la-culture-artistique-marocaine","status":"publish","type":"post","link":"https:\/\/linitiative.ca\/International\/epic-yoga-festival-rend-hommage-a-la-culture-artistique-marocaine\/","title":{"rendered":"Epic Yoga festival rend hommage  \u00e0 la culture artistique marocaine"},"content":{"rendered":"<p><img decoding=\"async\" class=\"post_layout_5_img\" src=\"http:\/\/aujourdhui.ma\/wp-content\/uploads\/2019\/06\/Epic-Yoga-festival.jpg?x29840\" alt=\"Epic Yoga festival rend hommage \u00e0 la culture artistique marocaine\"\/><\/p>\n<p class=\"p1\"><span class=\"c4\"><strong><span class=\"s1\"><em>Yoga Fusion, master class et concerts-spectacles au programme<\/em><\/span><\/strong><\/span> <span id=\"more-312670\"\/><\/p>\n<p class=\"p1\"><span class=\"s1\">Des acteurs du monde du yoga, des penseurs, des musiciens et des artistes seront r\u00e9unis dans la ville ocre \u00e0 l\u2019occasion d\u2019Epic Yoga festival, pr\u00e9vu du 21 au 23 juin. C\u2019est une manifestation organis\u00e9e conjointement par les studios Om Yoga (Maroc) et la plate-forme internationale Bookingyoga.com. Elle vise, selon les initiateurs, \u00e0 cr\u00e9er un mouvement mondial de solidarit\u00e9 pour le d\u00e9veloppement de l\u2019Afrique par le biais du yoga, de la musique et de l\u2019art. <em>\u00abEpic veut inspirer les citoyens du monde \u00e0 s\u2019engager dans une d\u00e9marche sociale afin de favoriser l\u2019\u00e9panouissement collectif par le partage des id\u00e9es, des connaissances et des rapports humains\u00bb,<\/em> explique-t-on.<\/span><\/p>\n<p class=\"p1\"><span class=\"s1\">Dans ce sens, cet \u00e9v\u00e9nement offre une programmation festive. Au programme, des master class fusion. Ce sont cinq rencontres transcendantes et exp\u00e9rimentales d\u2019une dur\u00e9e de 2 \u00e0 3 heures, organis\u00e9es en plein air et dans la salle royale du Palais des congr\u00e8s de Marrakech. A commencer par la soir\u00e9e d\u2019ouverture qui est un hommage \u00e0 la culture artistique marocaine durant laquelle les festivaliers vivront des moments musicaux des Gnaouas et des vocalit\u00e9s aux vibrations arabes. Le 2\u00e8me jour sera d\u00e9di\u00e9 \u00e0 une master class port\u00e9e par le lever du soleil et ses c\u00e9l\u00e8bres \u00absalutations\u00bb. Elle sera marqu\u00e9e par la sublime cohabitation de DJs \u00e9lectros aux sonorit\u00e9s organiques et de l\u2019acoustique des musiques du monde. Le 3\u00e8me jour du festival sera consacr\u00e9 \u00e0 la grande Master-conf\u00e9rence du festival. Elle invite \u00e0 penser le d\u00e9veloppement de l\u2019Afrique \u00e0 travers le yoga et les arts.<\/span><\/p>\n<p class=\"p1\"><span class=\"s1\">Ainsi, elle propose un sublime mix du yoga et de la musique indienne. Le samedi 22 juin, les festivaliers auront l\u2019occasion de ressentir la terre au rythme des tam-tam et de la c\u00e9r\u00e9monie du feu ainsi de vivre un voyage \u00e0 travers le temps et la grande histoire de l\u2019humanit\u00e9. Enfin, une master class charg\u00e9e de douceur et de po\u00e9sie viendra clore le festival. Sur les sonorit\u00e9s relaxantes des gongs et des hang drums, et \u00e0 travers une pratique de yoga calme et m\u00e9ditatif, les festivaliers (re)-d\u00e9couvriront quelques-uns des po\u00e8mes issus de l\u2019Afrique et du monde arabe. Par ailleurs, une programmation yoga in\u00e9dite signera l\u2019ouverture du festival \u00e0 l\u2019occasion de la journ\u00e9e internationale du yoga c\u00e9l\u00e9br\u00e9e le 21 juin.<\/span><\/p>\n<p class=\"p1\"><span class=\"s1\">Dans ce cadre, le studio Om Yoga Marrakech ouvrira ses portes autour d\u2019une programmation sp\u00e9ciale permettant aux yogis de d\u00e9couvrir les nouvelles tendances en mati\u00e8re de yoga. Le festival propose \u00e9galement dans le cadre de son partenariat avec le Mus\u00e9e d\u2019art contemporain (MACAA) une exposition d\u2019art pr\u00e9sentant les \u0153uvres d\u2019artistes africains engag\u00e9s dans le d\u00e9veloppement social de leur continent.<span class=\"Apple-converted-space\">\u00a0<\/span> Le festival verra enfin la cr\u00e9ation d\u2019une \u0153uvre live r\u00e9alis\u00e9e par les artistes africains en r\u00e9sidence au MACAAL et ralli\u00e9s \u00e0 la cause Epic.<\/span><\/p>\n<p>Auteur: ALM<br \/>\n<a href=\"http:\/\/aujourdhui.ma\/culture\/epic-yoga-festival-rend-hommage-a-la-culture-artistique-marocaine\">Cliquez ici pour lire l&rsquo;article depuis sa source.<\/a><\/p>\n","protected":false},"excerpt":{"rendered":"<p>Yoga Fusion, master class et concerts-spectacles au programme Des acteurs du monde du yoga, des penseurs, des musiciens et des artistes seront r\u00e9unis dans la ville ocre \u00e0 l\u2019occasion d\u2019Epic Yoga festival, pr\u00e9vu du 21 au 23 juin. C\u2019est une manifestation organis\u00e9e conjointement par les studios Om Yoga (Maroc) et la plate-forme internationale Bookingyoga.com. Elle [&hellip;]<\/p>\n","protected":false},"author":1759,"featured_media":0,"comment_status":"closed","ping_status":"closed","sticky":false,"template":"","format":"standard","meta":{"fifu_image_url":"","fifu_image_alt":"","footnotes":""},"categories":[73,54],"tags":[],"class_list":["post-40860","post","type-post","status-publish","format-standard","hentry","category-actualite","category-maroc"],"_links":{"self":[{"href":"https:\/\/linitiative.ca\/International\/wp-json\/wp\/v2\/posts\/40860","targetHints":{"allow":["GET"]}}],"collection":[{"href":"https:\/\/linitiative.ca\/International\/wp-json\/wp\/v2\/posts"}],"about":[{"href":"https:\/\/linitiative.ca\/International\/wp-json\/wp\/v2\/types\/post"}],"author":[{"embeddable":true,"href":"https:\/\/linitiative.ca\/International\/wp-json\/wp\/v2\/users\/1759"}],"replies":[{"embeddable":true,"href":"https:\/\/linitiative.ca\/International\/wp-json\/wp\/v2\/comments?post=40860"}],"version-history":[{"count":0,"href":"https:\/\/linitiative.ca\/International\/wp-json\/wp\/v2\/posts\/40860\/revisions"}],"wp:attachment":[{"href":"https:\/\/linitiative.ca\/International\/wp-json\/wp\/v2\/media?parent=40860"}],"wp:term":[{"taxonomy":"category","embeddable":true,"href":"https:\/\/linitiative.ca\/International\/wp-json\/wp\/v2\/categories?post=40860"},{"taxonomy":"post_tag","embeddable":true,"href":"https:\/\/linitiative.ca\/International\/wp-json\/wp\/v2\/tags?post=40860"}],"curies":[{"name":"wp","href":"https:\/\/api.w.org\/{rel}","templated":true}]}}