{"id":40862,"date":"2019-06-16T04:14:34","date_gmt":"2019-06-16T08:14:34","guid":{"rendered":"https:\/\/linitiative.ca\/International\/lancrage-regional-dal-omrane-renforce\/"},"modified":"2019-06-16T04:14:34","modified_gmt":"2019-06-16T08:14:34","slug":"lancrage-regional-dal-omrane-renforce","status":"publish","type":"post","link":"https:\/\/linitiative.ca\/International\/lancrage-regional-dal-omrane-renforce\/","title":{"rendered":"L\u2019ancrage r\u00e9gional d\u2019Al Omrane renforc\u00e9"},"content":{"rendered":"<header>\n<div class=\"entry-post-meta\">\n<p>Date\u00a0:<time content=\"2019-06-16T09:14:34+00:00\" class=\"entry-date updated\" datetime=\"2019-06-16T09:14:34+00:00\">juin 16, 2019<\/time><\/p>\n<p>1Vues<\/p>\n<\/div>\n<\/header>\n<div class=\"entry-content clearfix\" readability=\"64\"><img decoding=\"async\" class=\"post_layout_5_img\" src=\"http:\/\/aujourdhui.ma\/wp-content\/uploads\/2017\/05\/Al-Omrane.jpg?x29840\" alt=\"L\u2019ancrage r\u00e9gional d\u2019Al Omrane renforc\u00e9\"\/><\/p>\n<p><span class=\"c4\"><strong>Un nouvel ensemble de logements sociaux \u00e0 Agadir<\/strong><\/span><\/p>\n<p>Al Omrane a entam\u00e9 depuis le d\u00e9but d\u2019ann\u00e9e la phase de conception architecturale de son projet immobilier \u00abJawharat Adrar\u00bb.R\u00e9alis\u00e9 \u00e0 Souss-Massa, ce projet se veut un ensemble immobilier de logements sociaux et d\u2019habitations promotionnelles situ\u00e9 dans la commune territoriale d\u2019Agadir. C\u2019est dans ce sens qu\u2019un concours architectural a \u00e9t\u00e9 lanc\u00e9 par l\u2019op\u00e9rateur immobilier. L\u2019objectif \u00e9tant entre autres de tenir compte de l\u2019ad\u00e9quation: espaces, usagers, fonctions et d\u2019optimiser la r\u00e9alisation du projet en mati\u00e8re de co\u00fbt et de foncier tout en r\u00e9pondant \u00e0 une typologie de logements adapt\u00e9s aux besoins de la client\u00e8le marocaine. Le budget pr\u00e9visionnel maximum de ce projet est fix\u00e9 \u00e0 26,7 millions de dirhams hors taxe. Ce projet est \u00e9tal\u00e9 sur une superficie totale de 3.854 m\u00e8tres carr\u00e9s et comprend pour l\u2019essentiel 11 lots dont la superficie va de 320 jusqu\u2019\u00e0 507 m\u00e8tres carr\u00e9s.<\/p>\n<p>\u00abJawharat Adrar\u00bb consiste en la construction d\u2019un ensemble d\u2019immeubles de logements sociaux en R+3 et d\u2019un ensemble d\u2019habitations promotionnelles en R+3. Dans le d\u00e9tail, les logements seront compos\u00e9s de 70% de logements sociaux en F3 et de 30% de logements promotionnels en F4. En termes de dimensions, Al Omrane Souss Massa sous-entend par habitations promotionnelles des logements dont la largeur minimale de toute pi\u00e8ce habitable ne doit pas \u00eatre inf\u00e9rieure \u00e0 3 m\u00e8tres disposant d\u2019un salon d\u2019une superficie minimum de 14 m\u00e8tres carr\u00e9s et d\u2019une chambre \u00e0 coucher de superficie minimale de 12 m\u00e8tres carr\u00e9s. Pour le reste des pi\u00e8ces, elles auront une superficie minimale de 9 m\u00e8tres carr\u00e9s ind\u00e9pendamment de la surface des placards qui doivent \u00eatre pr\u00e9vus pour toutes les chambres \u00e0 coucher. La cuisine doit avoir une superficie minimale de 7 m\u00b2 et une buanderie de surface minimale de 1,50 m\u00e8tre carr\u00e9 sachant qu\u2019aucune dimension de la cuisine ne doit \u00eatre inf\u00e9rieure \u00e0 1,80 m\u00e8tre carr\u00e9. Le total de la surface cessible pour les appartements promotionnels est de 75 m\u00e8tres carr\u00e9s avec balcon.<\/p>\n<div class=\"base-box mom_box_sc_custom mom_box_sc clear c5\" readability=\"13\">\n<p class=\"p1\"><strong><span class=\"s1\">Une enqu\u00eate de satisfaction au Souss-Massa<\/span><\/strong><\/p>\n<p class=\"p1\"><span class=\"s1\">Au niveau du Souss-Massa, la soci\u00e9t\u00e9 Al Omrane se penche actuellement sur la r\u00e9alisation d\u2019une enqu\u00eate de satisfaction client au niveau de l\u2019ensemble de ses agences commerciales. Ce sondage permettra d\u2019obtenir un retour fiable du niveau de satisfaction des clients des diff\u00e9rents projets r\u00e9alis\u00e9s. L\u2019occasion \u00e9tant \u00e9galement d\u2019\u00e9valuer l\u2019\u00e9cart entre les niveaux de services rendus et les attentes des clients. Al Omrane ciblera donc un \u00e9chantillon de 800 clients dont les Marocains du monde. L\u2019enqu\u00eate servira de diagnostic de l\u2019ensemble des composantes d\u00e9faillantes au niveau des prestations de la soci\u00e9t\u00e9. Elle permettra par ailleurs de hi\u00e9rarchiser les crit\u00e8res d\u2019\u00e9valuation de la satisfaction selon l\u2019importance qui leur est accord\u00e9e par les clients et selon leur contribution \u00e0 la satisfaction globale. Ce sondage permettra en outre d\u2019identifier les exigences vis-\u00e0-vis de la soci\u00e9t\u00e9 en mettant en exergue ce qui est prioritaire pour les clients.<\/span><\/p>\n<\/div>\n<p class=\"p1\"><strong><span class=\"s1\">Du foncier mobilis\u00e9 pour la Zone industrielle de Sidi Bernoussi<\/span><\/strong><\/p>\n<p class=\"p1\">Al Omrane renforce son ancrage r\u00e9gional et accompagne le d\u00e9veloppement local. Pas plus tard qu\u2019avril dernier le Groupe a scell\u00e9 une convention avec le conseil de la r\u00e9gion de Casablanca-Settat pour la cession d\u2019une dizaine d\u2019hectares au niveau de la zone industrielle Ahl Loghlam \u00e0 Sidi Bernoussi. Cette zone destin\u00e9e \u00e0 la F\u00e9d\u00e9ration des industries du cuir (FEDIC) accueillerait 93 lots d\u2019une superficie moyenne de 670 m\u00e8tres carr\u00e9s. Il est \u00e0 noter qu\u2019Al Omrane a mobilis\u00e9 un foncier pour un co\u00fbt de 80 millions de dirhams avec une contribution du holding \u00e0 hauteur de 25 millions de dirhams. Cette zone industrielle fait partie de l\u2019op\u00e9ration \u00abSalam II\u00bb qui a \u00e9t\u00e9 am\u00e9nag\u00e9e<span class=\"Apple-converted-space\">\u00a0<\/span> sur un espace d\u2019environ 70 hectares. Ladite op\u00e9ration a permis le recasement de deux bidonvilles de Casablanca, \u00e0 savoir \u00abSkouilla\u00bb et \u00abThomas\u00bb comprenant 3.882 m\u00e9nages. De m\u00eame, celle-ci a \u00e9t\u00e9 accompagn\u00e9e par la r\u00e9alisation de 27 \u00e9quipements publics.<\/p>\n<\/div>\n<p>Auteur: Kawtar Tali<br \/>\n<a href=\"http:\/\/aujourdhui.ma\/economie\/immobilier\/lancrage-regional-dal-omrane-renforce\">Cliquez ici pour lire l&rsquo;article depuis sa source.<\/a><\/p>\n","protected":false},"excerpt":{"rendered":"<p>Date\u00a0:juin 16, 2019 1Vues Un nouvel ensemble de logements sociaux \u00e0 Agadir Al Omrane a entam\u00e9 depuis le d\u00e9but d\u2019ann\u00e9e la phase de conception architecturale de son projet immobilier \u00abJawharat Adrar\u00bb.R\u00e9alis\u00e9 \u00e0 Souss-Massa, ce projet se veut un ensemble immobilier de logements sociaux et d\u2019habitations promotionnelles situ\u00e9 dans la commune territoriale d\u2019Agadir. C\u2019est dans ce [&hellip;]<\/p>\n","protected":false},"author":1759,"featured_media":0,"comment_status":"closed","ping_status":"closed","sticky":false,"template":"","format":"standard","meta":{"fifu_image_url":"","fifu_image_alt":"","footnotes":""},"categories":[73,54],"tags":[],"class_list":["post-40862","post","type-post","status-publish","format-standard","hentry","category-actualite","category-maroc"],"_links":{"self":[{"href":"https:\/\/linitiative.ca\/International\/wp-json\/wp\/v2\/posts\/40862","targetHints":{"allow":["GET"]}}],"collection":[{"href":"https:\/\/linitiative.ca\/International\/wp-json\/wp\/v2\/posts"}],"about":[{"href":"https:\/\/linitiative.ca\/International\/wp-json\/wp\/v2\/types\/post"}],"author":[{"embeddable":true,"href":"https:\/\/linitiative.ca\/International\/wp-json\/wp\/v2\/users\/1759"}],"replies":[{"embeddable":true,"href":"https:\/\/linitiative.ca\/International\/wp-json\/wp\/v2\/comments?post=40862"}],"version-history":[{"count":0,"href":"https:\/\/linitiative.ca\/International\/wp-json\/wp\/v2\/posts\/40862\/revisions"}],"wp:attachment":[{"href":"https:\/\/linitiative.ca\/International\/wp-json\/wp\/v2\/media?parent=40862"}],"wp:term":[{"taxonomy":"category","embeddable":true,"href":"https:\/\/linitiative.ca\/International\/wp-json\/wp\/v2\/categories?post=40862"},{"taxonomy":"post_tag","embeddable":true,"href":"https:\/\/linitiative.ca\/International\/wp-json\/wp\/v2\/tags?post=40862"}],"curies":[{"name":"wp","href":"https:\/\/api.w.org\/{rel}","templated":true}]}}