{"id":40864,"date":"2019-06-16T04:37:12","date_gmt":"2019-06-16T08:37:12","guid":{"rendered":"https:\/\/linitiative.ca\/International\/interview-avec-mohamed-tisqi-directeur-du-pole-marketing-et-reseau-commercial-du-groupe-al-omrane\/"},"modified":"2019-06-16T04:37:12","modified_gmt":"2019-06-16T08:37:12","slug":"interview-avec-mohamed-tisqi-directeur-du-pole-marketing-et-reseau-commercial-du-groupe-al-omrane","status":"publish","type":"post","link":"https:\/\/linitiative.ca\/International\/interview-avec-mohamed-tisqi-directeur-du-pole-marketing-et-reseau-commercial-du-groupe-al-omrane\/","title":{"rendered":"Interview avec Mohamed Tisqi, directeur du P\u00f4le Marketing et R\u00e9seau commercial du Groupe Al Omrane"},"content":{"rendered":"<header>\n<\/header>\n<div class=\"entry-content clearfix\" readability=\"37\">\n<p><iframe loading=\"lazy\" width=\"536\" height=\"323\" src=\"\/\/www.youtube.com\/embed\/KPOsvnVQKG8?\" frameborder=\"0\" allowfullscreen=\"\">[embedded content]<\/iframe><\/p>\n<p><span class=\"c4\"><strong>Al Omrane, partenaire strat\u00e9gique du SMAP, ne cesse de renforcer son offre destin\u00e9e aux MRE et leur d\u00e9di\u00e9 toute une approche ax\u00e9e sur l\u2019accompagnement et le conseil.<\/strong><\/span><span id=\"more-313010\"\/><\/p>\n<p>Le directeur du P\u00f4le Marketing et R\u00e9seau commercial du Groupe nous d\u00e9taille cette vision<\/p>\n<\/div>\n<p>Auteur: Kawtar Tali<br \/>\n<a href=\"http:\/\/aujourdhui.ma\/videos\/interview-avec-mohamed-tisqi-directeur-du-pole-marketing-et-reseau-commercial-du-groupe-al-omrane\">Cliquez ici pour lire l&rsquo;article depuis sa source.<\/a><\/p>\n","protected":false},"excerpt":{"rendered":"<p>[embedded content] Al Omrane, partenaire strat\u00e9gique du SMAP, ne cesse de renforcer son offre destin\u00e9e aux MRE et leur d\u00e9di\u00e9 toute une approche ax\u00e9e sur l\u2019accompagnement et le conseil. Le directeur du P\u00f4le Marketing et R\u00e9seau commercial du Groupe nous d\u00e9taille cette vision Auteur: Kawtar Tali Cliquez ici pour lire l&rsquo;article depuis sa source.<\/p>\n","protected":false},"author":1759,"featured_media":0,"comment_status":"closed","ping_status":"closed","sticky":false,"template":"","format":"standard","meta":{"fifu_image_url":"","fifu_image_alt":"","footnotes":""},"categories":[73,54],"tags":[],"class_list":["post-40864","post","type-post","status-publish","format-standard","hentry","category-actualite","category-maroc"],"_links":{"self":[{"href":"https:\/\/linitiative.ca\/International\/wp-json\/wp\/v2\/posts\/40864","targetHints":{"allow":["GET"]}}],"collection":[{"href":"https:\/\/linitiative.ca\/International\/wp-json\/wp\/v2\/posts"}],"about":[{"href":"https:\/\/linitiative.ca\/International\/wp-json\/wp\/v2\/types\/post"}],"author":[{"embeddable":true,"href":"https:\/\/linitiative.ca\/International\/wp-json\/wp\/v2\/users\/1759"}],"replies":[{"embeddable":true,"href":"https:\/\/linitiative.ca\/International\/wp-json\/wp\/v2\/comments?post=40864"}],"version-history":[{"count":0,"href":"https:\/\/linitiative.ca\/International\/wp-json\/wp\/v2\/posts\/40864\/revisions"}],"wp:attachment":[{"href":"https:\/\/linitiative.ca\/International\/wp-json\/wp\/v2\/media?parent=40864"}],"wp:term":[{"taxonomy":"category","embeddable":true,"href":"https:\/\/linitiative.ca\/International\/wp-json\/wp\/v2\/categories?post=40864"},{"taxonomy":"post_tag","embeddable":true,"href":"https:\/\/linitiative.ca\/International\/wp-json\/wp\/v2\/tags?post=40864"}],"curies":[{"name":"wp","href":"https:\/\/api.w.org\/{rel}","templated":true}]}}