{"id":40867,"date":"2019-06-16T05:47:36","date_gmt":"2019-06-16T09:47:36","guid":{"rendered":"https:\/\/linitiative.ca\/International\/importantes-manifestations-a-hong-kong\/"},"modified":"2019-06-16T05:47:36","modified_gmt":"2019-06-16T09:47:36","slug":"importantes-manifestations-a-hong-kong","status":"publish","type":"post","link":"https:\/\/linitiative.ca\/International\/importantes-manifestations-a-hong-kong\/","title":{"rendered":"Importantes manifestations \u00e0 Hong Kong\u2026"},"content":{"rendered":"<p class=\"c4\"><span class=\"c3\"><strong><span class=\"c2\">J<\/span>amais, depuis sa r\u00e9trocession \u00e0 la Chine le 1er Juillet 1997, Hong Kong n\u2019a connu des heures aussi sombres que celles qu\u2019elle a v\u00e9cu, ce mercredi, quand la police est intervenue en faisant usage de balles en caoutchouc et de bombes lacrymog\u00e8nes pour disperser les dizaines de milliers de manifestants descendus dans la rue d\u00e9noncer un projet de loi gouvernemental devant permettre des extraditions vers toutes les juridictions m\u00eame quand aucun accord bilat\u00e9ral n\u2019existe y compris vers la Chine continentale.<\/strong><\/span><\/p>\n<p class=\"c4\">L\u2019accord de r\u00e9trocession stipule express\u00e9ment que Hong Kong doit jouir, jusqu\u2019en 2047, d\u2019une semi-autonomie n\u2019existant pas en Chine continentale. Mais au vu de l\u2019ing\u00e9rence grandissante de P\u00e9kin, l\u2019ex-colonie britannique, qui abrite 7 millions d\u2019\u00e2mes, a \u00e9t\u00e9 le th\u00e9\u00e2tre, ce dimanche, du plus important rassemblement depuis son retour dans le giron chinois puisque les manifestants y \u00e9taient estim\u00e9s \u00e0 pr\u00e8s d\u2019un million de personnes.<\/p>\n<p class=\"c4\">Bien que, selon les autorit\u00e9s, ce projet de loi ne soit destin\u00e9 qu\u2019\u00e0 combler le vide juridique qui aurait fait de Hong Kong un \u00abasile pour certains criminels\u00bb et ne concernerait, en aucune mani\u00e8re, les opposants \u00e0 la politique men\u00e9e par P\u00e9kin, les Hongkongais estiment que, compte-tenu de l\u2019opacit\u00e9 de la justice chinoise, cette r\u00e9forme va immanquablement nuire \u00e0 l\u2019image internationale et \u00e0 l\u2019attractivit\u00e9 du territoire.<\/p>\n<p class=\"c4\">Excluant de retirer le texte incrimin\u00e9 dont le vote final \u00e9tait pr\u00e9vu pour le 20 juin, Carrie Lam, la cheffe de l\u2019ex\u00e9cutif local, a accept\u00e9, toutefois, au vu de l\u2019ampleur de la d\u00e9nonciation, d\u2019en reporter les d\u00e9bats \u00e0 une date ult\u00e9rieure tout en d\u00e9plorant des \u00ab\u00e9meutes organis\u00e9es (\u2026) inacceptables pour toute soci\u00e9t\u00e9 civilis\u00e9e\u00bb et en mettant en garde l\u2019opposition contre \u00abtoute action radicale\u00bb.<\/p>\n<p class=\"c4\">Aussi, en solidarit\u00e9 avec les opposants au projet de loi, une centaine d\u2019entreprises et de commerces ont baiss\u00e9 leurs rideaux et les principaux syndicats d\u2019\u00e9tudiants ont appel\u00e9 au boycottage des cours. Cette mobilisation spectaculaire et les heurts qui s\u2019en sont suivis aux abords du Parlement o\u00f9 le texte devait \u00eatre d\u00e9battu, en seconde lecture, se\u00a0 seraient sold\u00e9s par pr\u00e8s de 70 bless\u00e9s d\u2019apr\u00e8s RTHK, un m\u00e9dia local.<\/p>\n<p class=\"c4\">Ce texte ayant suscit\u00e9, \u00e9galement, de vives critiques, \u00e0 l\u2019\u00e9tranger, Jeremy Hunt, le ministre britannique des Affaires \u00e9trang\u00e8res, a exhort\u00e9, ce mercredi, les dirigeants de Hong Kong \u00e0 \u00ab\u00e9couter les inqui\u00e9tudes\u00bb de leurs concitoyens alors que, pour Amnesty International, la police aurait \u00abprofit\u00e9 des actes violents d\u2019une petite minorit\u00e9 pour en tirer pr\u00e9textes et recourir \u00e0 un usage excessif de la force contre la vaste majorit\u00e9 des manifestants pacifiques\u00bb.<\/p>\n<p class=\"c4\">Enfin, pour l\u2019analyste Dixon Sing, \u00able peuple de Hong Kong (qui) croit, de plus en plus, que le gouvernement est constitu\u00e9 de marionnettes servant les int\u00e9r\u00eats de P\u00e9kin, voit \u00e7a comme sa derni\u00e8re bataille\u00bb.<\/p>\n<p class=\"c4\">Il semble donc que, pour les Hongkongais, la semi-autonomie pr\u00e9vue par l\u2019acte portant r\u00e9trocession du territoire \u00e0 la Chine et qui devrait s\u2019\u00e9taler jusqu\u2019en 1947 ne soit plus qu\u2019une chim\u00e8re. Alors, attendons pour voir\u2026<\/p>\n<p class=\"c5\"><strong>Nabil El Bousaadi<\/strong><\/p>\n<p>Auteur: rahal mehamed<br \/>\n<a href=\"http:\/\/albayane.press.ma\/importantes-manifestations-a-hong-kong.html\">Cliquez ici pour lire l&rsquo;article depuis sa source.<\/a><\/p>\n","protected":false},"excerpt":{"rendered":"<p>Jamais, depuis sa r\u00e9trocession \u00e0 la Chine le 1er Juillet 1997, Hong Kong n\u2019a connu des heures aussi sombres que celles qu\u2019elle a v\u00e9cu, ce mercredi, quand la police est intervenue en faisant usage de balles en caoutchouc et de bombes lacrymog\u00e8nes pour disperser les dizaines de milliers de manifestants descendus dans la rue d\u00e9noncer [&hellip;]<\/p>\n","protected":false},"author":1760,"featured_media":0,"comment_status":"closed","ping_status":"closed","sticky":false,"template":"","format":"standard","meta":{"fifu_image_url":"","fifu_image_alt":"","footnotes":""},"categories":[73,54],"tags":[],"class_list":["post-40867","post","type-post","status-publish","format-standard","hentry","category-actualite","category-maroc"],"_links":{"self":[{"href":"https:\/\/linitiative.ca\/International\/wp-json\/wp\/v2\/posts\/40867","targetHints":{"allow":["GET"]}}],"collection":[{"href":"https:\/\/linitiative.ca\/International\/wp-json\/wp\/v2\/posts"}],"about":[{"href":"https:\/\/linitiative.ca\/International\/wp-json\/wp\/v2\/types\/post"}],"author":[{"embeddable":true,"href":"https:\/\/linitiative.ca\/International\/wp-json\/wp\/v2\/users\/1760"}],"replies":[{"embeddable":true,"href":"https:\/\/linitiative.ca\/International\/wp-json\/wp\/v2\/comments?post=40867"}],"version-history":[{"count":0,"href":"https:\/\/linitiative.ca\/International\/wp-json\/wp\/v2\/posts\/40867\/revisions"}],"wp:attachment":[{"href":"https:\/\/linitiative.ca\/International\/wp-json\/wp\/v2\/media?parent=40867"}],"wp:term":[{"taxonomy":"category","embeddable":true,"href":"https:\/\/linitiative.ca\/International\/wp-json\/wp\/v2\/categories?post=40867"},{"taxonomy":"post_tag","embeddable":true,"href":"https:\/\/linitiative.ca\/International\/wp-json\/wp\/v2\/tags?post=40867"}],"curies":[{"name":"wp","href":"https:\/\/api.w.org\/{rel}","templated":true}]}}