{"id":40870,"date":"2019-06-16T06:37:07","date_gmt":"2019-06-16T10:37:07","guid":{"rendered":"https:\/\/linitiative.ca\/International\/nous-avons-satisfait-14-des-16-revendications-des-etudiants\/"},"modified":"2019-06-16T06:37:07","modified_gmt":"2019-06-16T10:37:07","slug":"nous-avons-satisfait-14-des-16-revendications-des-etudiants","status":"publish","type":"post","link":"https:\/\/linitiative.ca\/International\/nous-avons-satisfait-14-des-16-revendications-des-etudiants\/","title":{"rendered":"\u00abNous avons satisfait 14 des 16 revendications des \u00e9tudiants\u00bb"},"content":{"rendered":"<p class=\"c4\"><span class=\"c3\"><strong><span class=\"c2\">L<\/span>e minist\u00e8re de la sant\u00e9 a accept\u00e9 de satisfaire 14 des 16 revendications des \u00e9tudiants en m\u00e9decine, a affirm\u00e9 le ministre de la sant\u00e9, Anas Doukkali, appelant ces derniers \u00e0 retourner aux amphis pour passer les examens et le concours de r\u00e9sidanat.<\/strong><\/span><\/p>\n<p class=\"c4\">\u00abJe me suis engag\u00e9 \u00e0 augmenter les postes de r\u00e9sidanat. Nous sommes pass\u00e9s de 197 postes en 2017 \u00e0 700 aujourd\u2019hui\u00bb, a expliqu\u00e9 le ministre dans un entretien accord\u00e9 \u00e0 l\u2019hebdomadaire \u00abMaroc Hebdo\u00bb paru vendredi, en r\u00e9ponse \u00e0 une question sur les revendications des \u00e9tudiants en m\u00e9decine.<\/p>\n<p class=\"c4\">\u00abTous ces sp\u00e9cialistes vont alimenter das 3 ou 4 ans les h\u00f4pitaux publics, les centres de diagnostic et les urgences. Nous devons tripler le nombre de m\u00e9decins\u00bb, a-t-il pr\u00e9cis\u00e9.<\/p>\n<p class=\"c4\">Les revendications des \u00e9tudiants de m\u00e9decine sont \u00ab\u00e0 caract\u00e8re p\u00e9dagogique et \u00e0 caract\u00e8re mat\u00e9riel\u00bb, a constat\u00e9 M. Doukkali, notant qu\u2019il y en a d\u2019autres qui \u00abse r\u00e9f\u00e8rent au choix des politiques publiques puisque les \u00e9tudiants disent un +Non\u00bb cat\u00e9gorique+ au priv\u00e9 et \u00e0 la privatisation\u00bb. Il a assur\u00e9, \u00e0 cet effet, qu\u00bb\u00abil n\u2019y a aucune volont\u00e9 du gouvernement ou du d\u00e9partement de la Sant\u00e9 de privatiser le secteur de la Sant\u00e9\u00bb.<\/p>\n<p class=\"c4\">\u00abAu contraire, nous avons aujourd\u2019hui 8 CHU, 3 en cours de construction, \u00e0 Agadir, Tanger et Laayoune, pour un budget global de 5,8 milliards de dirhams\u00bb, a pr\u00e9cis\u00e9 le ministre. Par ailleurs, le ministre a affirm\u00e9 que la capacit\u00e9 liti\u00e8re sera renforc\u00e9e \u00e0 l\u2019horizon 2021 par 6.000 nouveaux lits, ajoutant que tout cela a mobilis\u00e9 un investissement de 16 milliards de dirhams dans le secteur public.<\/p>\n<p class=\"c4\">\u00abAussi nous allons passer \u00e0 une autre g\u00e9n\u00e9ration de CHU de telle sorte que chaque r\u00e9gion puisse disposer de son CHU. Et \u00e0 proximit\u00e9 de chaque CHU, il faut absolument qu\u2019il y ait une facult\u00e9 de m\u00e9decine. Ces chantiers son en cours\u00bb, a-t-il soutenu. \u00abCeci dit, a-t-il signal\u00e9, il y a quelques ann\u00e9es de cela, la politique en mati\u00e8re d\u2019enseignement sup\u00e9rieur avait ouvert la voie aux fonds priv\u00e9s, particuli\u00e8rement dans les \u00e9tudes m\u00e9dicales, \u00e0 des fondations et \u00e0 des institutions \u00e0 but non lucratif afin d\u2019accompagner l\u2019effort de l\u2019Etat en mati\u00e8re d\u2019offre de soins de sant\u00e9 et de formation m\u00e9dicale\u00bb.<\/p>\n<p class=\"c4\">\u00abLe choix d\u2019impliquer le priv\u00e9 est, pour ainsi dire, irr\u00e9versible, car nous avons un d\u00e9ficit \u00e9norme en termes de personnel de sant\u00e9\u00bb, a assur\u00e9 le ministre.<\/p>\n<p class=\"c4\">Abordant la situation dans les h\u00f4pitaux, le ministre a soulign\u00e9 que \u00abl\u2019offre de sant\u00e9 n\u2019est pas parfaite, mais elle n\u2019est pas aussi catastrophique qu\u2019on la d\u00e9crit\u00bb, exprimant sa confiance apr\u00e8s le \u00abdiscours royal sur la refonte du syst\u00e8me de sant\u00e9.\u00bb<\/p>\n<p class=\"c4\">\u00abNous devons changer de paradigme dans la gouvernance de nos h\u00f4pitaux et revoir le partenariat public-priv\u00e9\u00bb, a-t-il assur\u00e9, annon\u00e7ant que le minist\u00e8re \u00abse pr\u00e9pare \u00e0 lancer une campagne anti-corruption\u00bb.<\/p>\n<p>Auteur: rahal mehamed<br \/>\n<a href=\"http:\/\/albayane.press.ma\/nous-avons-satisfait-14-des-16-revendications-des-etudiants.html\">Cliquez ici pour lire l&rsquo;article depuis sa source.<\/a><\/p>\n","protected":false},"excerpt":{"rendered":"<p>Le minist\u00e8re de la sant\u00e9 a accept\u00e9 de satisfaire 14 des 16 revendications des \u00e9tudiants en m\u00e9decine, a affirm\u00e9 le ministre de la sant\u00e9, Anas Doukkali, appelant ces derniers \u00e0 retourner aux amphis pour passer les examens et le concours de r\u00e9sidanat. \u00abJe me suis engag\u00e9 \u00e0 augmenter les postes de r\u00e9sidanat. Nous sommes pass\u00e9s [&hellip;]<\/p>\n","protected":false},"author":1760,"featured_media":0,"comment_status":"closed","ping_status":"closed","sticky":false,"template":"","format":"standard","meta":{"fifu_image_url":"","fifu_image_alt":"","footnotes":""},"categories":[73,54],"tags":[],"class_list":["post-40870","post","type-post","status-publish","format-standard","hentry","category-actualite","category-maroc"],"_links":{"self":[{"href":"https:\/\/linitiative.ca\/International\/wp-json\/wp\/v2\/posts\/40870","targetHints":{"allow":["GET"]}}],"collection":[{"href":"https:\/\/linitiative.ca\/International\/wp-json\/wp\/v2\/posts"}],"about":[{"href":"https:\/\/linitiative.ca\/International\/wp-json\/wp\/v2\/types\/post"}],"author":[{"embeddable":true,"href":"https:\/\/linitiative.ca\/International\/wp-json\/wp\/v2\/users\/1760"}],"replies":[{"embeddable":true,"href":"https:\/\/linitiative.ca\/International\/wp-json\/wp\/v2\/comments?post=40870"}],"version-history":[{"count":0,"href":"https:\/\/linitiative.ca\/International\/wp-json\/wp\/v2\/posts\/40870\/revisions"}],"wp:attachment":[{"href":"https:\/\/linitiative.ca\/International\/wp-json\/wp\/v2\/media?parent=40870"}],"wp:term":[{"taxonomy":"category","embeddable":true,"href":"https:\/\/linitiative.ca\/International\/wp-json\/wp\/v2\/categories?post=40870"},{"taxonomy":"post_tag","embeddable":true,"href":"https:\/\/linitiative.ca\/International\/wp-json\/wp\/v2\/tags?post=40870"}],"curies":[{"name":"wp","href":"https:\/\/api.w.org\/{rel}","templated":true}]}}