{"id":40871,"date":"2019-06-15T16:51:29","date_gmt":"2019-06-15T20:51:29","guid":{"rendered":"https:\/\/linitiative.ca\/International\/leurope-a-la-mode-tunisienne-renovation-en-vue-du-musee-de-carthage-et-de-la-colonne-de-byrsa\/"},"modified":"2019-06-15T16:51:29","modified_gmt":"2019-06-15T20:51:29","slug":"leurope-a-la-mode-tunisienne-renovation-en-vue-du-musee-de-carthage-et-de-la-colonne-de-byrsa","status":"publish","type":"post","link":"https:\/\/linitiative.ca\/International\/leurope-a-la-mode-tunisienne-renovation-en-vue-du-musee-de-carthage-et-de-la-colonne-de-byrsa\/","title":{"rendered":"\u00ab L\u2019Europe \u00e0 la mode Tunisienne \u00bb :  R\u00e9novation en vue du mus\u00e9e de Carthage et de la colonne de Byrsa"},"content":{"rendered":"<p>Depuis les Thermes d\u2019Antonin de Carthage ayant accueilli hier soir la soir\u00e9e diplomatique \u00ab L\u2019Europe \u00e0 la mode Tunisienne \u00bb, l\u2019ambassadeur de l\u2019Union Europ\u00e9enne en Tunisie Patrice Bergamini a annonc\u00e9 le d\u00e9marrage, bient\u00f4t, avec le soutien de certains Etats membres dont la France, des travaux de r\u00e9novation du mus\u00e9e de Carthage et du site de la Colline de Byrsa. Des discussions sont \u00e9galement en cours pour la cr\u00e9ation d\u2019un centre d\u2019art contemporain d\u00e9di\u00e9 aux jeunes cr\u00e9ateurs tunisiens, a-t-il ajout\u00e9.<\/p>\n<p>Il a d\u00e9clar\u00e9 qu\u2019en ce qui concerne l\u2019engagement manifest\u00e9 depuis l\u2019ann\u00e9e derni\u00e8re pour la r\u00e9novation du mus\u00e9e de Carthage et de l\u2019ensemble du site de la colline de Byrsa, l\u2019Europe accordera une dizaine de millions d\u2019euros pour mettre en valeur tout cet h\u00e9ritage tunisien qui fait partie d\u2019un riche patrimoine m\u00e9diterran\u00e9en et du patrimoine arch\u00e9ologique et historique mondial.<\/p>\n<p>Dans cette m\u00eame logique de valorisation de la culture et du patrimoine tunisiens, il a fait part des discussions entam\u00e9es \u00e0 propos des formes juridiques et des engagements financiers pour la cr\u00e9ation, avec le soutien de la Municipalit\u00e9 de Tunis et des partenaires priv\u00e9s \u00e0 savoir la Fondation Kamel Lazar (FKL), d\u2019un centre d\u2019art contemporain aux abattoirs de Tunis. Ce centre sera destin\u00e9 aux jeunes cr\u00e9ateurs et cr\u00e9atrices pour mettre en valeur le savoir-faire tunisien afin que le monde entier puisse voir de visu toute cette effervescence cr\u00e9ative en Tunisie.<\/p>\n<p>Le choix du lieu de la c\u00e9l\u00e9bration cette ann\u00e9e de la semaine de l\u2019Europe, s\u2019est port\u00e9 sur les Thermes d\u2019Antonin n\u2019est pas fortuit, a-t-il pr\u00e9cis\u00e9. Et d\u2019ajouter \u00ab Mettre la culture \u00e0 l\u2019honneur ce soir, c\u2019est mettre en valeur tout un patrimoine vivant\u2026la culture c\u2019est aussi ce lien entre tradition et modernit\u00e9, c\u2019est le patrimoine, c\u2019est l\u2019artisanat et la mode \u00e0 la fois \u00bb.<\/p>\n<p>La manifestation a permis de d\u00e9couvrir les \u00ab tendances \u00bb vari\u00e9es conjuguant traditions et transmissions, avec huit maisons de couture, de cr\u00e9ation et de stylisme, invent\u00e9es par quatre hommes et sept femmes, ont pr\u00e9sent\u00e9 leurs collections \u00e0 travers un d\u00e9fil\u00e9 subtil bien color\u00e9, sur un podium soigneusement install\u00e9 pour des jeunes mannequins. Sous les feux de la rampe, elles ont pr\u00e9sent\u00e9 une mosa\u00efque de mod\u00e8les et de styles mettant en valeur devant une large assistance de membres du gouvernement, de personnalit\u00e9s politiques, de diplomates, d\u2019intellectuels, d\u2019artistes de Tunisie et d\u2019ailleurs, des marques et des labels pour des go\u00fbts diversifi\u00e9s servis selon le style de chacun des cr\u00e9ateurs. Des cr\u00e9ateurs qui ont cherch\u00e9 leur inspiration dans l\u2019imaginaire du monde qui les entourent ou dans la tendance qu\u2019un designer aura con\u00e7ue comme un lien entre l\u2019ancien et le nouveau monde.<\/p>\n<p>Le d\u00e9fil\u00e9, organis\u00e9 sous la direction artistique de Nadia Baccouche-le Gendre avec une illustration sonore de Yessine Bouchareb et une conception graphique de Moez Akkari, a illustr\u00e9 \u00ab toute la diversit\u00e9 de la Tunisie plurielle, la diversit\u00e9 des styles, du savoir-faire et du patrimoine ancestral \u00bb a tenu \u00e0 souligner Zied Ladhari, ministre du D\u00e9veloppement, de l\u2019Investissement et de la Coop\u00e9ration Internationale pr\u00e9sent \u00e0 cette soir\u00e9e aux cot\u00e9s du Secr\u00e9taire d\u2019Etat aux affaires \u00e9trang\u00e8res Sabri Bachtobji.<\/p>\n<p>En effet, la diversit\u00e9 de la sc\u00e8ne-mode du pays s\u2019est illustr\u00e9e par des lignes couture sign\u00e9es Ali Karoui, l\u2019\u00e9lu des \u00e9l\u00e9gantes, l\u2019habilleur de plus d\u2019une vingtaine des c\u00e9l\u00e9brit\u00e9s de New York ou de Los Angeles, mais aussi le jeune cr\u00e9ateur Amin Hajri avec sa marque \u00ab The past at the same time as the futur \u00bb. Il a propos\u00e9 un vestiaire de pi\u00e8ces uniques made in Tunisia valorisant les savoir-faire des artisans sur lesquels il s\u2019appuie et dont la client\u00e8le sont des jeunes femmes citadines ind\u00e9pendantes et disposant d\u2019un certain pouvoir d\u2019achat. Et de poursuivre avec deux marques de pr\u00eat \u00e0 porter en l\u2019occurrence \u00ab Lyoum \u00bb (Claire et Sofiane Ben Chaabane) avec un life-style qui raconte un style m\u00e9diterran\u00e9en allur\u00e9 et d\u00e9contract\u00e9 en proposant un vestiaire urbain et contemporain ainsi que \u00ab My little Bagatelle \u00bb (Kenza et Soraya) pour qui le confort des coupes est une priorit\u00e9. Avec un style \u00e0 contre-courant, une marque traditionnelle \u00ab Leizu \u00bb de la styliste-mod\u00e9liste Lilia Kriai propose des pi\u00e8ces travaill\u00e9es avec des mati\u00e8res nobles notamment la soie o\u00f9 tous les m\u00e9tiers d\u2019art sont \u00e0 l\u2019honneur. Des ovations particuli\u00e8res ont \u00e9t\u00e9 faites au label anti-fashion Salah Barka, costumier de cin\u00e9ma, passionn\u00e9 de la fripe et l\u2019un des pr\u00e9curseurs du recyclage des mati\u00e8res, plut\u00f4t \u00e9tranger au bling-bling.<\/p>\n<p>A l\u2019oppos\u00e9 de la \u00ab fast-fashion \u00bb, \u00ab Filupo \u00bb un concept-store vintage de Sarah Alina Grosz donne \u00e0 voir une s\u00e9lection de fripes \u00e9clectiques avec des pi\u00e8ces rarement identiques \u00e0 des kilom\u00e8tres \u00e0 la ronde.<\/p>\n<p>S\u2019est associ\u00e9e \u00e0 cet \u00e9v\u00e9nement aussi l\u2019association artistique \u00ab Itin\u00e9rances \u00bb (Caroline Perix et Alexia Tronel), une association f\u00e9d\u00e9rant artisans et acteurs du changement sur le pourtour m\u00e9diterran\u00e9en\u2026Sa collection pr\u00e9sent\u00e9e et intitul\u00e9e \u00ab Guermessa \u00bb est le fruit d\u2019une escale dans ce village troglodyte proche de Tataouine. Dans cette collection, les broderies reproduisent des caract\u00e8res arabes tir\u00e9s du c\u00e9l\u00e8bre po\u00e8me \u00ab Les femmes de mon pays \u00bb de feu Sgha\u00efer Ouled Ahmed \u2026une ligne dont les mots d\u2019ordre sont : immersion, transmission et sensibilisation.<\/p>\n<p>\u00ab L\u2019Europe \u00e0 la mode tunisienne \u00bb est au final une mani\u00e8re de dire, selon Bergamini, qu&rsquo; \u00bb\u00e0 d\u00e9faut de changer tout le monde, la mode permet de mieux comprendre le monde : la mode fait la part belle \u00e0 ce qui fait r\u00eaver les femmes et les hommes \u00bb.<\/p>\n<p class=\"dpsp-share-text\">Partager c&rsquo;est aimer!<\/p>\n<div class=\"wp-post-author-wrap wp-post-author-shortcode left\">\n<h3 class=\"awpa-title\"\/>\n<div class=\"wp-post-author\">\n<div class=\"awpa-img awpa-author-block square\"><a href=\"http:\/\/lexpertjournal.net\/fr\/author\/expert\/\"><img loading=\"lazy\" decoding=\"async\" alt=\"\" src=\"http:\/\/2.gravatar.com\/avatar\/56d99be2a6f97af88ccb49fada637fcd?s=150&#038;d=mm&#038;r=g\" srcset=\"http:\/\/2.gravatar.com\/avatar\/56d99be2a6f97af88ccb49fada637fcd?s=300&#038;d=mm&#038;r=g 2x\" class=\"avatar avatar-150 photo\" height=\"150\" width=\"150\"\/><\/a><\/div>\n<\/div>\n<\/div>\n<p>Auteur: L&rsquo;expert<br \/>\n<a href=\"http:\/\/lexpertjournal.net\/fr\/2019\/06\/15\/leurope-a-la-mode-tunisienne-renovation-en-vue-du-musee-de-carthage-et-de-la-colonne-de-byrsa\/\">Cliquez ici pour lire l&rsquo;article depuis sa source.<\/a><\/p>\n","protected":false},"excerpt":{"rendered":"<p>Depuis les Thermes d\u2019Antonin de Carthage ayant accueilli hier soir la soir\u00e9e diplomatique \u00ab L\u2019Europe \u00e0 la mode Tunisienne \u00bb, l\u2019ambassadeur de l\u2019Union Europ\u00e9enne en Tunisie Patrice Bergamini a annonc\u00e9 le d\u00e9marrage, bient\u00f4t, avec le soutien de certains Etats membres dont la France, des travaux de r\u00e9novation du mus\u00e9e de Carthage et du site de [&hellip;]<\/p>\n","protected":false},"author":1775,"featured_media":0,"comment_status":"closed","ping_status":"closed","sticky":false,"template":"","format":"standard","meta":{"fifu_image_url":"","fifu_image_alt":"","footnotes":""},"categories":[78,55],"tags":[],"class_list":["post-40871","post","type-post","status-publish","format-standard","hentry","category-economie","category-tunisie"],"_links":{"self":[{"href":"https:\/\/linitiative.ca\/International\/wp-json\/wp\/v2\/posts\/40871","targetHints":{"allow":["GET"]}}],"collection":[{"href":"https:\/\/linitiative.ca\/International\/wp-json\/wp\/v2\/posts"}],"about":[{"href":"https:\/\/linitiative.ca\/International\/wp-json\/wp\/v2\/types\/post"}],"author":[{"embeddable":true,"href":"https:\/\/linitiative.ca\/International\/wp-json\/wp\/v2\/users\/1775"}],"replies":[{"embeddable":true,"href":"https:\/\/linitiative.ca\/International\/wp-json\/wp\/v2\/comments?post=40871"}],"version-history":[{"count":0,"href":"https:\/\/linitiative.ca\/International\/wp-json\/wp\/v2\/posts\/40871\/revisions"}],"wp:attachment":[{"href":"https:\/\/linitiative.ca\/International\/wp-json\/wp\/v2\/media?parent=40871"}],"wp:term":[{"taxonomy":"category","embeddable":true,"href":"https:\/\/linitiative.ca\/International\/wp-json\/wp\/v2\/categories?post=40871"},{"taxonomy":"post_tag","embeddable":true,"href":"https:\/\/linitiative.ca\/International\/wp-json\/wp\/v2\/tags?post=40871"}],"curies":[{"name":"wp","href":"https:\/\/api.w.org\/{rel}","templated":true}]}}