{"id":40872,"date":"2019-06-15T17:23:38","date_gmt":"2019-06-15T21:23:38","guid":{"rendered":"https:\/\/linitiative.ca\/International\/amendement-de-la-loi-electorale-tahya-tounes-denonce-une-campagne-de-calomnie\/"},"modified":"2019-06-15T17:23:38","modified_gmt":"2019-06-15T21:23:38","slug":"amendement-de-la-loi-electorale-tahya-tounes-denonce-une-campagne-de-calomnie","status":"publish","type":"post","link":"https:\/\/linitiative.ca\/International\/amendement-de-la-loi-electorale-tahya-tounes-denonce-une-campagne-de-calomnie\/","title":{"rendered":"Amendement de la loi \u00e9lectorale Tahya Toun\u00e8s d\u00e9nonce une campagne de calomnie"},"content":{"rendered":"<p>Le parti Tahya Toun\u00e8s, pr\u00e9sid\u00e9 par le chef du gouvernement Youssef Chahed, a d\u00e9nonc\u00e9 une \u00ab basse campagne de calomnie et d\u00e9naturation du contenu des amendements soumise \u00e0 l\u2019Assembl\u00e9e des repr\u00e9sentants du peuple (ARP) de la loi \u00e9lectorale et des r\u00e9f\u00e9rendums pour induire en erreur l\u2019opinion publique nationale et envenimer le climat g\u00e9n\u00e9ral \u00bb.<\/p>\n<div>Le mouvement a d\u00e9menti dans une d\u00e9claration publi\u00e9e vendredi, \u00ab les all\u00e9gations \u00bb selon lesquelles ce projet de loi \u00ab visait des individus ou un groupe particulier \u00bb, faisant valoir qu\u2019il \u00ab constitue une autre \u00e9tape sur la voie de la r\u00e9conciliation nationale en permettant aux Rcdistes d\u2019exercer une activit\u00e9 politique et de lever l\u2019interdiction pour eux de pr\u00e9sider les bureaux de vote \u00bb. La d\u00e9claration indique que \u00ab la r\u00e9f\u00e9rence au bannissement du discours de haine, de discrimination, d\u2019apologie du terrorisme et des crimes de la dictature, en premier lieu la torture et les violations des droits de l\u2019homme, ne limite en rien la libert\u00e9 d\u2019opinion, de conscience et d\u2019appartenance, pour tous, en particulier la famille du Rassemblement constitutionnel d\u00e9mocratique (de l\u2019ancien r\u00e9gime) \u00bb.Tahya Toun\u00e8s a estim\u00e9 que \u00ab les amendements incluses dans le projet de loi \u00e9lectorale, conform\u00e9ment au d\u00e9cret r\u00e9gissant les partis de l\u2019ann\u00e9e 2011 dans ses articles 18, 19 et 20 sur la pr\u00e9vention du financement \u00e9tranger, de l\u2019utilisation du travail de bienfaisance, et de l\u2019exploitation des aides et des dons, et ce afin d\u2019assurer l\u2019\u00e9galit\u00e9 des chances pour tous, comme indiqu\u00e9 dans la Constitution \u00bb, affirmant avoir \u00ab propos\u00e9 de g\u00e9n\u00e9raliser ces proc\u00e9dures \u00e0 tous les candidats \u00bb.Apr\u00e8s avoir r\u00e9affirm\u00e9 son engagement de pr\u00e9munir le processus \u00e9lectoral contre les fraudes par le recours au financement \u00e9tranger, aux moyens de propagande politique en dehors de la loi, le mouvement du chef du gouvernement a appel\u00e9 toutes les parties, organisations nationales et acteurs de la soci\u00e9t\u00e9 civile \u00e0 \u00ab assumer pleinement leurs responsabilit\u00e9s face aux menaces qui p\u00e8sent sur le processus d\u00e9mocratique \u00ab .La pl\u00e9ni\u00e8re de l\u2019ARP, tenue jeudi pour discuter de la r\u00e9vision de la loi \u00e9lectorale et des r\u00e9f\u00e9rendums, n\u2019a pas abouti \u00e0 l\u2019adoption des amendements propos\u00e9s au projet de loi, rappelle-t-on.L\u2019amendement de ce projet de loi a \u00e9t\u00e9 report\u00e9 \u00e0 plusieurs reprises, \u00e0 cause du rejet d\u2019un nombre important de d\u00e9put\u00e9s de l\u2019opposition en particulier, des modifications propos\u00e9es, en plus de l\u2019\u00e9chec des diff\u00e9rents blocs lors des r\u00e9unions de consensus \u00e0 ce sujet pour arriver \u00e0 des compromis satisfaisant pour toutes les parties.<\/div>\n<p class=\"dpsp-share-text\">Partager c&rsquo;est aimer!<\/p>\n<div class=\"wp-post-author-wrap wp-post-author-shortcode left\">\n<h3 class=\"awpa-title\"\/>\n<div class=\"wp-post-author\">\n<div class=\"awpa-img awpa-author-block square\"><a href=\"http:\/\/lexpertjournal.net\/fr\/author\/expert\/\"><img loading=\"lazy\" decoding=\"async\" alt=\"\" src=\"http:\/\/2.gravatar.com\/avatar\/56d99be2a6f97af88ccb49fada637fcd?s=150&#038;d=mm&#038;r=g\" srcset=\"http:\/\/2.gravatar.com\/avatar\/56d99be2a6f97af88ccb49fada637fcd?s=300&#038;d=mm&#038;r=g 2x\" class=\"avatar avatar-150 photo\" height=\"150\" width=\"150\"\/><\/a><\/div>\n<\/div>\n<\/div>\n<p>Auteur: L&rsquo;expert<br \/>\n<a href=\"http:\/\/lexpertjournal.net\/fr\/2019\/06\/15\/amendement-de-la-loi-electorale-tahya-tounes-denonce-une-campagne-de-calomnie\/\">Cliquez ici pour lire l&rsquo;article depuis sa source.<\/a><\/p>\n","protected":false},"excerpt":{"rendered":"<p>Le parti Tahya Toun\u00e8s, pr\u00e9sid\u00e9 par le chef du gouvernement Youssef Chahed, a d\u00e9nonc\u00e9 une \u00ab basse campagne de calomnie et d\u00e9naturation du contenu des amendements soumise \u00e0 l\u2019Assembl\u00e9e des repr\u00e9sentants du peuple (ARP) de la loi \u00e9lectorale et des r\u00e9f\u00e9rendums pour induire en erreur l\u2019opinion publique nationale et envenimer le climat g\u00e9n\u00e9ral \u00bb. Le [&hellip;]<\/p>\n","protected":false},"author":1775,"featured_media":0,"comment_status":"closed","ping_status":"closed","sticky":false,"template":"","format":"standard","meta":{"fifu_image_url":"","fifu_image_alt":"","footnotes":""},"categories":[78,55],"tags":[],"class_list":["post-40872","post","type-post","status-publish","format-standard","hentry","category-economie","category-tunisie"],"_links":{"self":[{"href":"https:\/\/linitiative.ca\/International\/wp-json\/wp\/v2\/posts\/40872","targetHints":{"allow":["GET"]}}],"collection":[{"href":"https:\/\/linitiative.ca\/International\/wp-json\/wp\/v2\/posts"}],"about":[{"href":"https:\/\/linitiative.ca\/International\/wp-json\/wp\/v2\/types\/post"}],"author":[{"embeddable":true,"href":"https:\/\/linitiative.ca\/International\/wp-json\/wp\/v2\/users\/1775"}],"replies":[{"embeddable":true,"href":"https:\/\/linitiative.ca\/International\/wp-json\/wp\/v2\/comments?post=40872"}],"version-history":[{"count":0,"href":"https:\/\/linitiative.ca\/International\/wp-json\/wp\/v2\/posts\/40872\/revisions"}],"wp:attachment":[{"href":"https:\/\/linitiative.ca\/International\/wp-json\/wp\/v2\/media?parent=40872"}],"wp:term":[{"taxonomy":"category","embeddable":true,"href":"https:\/\/linitiative.ca\/International\/wp-json\/wp\/v2\/categories?post=40872"},{"taxonomy":"post_tag","embeddable":true,"href":"https:\/\/linitiative.ca\/International\/wp-json\/wp\/v2\/tags?post=40872"}],"curies":[{"name":"wp","href":"https:\/\/api.w.org\/{rel}","templated":true}]}}