{"id":40874,"date":"2019-06-15T17:31:25","date_gmt":"2019-06-15T21:31:25","guid":{"rendered":"https:\/\/linitiative.ca\/International\/la-haica-persiste-et-signe-nessma-tv-zitouna-tv-et-radio-al-quran-al-kareem-sommees-darreter-la-diffusion\/"},"modified":"2019-06-15T17:31:25","modified_gmt":"2019-06-15T21:31:25","slug":"la-haica-persiste-et-signe-nessma-tv-zitouna-tv-et-radio-al-quran-al-kareem-sommees-darreter-la-diffusion","status":"publish","type":"post","link":"https:\/\/linitiative.ca\/International\/la-haica-persiste-et-signe-nessma-tv-zitouna-tv-et-radio-al-quran-al-kareem-sommees-darreter-la-diffusion\/","title":{"rendered":"La HAICA persiste et signe : Nessma TV, Zitouna TV et Radio \u00ab al-Quran al-Kareem \u00bb somm\u00e9es d\u2019arr\u00eater la diffusion"},"content":{"rendered":"<p>La Haute autorit\u00e9 ind\u00e9pendante de la communication audiovisuelle (HAICA) a adress\u00e9 une correspondance aux chaines de t\u00e9l\u00e9vision Nessma TV et Zitouna TV et \u00e0 la Radio \u00ab al-Quran al-Kareem \u00bb (Le Saint Coran) les appelant \u00e0 arr\u00eater imm\u00e9diatement la diffusion de leurs programmes.<\/p>\n<div>Dans un communiqu\u00e9, publi\u00e9 vendredi, la HAICA rappelle que ces chaines continuent de diffuser, ill\u00e9galement, leurs programmes et sans aucune licence d\u00e9livr\u00e9e par la HAICA, conform\u00e9ment aux lois en vigueur, et ce malgr\u00e9 les amendes qui leur ont \u00e9t\u00e9 inflig\u00e9es.Jeudi, le pr\u00e9sident de la HAICA, Nouri Lajmi, a indiqu\u00e9 que Nessma TV s\u2019est content\u00e9e du dossier qu\u2019elle avait pr\u00e9sent\u00e9 ant\u00e9rieurement pour r\u00e9gulariser sa situation en changeant de statut (d\u2019une soci\u00e9t\u00e9 \u00e0 responsabilit\u00e9 limit\u00e9e \u00e0 une soci\u00e9t\u00e9 anonyme). Nessma TV n\u2019a toujours pas respect\u00e9 les autres conditions n\u00e9cessaires pour compl\u00e9ter son dossier, a-t-il ajout\u00e9.<\/div>\n<p class=\"dpsp-share-text\">Partager c&rsquo;est aimer!<\/p>\n<div class=\"wp-post-author-wrap wp-post-author-shortcode left\">\n<h3 class=\"awpa-title\"\/>\n<div class=\"wp-post-author\">\n<div class=\"awpa-img awpa-author-block square\"><a href=\"http:\/\/lexpertjournal.net\/fr\/author\/expert\/\"><img loading=\"lazy\" decoding=\"async\" alt=\"\" src=\"http:\/\/2.gravatar.com\/avatar\/56d99be2a6f97af88ccb49fada637fcd?s=150&#038;d=mm&#038;r=g\" srcset=\"http:\/\/2.gravatar.com\/avatar\/56d99be2a6f97af88ccb49fada637fcd?s=300&#038;d=mm&#038;r=g 2x\" class=\"avatar avatar-150 photo\" height=\"150\" width=\"150\"\/><\/a><\/div>\n<\/div>\n<\/div>\n<p>Auteur: L&rsquo;expert<br \/>\n<a href=\"http:\/\/lexpertjournal.net\/fr\/2019\/06\/15\/la-haica-persiste-et-signe-nessma-tv-zitouna-tv-et-radio-al-quran-al-kareem-sommees-darreter-la-diffusion\/\">Cliquez ici pour lire l&rsquo;article depuis sa source.<\/a><\/p>\n","protected":false},"excerpt":{"rendered":"<p>La Haute autorit\u00e9 ind\u00e9pendante de la communication audiovisuelle (HAICA) a adress\u00e9 une correspondance aux chaines de t\u00e9l\u00e9vision Nessma TV et Zitouna TV et \u00e0 la Radio \u00ab al-Quran al-Kareem \u00bb (Le Saint Coran) les appelant \u00e0 arr\u00eater imm\u00e9diatement la diffusion de leurs programmes. Dans un communiqu\u00e9, publi\u00e9 vendredi, la HAICA rappelle que ces chaines continuent [&hellip;]<\/p>\n","protected":false},"author":1775,"featured_media":0,"comment_status":"closed","ping_status":"closed","sticky":false,"template":"","format":"standard","meta":{"fifu_image_url":"","fifu_image_alt":"","footnotes":""},"categories":[78,55],"tags":[],"class_list":["post-40874","post","type-post","status-publish","format-standard","hentry","category-economie","category-tunisie"],"_links":{"self":[{"href":"https:\/\/linitiative.ca\/International\/wp-json\/wp\/v2\/posts\/40874","targetHints":{"allow":["GET"]}}],"collection":[{"href":"https:\/\/linitiative.ca\/International\/wp-json\/wp\/v2\/posts"}],"about":[{"href":"https:\/\/linitiative.ca\/International\/wp-json\/wp\/v2\/types\/post"}],"author":[{"embeddable":true,"href":"https:\/\/linitiative.ca\/International\/wp-json\/wp\/v2\/users\/1775"}],"replies":[{"embeddable":true,"href":"https:\/\/linitiative.ca\/International\/wp-json\/wp\/v2\/comments?post=40874"}],"version-history":[{"count":0,"href":"https:\/\/linitiative.ca\/International\/wp-json\/wp\/v2\/posts\/40874\/revisions"}],"wp:attachment":[{"href":"https:\/\/linitiative.ca\/International\/wp-json\/wp\/v2\/media?parent=40874"}],"wp:term":[{"taxonomy":"category","embeddable":true,"href":"https:\/\/linitiative.ca\/International\/wp-json\/wp\/v2\/categories?post=40874"},{"taxonomy":"post_tag","embeddable":true,"href":"https:\/\/linitiative.ca\/International\/wp-json\/wp\/v2\/tags?post=40874"}],"curies":[{"name":"wp","href":"https:\/\/api.w.org\/{rel}","templated":true}]}}