{"id":40876,"date":"2019-06-16T09:07:56","date_gmt":"2019-06-16T13:07:56","guid":{"rendered":"https:\/\/linitiative.ca\/International\/secteur-petrolier-preavis-de-greve-de-3-jours-a-el-borma\/"},"modified":"2019-06-16T09:07:56","modified_gmt":"2019-06-16T13:07:56","slug":"secteur-petrolier-preavis-de-greve-de-3-jours-a-el-borma","status":"publish","type":"post","link":"https:\/\/linitiative.ca\/International\/secteur-petrolier-preavis-de-greve-de-3-jours-a-el-borma\/","title":{"rendered":"Secteur p\u00e9trolier : Pr\u00e9avis de gr\u00e8ve de 3 jours \u00e0 El Borma"},"content":{"rendered":"<p>Le secteur de la prospection et de l\u2019exploitation p\u00e9troli\u00e8re ne cesse de vivre des moments malheureux, avec une m\u00e9sentente entre les pouvoirs publics et les travailleurs du secteur. Un pr\u00e9avis de gr\u00e8ve de trois jours a \u00e9t\u00e9 lanc\u00e9, par l\u2019Union r\u00e9gionale du travail (URT), \u00e0 Tataouine, pour les 27, 28 et 29 juin 2019, \u00e0 l\u2019\u00e9chelle des employ\u00e9s de la Soci\u00e9t\u00e9 italo-tunisienne d\u2019exploitation p\u00e9troli\u00e8re (SITEP) et des ouvriers du champ p\u00e9trolif\u00e8re d\u2019El Borma, au Sahara du sud tunisien.<\/p>\n<div>Les employ\u00e9s de la SITEP avaient observ\u00e9 une premi\u00e8re gr\u00e8ve de trois jours, du 8 au 10 mai 2019, apr\u00e8s l\u2019\u00e9chec des n\u00e9gociations relatives \u00e0 l\u2019alignement des salaires de la SITEP sur ceux de la soci\u00e9t\u00e9 italienne ENI.Dans la motion de gr\u00e8ve publi\u00e9e sur les r\u00e9seaux sociaux, par la f\u00e9d\u00e9ration syndicale \u00e0 Tataouine, l\u2019URT souligne que la SITEP a pris une s\u00e9rie de mesures \u00ab h\u00e2tives \u00bb et \u00ab non r\u00e9glementaires \u00bb, suscitant un climat de tension dans le champ p\u00e9trolif\u00e8re. L\u2019union rappelle que deux s\u00e9ances de n\u00e9gociation ont \u00e9t\u00e9 tenues, avec la direction de la soci\u00e9t\u00e9, sans parvenir \u00e0 un accord satisfaisant.<\/div>\n<p class=\"dpsp-share-text\">Partager c&rsquo;est aimer!<\/p>\n<div class=\"wp-post-author-wrap wp-post-author-shortcode left\">\n<h3 class=\"awpa-title\"\/>\n<div class=\"wp-post-author\">\n<div class=\"awpa-img awpa-author-block square\"><a href=\"http:\/\/lexpertjournal.net\/fr\/author\/expert\/\"><img loading=\"lazy\" decoding=\"async\" alt=\"\" src=\"http:\/\/2.gravatar.com\/avatar\/56d99be2a6f97af88ccb49fada637fcd?s=150&#038;d=mm&#038;r=g\" srcset=\"http:\/\/2.gravatar.com\/avatar\/56d99be2a6f97af88ccb49fada637fcd?s=300&#038;d=mm&#038;r=g 2x\" class=\"avatar avatar-150 photo\" height=\"150\" width=\"150\"\/><\/a><\/div>\n<\/div>\n<\/div>\n<p>Auteur: L&rsquo;expert<br \/>\n<a href=\"http:\/\/lexpertjournal.net\/fr\/2019\/06\/16\/secteur-petrolier-preavis-de-greve-de-3-jours-a-el-borma\/\">Cliquez ici pour lire l&rsquo;article depuis sa source.<\/a><\/p>\n","protected":false},"excerpt":{"rendered":"<p>Le secteur de la prospection et de l\u2019exploitation p\u00e9troli\u00e8re ne cesse de vivre des moments malheureux, avec une m\u00e9sentente entre les pouvoirs publics et les travailleurs du secteur. Un pr\u00e9avis de gr\u00e8ve de trois jours a \u00e9t\u00e9 lanc\u00e9, par l\u2019Union r\u00e9gionale du travail (URT), \u00e0 Tataouine, pour les 27, 28 et 29 juin 2019, \u00e0 [&hellip;]<\/p>\n","protected":false},"author":1775,"featured_media":0,"comment_status":"closed","ping_status":"closed","sticky":false,"template":"","format":"standard","meta":{"fifu_image_url":"","fifu_image_alt":"","footnotes":""},"categories":[78,55],"tags":[],"class_list":["post-40876","post","type-post","status-publish","format-standard","hentry","category-economie","category-tunisie"],"_links":{"self":[{"href":"https:\/\/linitiative.ca\/International\/wp-json\/wp\/v2\/posts\/40876","targetHints":{"allow":["GET"]}}],"collection":[{"href":"https:\/\/linitiative.ca\/International\/wp-json\/wp\/v2\/posts"}],"about":[{"href":"https:\/\/linitiative.ca\/International\/wp-json\/wp\/v2\/types\/post"}],"author":[{"embeddable":true,"href":"https:\/\/linitiative.ca\/International\/wp-json\/wp\/v2\/users\/1775"}],"replies":[{"embeddable":true,"href":"https:\/\/linitiative.ca\/International\/wp-json\/wp\/v2\/comments?post=40876"}],"version-history":[{"count":0,"href":"https:\/\/linitiative.ca\/International\/wp-json\/wp\/v2\/posts\/40876\/revisions"}],"wp:attachment":[{"href":"https:\/\/linitiative.ca\/International\/wp-json\/wp\/v2\/media?parent=40876"}],"wp:term":[{"taxonomy":"category","embeddable":true,"href":"https:\/\/linitiative.ca\/International\/wp-json\/wp\/v2\/categories?post=40876"},{"taxonomy":"post_tag","embeddable":true,"href":"https:\/\/linitiative.ca\/International\/wp-json\/wp\/v2\/tags?post=40876"}],"curies":[{"name":"wp","href":"https:\/\/api.w.org\/{rel}","templated":true}]}}