{"id":40877,"date":"2019-06-16T09:12:56","date_gmt":"2019-06-16T13:12:56","guid":{"rendered":"https:\/\/linitiative.ca\/International\/de-carthage-a-nabeul-et-a-la-marsa-la-troupe-japonaise-kikusuiren-en-tournee-estivale\/"},"modified":"2019-06-16T09:12:56","modified_gmt":"2019-06-16T13:12:56","slug":"de-carthage-a-nabeul-et-a-la-marsa-la-troupe-japonaise-kikusuiren-en-tournee-estivale","status":"publish","type":"post","link":"https:\/\/linitiative.ca\/International\/de-carthage-a-nabeul-et-a-la-marsa-la-troupe-japonaise-kikusuiren-en-tournee-estivale\/","title":{"rendered":"De Carthage, \u00e0 Nabeul et \u00e0 la Marsa : La troupe japonaise  \u00bb Kikusuiren \u00bb en tourn\u00e9e estivale"},"content":{"rendered":"<p>L\u2019ambassade du Japon en Tunisie pr\u00e9sente cette ann\u00e9e un spectacle dansant de grande envergure avec les danseurs japonais \u00ab Kikusuiren \u00bb. Dirig\u00e9e par Kazonari Azumi, la formation japonaise est forte de plusieurs danseurs qui suivent le rythme \u00e0 deux temps du \u00bb zomeki \u00ab , au son des fl\u00fbtes, des shamisens et des tambours.<\/p>\n<div>La tourn\u00e9e de cette troupe commence le 12 juillet \u00e0 22h00, \u00e0 l\u2019Amphith\u00e9\u00e2tre de Carthage. Le 13 juillet, elle d\u00e9barque \u00e0 Nabeul avant de se d\u00e9placer, le 14 juillet \u00e0 19h00, \u00e0 l\u2019Avenue Habib Bourguiba \u00e0 la Marsa.<\/div>\n<p class=\"dpsp-share-text\">Partager c&rsquo;est aimer!<\/p>\n<div class=\"wp-post-author-wrap wp-post-author-shortcode left\">\n<h3 class=\"awpa-title\"\/>\n<div class=\"wp-post-author\">\n<div class=\"awpa-img awpa-author-block square\"><a href=\"http:\/\/lexpertjournal.net\/fr\/author\/expert\/\"><img loading=\"lazy\" decoding=\"async\" alt=\"\" src=\"http:\/\/2.gravatar.com\/avatar\/56d99be2a6f97af88ccb49fada637fcd?s=150&#038;d=mm&#038;r=g\" srcset=\"http:\/\/2.gravatar.com\/avatar\/56d99be2a6f97af88ccb49fada637fcd?s=300&#038;d=mm&#038;r=g 2x\" class=\"avatar avatar-150 photo\" height=\"150\" width=\"150\"\/><\/a><\/div>\n<\/div>\n<\/div>\n<p>Auteur: L&rsquo;expert<br \/>\n<a href=\"http:\/\/lexpertjournal.net\/fr\/2019\/06\/16\/de-carthage-a-nabeul-et-a-la-marsa-la-troupe-japonaise-kikusuiren-en-tournee-estivale\/\">Cliquez ici pour lire l&rsquo;article depuis sa source.<\/a><\/p>\n","protected":false},"excerpt":{"rendered":"<p>L\u2019ambassade du Japon en Tunisie pr\u00e9sente cette ann\u00e9e un spectacle dansant de grande envergure avec les danseurs japonais \u00ab Kikusuiren \u00bb. Dirig\u00e9e par Kazonari Azumi, la formation japonaise est forte de plusieurs danseurs qui suivent le rythme \u00e0 deux temps du \u00bb zomeki \u00ab , au son des fl\u00fbtes, des shamisens et des tambours. La [&hellip;]<\/p>\n","protected":false},"author":1775,"featured_media":0,"comment_status":"closed","ping_status":"closed","sticky":false,"template":"","format":"standard","meta":{"fifu_image_url":"","fifu_image_alt":"","footnotes":""},"categories":[78,55],"tags":[],"class_list":["post-40877","post","type-post","status-publish","format-standard","hentry","category-economie","category-tunisie"],"_links":{"self":[{"href":"https:\/\/linitiative.ca\/International\/wp-json\/wp\/v2\/posts\/40877","targetHints":{"allow":["GET"]}}],"collection":[{"href":"https:\/\/linitiative.ca\/International\/wp-json\/wp\/v2\/posts"}],"about":[{"href":"https:\/\/linitiative.ca\/International\/wp-json\/wp\/v2\/types\/post"}],"author":[{"embeddable":true,"href":"https:\/\/linitiative.ca\/International\/wp-json\/wp\/v2\/users\/1775"}],"replies":[{"embeddable":true,"href":"https:\/\/linitiative.ca\/International\/wp-json\/wp\/v2\/comments?post=40877"}],"version-history":[{"count":0,"href":"https:\/\/linitiative.ca\/International\/wp-json\/wp\/v2\/posts\/40877\/revisions"}],"wp:attachment":[{"href":"https:\/\/linitiative.ca\/International\/wp-json\/wp\/v2\/media?parent=40877"}],"wp:term":[{"taxonomy":"category","embeddable":true,"href":"https:\/\/linitiative.ca\/International\/wp-json\/wp\/v2\/categories?post=40877"},{"taxonomy":"post_tag","embeddable":true,"href":"https:\/\/linitiative.ca\/International\/wp-json\/wp\/v2\/tags?post=40877"}],"curies":[{"name":"wp","href":"https:\/\/api.w.org\/{rel}","templated":true}]}}