{"id":40878,"date":"2019-06-16T09:25:46","date_gmt":"2019-06-16T13:25:46","guid":{"rendered":"https:\/\/linitiative.ca\/International\/palmares-du-festival-du-cinema-tunisien-la-palme-a-dachra-fatwa-et-regarde-moi\/"},"modified":"2019-06-16T09:25:46","modified_gmt":"2019-06-16T13:25:46","slug":"palmares-du-festival-du-cinema-tunisien-la-palme-a-dachra-fatwa-et-regarde-moi","status":"publish","type":"post","link":"https:\/\/linitiative.ca\/International\/palmares-du-festival-du-cinema-tunisien-la-palme-a-dachra-fatwa-et-regarde-moi\/","title":{"rendered":"Palmar\u00e8s du Festival du cin\u00e9ma tunisien :  La palme \u00e0 \u00ab Dachra \u00bb, \u00ab Fatwa \u00ab et \u00ab Regarde-moi \u00bb"},"content":{"rendered":"<p>La seconde \u00e9dition du Festival du Cin\u00e9ma Tunisien a r\u00e9v\u00e9l\u00e9, hier soir, \u00e0 la salle de l\u2019Op\u00e9ra, son palmar\u00e8s en pr\u00e9sence du ministre des Affaires culturelles Mohamed Zine El Abidine, de plusieurs personnalit\u00e9s politiques et artistes de la sc\u00e8ne tunisienne. 35 films tunisiens produits entre 2018 et 2019 ont \u00e9t\u00e9 en lice dans cette deuxi\u00e8me \u00e9dition.<\/p>\n<p>Les films \u00ab Fatwa \u00bb de Mahmoud Ben Mahmoud (4 prix), \u00ab Dachra \u00bb d\u2019Abdelhamid Bouchnak (4 prix) et \u00bb Regarde-moi \u00bb de Nejib Belkhadhi (4 prix) ont \u00e9t\u00e9 les plus distingu\u00e9s au cours de cette seconde \u00e9dition (10-15 juin 2019) dont voici le palmar\u00e8s :<\/p>\n<p>Dans la section Longs M\u00e9trages :<\/p>\n<p>\u2013 Prix de la meilleure \u0153uvre : Nejib Belkadhi pour \u00bb Regarde-moi \u00ab<\/p>\n<p>\u2013 Prix du meilleur r\u00e9alisateur : Abdelhamid Bouchnak pour \u00bb Dachra \u00ab<\/p>\n<p>\u2013 Meilleure production : Ibrahim Letaief pour \u00bb Porto Farina \u00ab<\/p>\n<p>\u2013 Meilleur sc\u00e9nario : Mahmoud Ben Mahmoud pour \u00bb Fatwa \u00ab<\/p>\n<p>\u2013 Meilleure actrice : Yasmine Dimassi pour \u00bb Dachra \u00ab<\/p>\n<p>\u2013 Meilleur acteur : Ex aequo Ahmed Hafiene dans \u00bb Fatwa \u00bb et Nidhal Saadi pour \u00bb Regarde-moi \u00ab<\/p>\n<p>\u2013 Meilleur second r\u00f4le f\u00e9minin : Ex aequo Sarah Hanachi dans \u00bb Fatwa \u00bb et Mona Mejri dans \u00bb Weldi \u00bb de Mohamed Ben Attia<\/p>\n<p>\u2013 Meilleur second r\u00f4le masculin : Mohamed Sayari dans \u00bb Porto Farina \u00ab<\/p>\n<p>\u2013 Meilleure musique : Selim Ben Salah pour le film \u00bb Regarde-moi \u00ab<\/p>\n<p>\u2013 Meilleur costume : Basma Dhaouadi pour le film \u00bb Porto Farina \u00ab<\/p>\n<p>\u2013 Meilleur montage pour Ghalia Lacroix et Malek Chatta pour le film \u00bb Regarde-moi \u00ab<\/p>\n<p>\u2013 Meilleur d\u00e9cor : Rahma Bj\u00e9oui pour le film \u00bb Fatwa \u00ab<\/p>\n<p>\u2013 Meilleure image : Hatem Nechi pour le film \u00bb Dachra \u00ab<\/p>\n<p>\u2013 Meilleur Son : Aimen Toumi pour le film \u00bb Dachra \u00ab<\/p>\n<p>\u2013 Prix honorifique\/ Prix de la diaspora : le prix a \u00e9t\u00e9 attribu\u00e9 \u00e0 l\u2019actrice tunisienne Aicha Ben Ahmed<\/p>\n<p>Dans la section Court-m\u00e9trage:<\/p>\n<p>\u2013 Prix du meilleur court m\u00e9trage : \u00bb Brotherhood \u00bb de Meryam Joobeur<\/p>\n<p>\u2013 Prix du meilleur film d\u2019animation : \u00bb La symphonie de la vie \u00bb de Mustapha Taieb<\/p>\n<p>\u2013 Prix sp\u00e9cial du jury : \u00bb La past\u00e8que du Cheikh \u00bb de Kaouther Ben Hania<\/p>\n<p>Dans la section Films-documentaires:<\/p>\n<p>\u2013 Prix sp\u00e9cial du jury : \u00bb Subutex \u00bb de Nasreddine Shili<\/p>\n<p>\u2013 Prix de la meilleure conception documentaire : \u00bb La voie normale \u00bb d\u2019 Erige Sehiri<\/p>\n<p>\u2013 Prix du meilleur documentaire : \u00bb Girl of the moon \u00bb de Hiba Dhaouadi<\/p>\n<p>Le jury a tenu \u00e0 attribuer une mention sp\u00e9ciale \u00e0 deux films documentaires \u00e0 savoir \u00bb Thirsty Tunisians \u00bb de Ridha Tlili et \u00bb Ghzela \u00bb de Hajer Nefzi.<\/p>\n<p>A la cl\u00f4ture de la c\u00e9r\u00e9monie, le ministre des affaires culturelles Mohamed Zinelabidine a tenu \u00e0 souligner l\u2019int\u00e9r\u00eat accru accord\u00e9 par l\u2019Etat en vue de soutenir la production cin\u00e9matographique tunisienne en annon\u00e7ant que des discussions autour de la prime de la production cin\u00e9matographique sont en cours pour doubler la subvention accord\u00e9e au cin\u00e9ma de 4 millions de dinars \u00e0 8 millions de dinars.<\/p>\n<p class=\"dpsp-share-text\">Partager c&rsquo;est aimer!<\/p>\n<div class=\"wp-post-author-wrap wp-post-author-shortcode left\">\n<h3 class=\"awpa-title\"\/>\n<div class=\"wp-post-author\">\n<div class=\"awpa-img awpa-author-block square\"><a href=\"http:\/\/lexpertjournal.net\/fr\/author\/expert\/\"><img loading=\"lazy\" decoding=\"async\" alt=\"\" src=\"http:\/\/2.gravatar.com\/avatar\/56d99be2a6f97af88ccb49fada637fcd?s=150&#038;d=mm&#038;r=g\" srcset=\"http:\/\/2.gravatar.com\/avatar\/56d99be2a6f97af88ccb49fada637fcd?s=300&#038;d=mm&#038;r=g 2x\" class=\"avatar avatar-150 photo\" height=\"150\" width=\"150\"\/><\/a><\/div>\n<\/div>\n<\/div>\n<p>Auteur: L&rsquo;expert<br \/>\n<a href=\"http:\/\/lexpertjournal.net\/fr\/2019\/06\/16\/palmares-du-festival-du-cinema-tunisien-la-palme-a-dachra-fatwa-et-regarde-moi\/\">Cliquez ici pour lire l&rsquo;article depuis sa source.<\/a><\/p>\n","protected":false},"excerpt":{"rendered":"<p>La seconde \u00e9dition du Festival du Cin\u00e9ma Tunisien a r\u00e9v\u00e9l\u00e9, hier soir, \u00e0 la salle de l\u2019Op\u00e9ra, son palmar\u00e8s en pr\u00e9sence du ministre des Affaires culturelles Mohamed Zine El Abidine, de plusieurs personnalit\u00e9s politiques et artistes de la sc\u00e8ne tunisienne. 35 films tunisiens produits entre 2018 et 2019 ont \u00e9t\u00e9 en lice dans cette deuxi\u00e8me [&hellip;]<\/p>\n","protected":false},"author":1775,"featured_media":0,"comment_status":"closed","ping_status":"closed","sticky":false,"template":"","format":"standard","meta":{"fifu_image_url":"","fifu_image_alt":"","footnotes":""},"categories":[78,55],"tags":[],"class_list":["post-40878","post","type-post","status-publish","format-standard","hentry","category-economie","category-tunisie"],"_links":{"self":[{"href":"https:\/\/linitiative.ca\/International\/wp-json\/wp\/v2\/posts\/40878","targetHints":{"allow":["GET"]}}],"collection":[{"href":"https:\/\/linitiative.ca\/International\/wp-json\/wp\/v2\/posts"}],"about":[{"href":"https:\/\/linitiative.ca\/International\/wp-json\/wp\/v2\/types\/post"}],"author":[{"embeddable":true,"href":"https:\/\/linitiative.ca\/International\/wp-json\/wp\/v2\/users\/1775"}],"replies":[{"embeddable":true,"href":"https:\/\/linitiative.ca\/International\/wp-json\/wp\/v2\/comments?post=40878"}],"version-history":[{"count":0,"href":"https:\/\/linitiative.ca\/International\/wp-json\/wp\/v2\/posts\/40878\/revisions"}],"wp:attachment":[{"href":"https:\/\/linitiative.ca\/International\/wp-json\/wp\/v2\/media?parent=40878"}],"wp:term":[{"taxonomy":"category","embeddable":true,"href":"https:\/\/linitiative.ca\/International\/wp-json\/wp\/v2\/categories?post=40878"},{"taxonomy":"post_tag","embeddable":true,"href":"https:\/\/linitiative.ca\/International\/wp-json\/wp\/v2\/tags?post=40878"}],"curies":[{"name":"wp","href":"https:\/\/api.w.org\/{rel}","templated":true}]}}