{"id":40879,"date":"2019-06-16T09:31:29","date_gmt":"2019-06-16T13:31:29","guid":{"rendered":"https:\/\/linitiative.ca\/International\/les-explications-du-gouvernement-mis-en-doute-journee-de-colere-contre-la-visite-de-touristes-israeliens\/"},"modified":"2019-06-16T09:31:29","modified_gmt":"2019-06-16T13:31:29","slug":"les-explications-du-gouvernement-mis-en-doute-journee-de-colere-contre-la-visite-de-touristes-israeliens","status":"publish","type":"post","link":"https:\/\/linitiative.ca\/International\/les-explications-du-gouvernement-mis-en-doute-journee-de-colere-contre-la-visite-de-touristes-israeliens\/","title":{"rendered":"Les explications du gouvernement mis en doute : Journ\u00e9e de col\u00e8re contre la visite de touristes isra\u00e9liens"},"content":{"rendered":"<p>Le \u00ab R\u00e9seau tunisien pour la lutte contre la normalisation \u00bb a organis\u00e9 hier avec la participation de l\u2019Union g\u00e9n\u00e9rale tunisienne du travail (UGTT), une \u00ab Journ\u00e9e de la col\u00e8re \u00bb, pour d\u00e9noncer \u00ab les tentatives de normalisation avec Isra\u00ebl par le biais de visites touristiques entre la Tunisie et l\u2019Etat d\u2019occupation et la visite d\u2019Isra\u00e9liens en Tunisie \u00bb.<\/p>\n<div>Deux sit-in ont \u00e9t\u00e9 observ\u00e9s \u00e0 cette occasion devant l\u2019Office du tourisme et le Th\u00e9\u00e2tre municipal de la capitale, et une marche a eu lieu \u00e0 l\u2019avenue Habib Bourguiba, au cours desquelles les participants ont scand\u00e9 des slogans et des discours appelant au \u00ab limogeage du ministre du Tourisme \u00bb et \u00e0 \u00ab l\u2019adoption d\u2019une loi criminalisant la normalisation \u00bb.Dans des discours prononc\u00e9s devant le si\u00e8ge de l\u2019Office du tourisme au centre de la capitale, les orateurs ont appel\u00e9 au \u00ab respect de la souverainet\u00e9 nationale \u00bb dans l\u2019organisation des voyages touristiques et au \u00ab renvoi du ministre du Tourisme \u00bb Ren\u00e9 Trabelsi, apr\u00e8s l\u2019annonce de l\u2019entr\u00e9e de touristes isra\u00e9liens pour visiter le temple juif de Ghriba \u00e0 Djerba, et la mise en place d\u2019un parcours touristique passant devant le domicile du martyr de la cause palestinienne Khalil al-Wazir, Abu Jihad, dans la banlieue nord de la capitale.Le gouvernement avait indiqu\u00e9 qu\u2019aucun touriste n\u2019\u00e9tait entr\u00e9 en Tunisie avec un passeport isra\u00e9lien.Le R\u00e9seau tunisien contre la normalisation, qui inclut divers courants et nombre de personnalit\u00e9s politiques, intellectuelles et syndicales de tendance nationaliste et de gauche, appelle en particulier \u00e0 \u00ab boycotter, combattre et criminaliser toute forme de normalisation avec l\u2019entit\u00e9 sioniste et ses repr\u00e9sentants et institutions \u00bb et \u00ab \u00e0 ne participer \u00e0 aucune activit\u00e9 rassemblant Tunisiens et habitants de la Palestine occup\u00e9e tant que le th\u00e8me ne porte pas sur la lutte contre le sionisme et l\u2019entit\u00e9 sioniste \u00bb. Les organisations, les partis et les personnalit\u00e9s du r\u00e9seau sont actifs dans le domaine du \u00ab boycott des produits, des entreprises et des institutions de l\u2019entit\u00e9 sioniste de toutes sortes \u00bb.<\/div>\n<p class=\"dpsp-share-text\">Partager c&rsquo;est aimer!<\/p>\n<div class=\"wp-post-author-wrap wp-post-author-shortcode left\">\n<h3 class=\"awpa-title\"\/>\n<div class=\"wp-post-author\">\n<div class=\"awpa-img awpa-author-block square\"><a href=\"http:\/\/lexpertjournal.net\/fr\/author\/expert\/\"><img loading=\"lazy\" decoding=\"async\" alt=\"\" src=\"http:\/\/2.gravatar.com\/avatar\/56d99be2a6f97af88ccb49fada637fcd?s=150&#038;d=mm&#038;r=g\" srcset=\"http:\/\/2.gravatar.com\/avatar\/56d99be2a6f97af88ccb49fada637fcd?s=300&#038;d=mm&#038;r=g 2x\" class=\"avatar avatar-150 photo\" height=\"150\" width=\"150\"\/><\/a><\/div>\n<\/div>\n<\/div>\n<p>Auteur: L&rsquo;expert<br \/>\n<a href=\"http:\/\/lexpertjournal.net\/fr\/2019\/06\/16\/les-explications-du-gouvernement-mis-en-doute-journee-de-colere-contre-la-visite-de-touristes-israeliens\/\">Cliquez ici pour lire l&rsquo;article depuis sa source.<\/a><\/p>\n","protected":false},"excerpt":{"rendered":"<p>Le \u00ab R\u00e9seau tunisien pour la lutte contre la normalisation \u00bb a organis\u00e9 hier avec la participation de l\u2019Union g\u00e9n\u00e9rale tunisienne du travail (UGTT), une \u00ab Journ\u00e9e de la col\u00e8re \u00bb, pour d\u00e9noncer \u00ab les tentatives de normalisation avec Isra\u00ebl par le biais de visites touristiques entre la Tunisie et l\u2019Etat d\u2019occupation et la visite [&hellip;]<\/p>\n","protected":false},"author":1775,"featured_media":0,"comment_status":"closed","ping_status":"closed","sticky":false,"template":"","format":"standard","meta":{"fifu_image_url":"","fifu_image_alt":"","footnotes":""},"categories":[78,55],"tags":[],"class_list":["post-40879","post","type-post","status-publish","format-standard","hentry","category-economie","category-tunisie"],"_links":{"self":[{"href":"https:\/\/linitiative.ca\/International\/wp-json\/wp\/v2\/posts\/40879","targetHints":{"allow":["GET"]}}],"collection":[{"href":"https:\/\/linitiative.ca\/International\/wp-json\/wp\/v2\/posts"}],"about":[{"href":"https:\/\/linitiative.ca\/International\/wp-json\/wp\/v2\/types\/post"}],"author":[{"embeddable":true,"href":"https:\/\/linitiative.ca\/International\/wp-json\/wp\/v2\/users\/1775"}],"replies":[{"embeddable":true,"href":"https:\/\/linitiative.ca\/International\/wp-json\/wp\/v2\/comments?post=40879"}],"version-history":[{"count":0,"href":"https:\/\/linitiative.ca\/International\/wp-json\/wp\/v2\/posts\/40879\/revisions"}],"wp:attachment":[{"href":"https:\/\/linitiative.ca\/International\/wp-json\/wp\/v2\/media?parent=40879"}],"wp:term":[{"taxonomy":"category","embeddable":true,"href":"https:\/\/linitiative.ca\/International\/wp-json\/wp\/v2\/categories?post=40879"},{"taxonomy":"post_tag","embeddable":true,"href":"https:\/\/linitiative.ca\/International\/wp-json\/wp\/v2\/tags?post=40879"}],"curies":[{"name":"wp","href":"https:\/\/api.w.org\/{rel}","templated":true}]}}