{"id":40880,"date":"2019-06-16T09:36:46","date_gmt":"2019-06-16T13:36:46","guid":{"rendered":"https:\/\/linitiative.ca\/International\/les-rendez-vous-de-la-mer-de-juin-a-septembre-2019-la-saison-bleue-revient-en-force-dans-sa-2eme-edition\/"},"modified":"2019-06-16T09:36:46","modified_gmt":"2019-06-16T13:36:46","slug":"les-rendez-vous-de-la-mer-de-juin-a-septembre-2019-la-saison-bleue-revient-en-force-dans-sa-2eme-edition","status":"publish","type":"post","link":"https:\/\/linitiative.ca\/International\/les-rendez-vous-de-la-mer-de-juin-a-septembre-2019-la-saison-bleue-revient-en-force-dans-sa-2eme-edition\/","title":{"rendered":"Les rendez-vous de la mer de juin \u00e0 septembre 2019 : \u00ab La Saison Bleue \u00bb revient en force dans sa 2\u00e8me \u00e9dition"},"content":{"rendered":"<p>N\u00e9e en Tunisie \u00e0 l\u2019\u00e9t\u00e9 2018, \u00ab La Saison Bleue \u00bb revient en force pour une seconde \u00e9dition 2019 avec son concept original : offrir \u00e0 un vaste public un programme de manifestations c\u00e9l\u00e9brant les richesses de la mer sous toutes ses formes.<\/p>\n<p>Pr\u00e8s de cent \u00e9v\u00e8nements qui, de juin \u00e0 septembre 2019, font vivre de Tabarka \u00e0 Zarzis les 1400 kilom\u00e8tres des c\u00f4tes tunisiennes et sensibilisent d\u00e9cideurs, citoyens et touristes \u00e0 une exploitation vertueuse d\u2019un littoral magnifique mais cependant de plus en plus fragilis\u00e9.<\/p>\n<p>Au menu de ce label original, symbolis\u00e9 par l\u2019\u00e9ponge bleue de l\u2019archipel tunisien de l\u2019archipel de Kerkennah : festivals, patrimoine maritime, culture vivante, sports nautiques, tourisme c\u00f4tier, d\u00e9bats \u00e9conomiques\u2026<\/p>\n<p>\u00ab Mood Talent \u00bb, devenu partenaire de la Saison bleue, sera pr\u00e9sent \u00e0 la Saison Bleue \u00ab Tunisie, les rendez-vous de la mer \u00bb par le salon des cr\u00e9ateurs de mode au sein d\u2019un des fleurons de l\u2019h\u00f4tellerie tunisienne, Dar El Marsa, selon la fondatrice du concept la parisienne EIsabelle Enault install\u00e9 en Tunisie depuis 2003.<\/p>\n<p>Pour la 31\u00e8me \u00e9dition du salon Mood Talent, \u00ab PANAME \u00bb, rendez-vous avec l\u2019\u00e9t\u00e9 sur un air de Paris, du 19 au 21 juin en nocturnes, avec 25 cr\u00e9ateurs de mode, accessoires, d\u00e9coration\u2026 ainsi que d\u2019autres marques haut de gamme tr\u00e8s cr\u00e9atives. Et pour une plong\u00e9e dans l\u2019univers de Montmartre, Mood Talent accueillera Anis Mahersi, c\u00e9l\u00e8bre caricaturiste tunisien, qui proposera aux visiteurs leur propre caricature.<\/p>\n<p>Comme pour la pr\u00e9c\u00e9dente \u00e9dition, le salon accueillera 19 nouveaux cr\u00e9ateurs, afin de satisfaire sa client\u00e8le toujours plus friande de nouveaut\u00e9s et pi\u00e8ces uniques.<\/p>\n<p>N\u00e9e en Tunisie d\u2019une initiative de la soci\u00e9t\u00e9 civile et partag\u00e9e par quelques passionn\u00e9s du sujet maritime, \u00ab la Saison Bleue \u00bb vise \u00e0 rassembler de juin \u00e0 septembre, sous un m\u00eame label, pr\u00e8s de 200 initiatives et manifestations mettant en valeur l\u2019exceptionnel potentiel maritime de la Tunisie. La Saison Bleue propose en quatre mois un v\u00e9ritable circuit culturel, scientifique, \u00e9conomique, touristique, qui s\u2019adressera directement \u00e0 un public estim\u00e9 \u00e0 2 voire 3 millions de personnes.<\/p>\n<p class=\"dpsp-share-text\">Partager c&rsquo;est aimer!<\/p>\n<div class=\"wp-post-author-wrap wp-post-author-shortcode left\">\n<h3 class=\"awpa-title\"\/>\n<div class=\"wp-post-author\">\n<div class=\"awpa-img awpa-author-block square\"><a href=\"http:\/\/lexpertjournal.net\/fr\/author\/expert\/\"><img loading=\"lazy\" decoding=\"async\" alt=\"\" src=\"http:\/\/2.gravatar.com\/avatar\/56d99be2a6f97af88ccb49fada637fcd?s=150&#038;d=mm&#038;r=g\" srcset=\"http:\/\/2.gravatar.com\/avatar\/56d99be2a6f97af88ccb49fada637fcd?s=300&#038;d=mm&#038;r=g 2x\" class=\"avatar avatar-150 photo\" height=\"150\" width=\"150\"\/><\/a><\/div>\n<\/div>\n<\/div>\n<p>Auteur: L&rsquo;expert<br \/>\n<a href=\"http:\/\/lexpertjournal.net\/fr\/2019\/06\/16\/les-rendez-vous-de-la-mer-de-juin-a-septembre-2019-la-saison-bleue-revient-en-force-dans-sa-2eme-edition\/\">Cliquez ici pour lire l&rsquo;article depuis sa source.<\/a><\/p>\n","protected":false},"excerpt":{"rendered":"<p>N\u00e9e en Tunisie \u00e0 l\u2019\u00e9t\u00e9 2018, \u00ab La Saison Bleue \u00bb revient en force pour une seconde \u00e9dition 2019 avec son concept original : offrir \u00e0 un vaste public un programme de manifestations c\u00e9l\u00e9brant les richesses de la mer sous toutes ses formes. Pr\u00e8s de cent \u00e9v\u00e8nements qui, de juin \u00e0 septembre 2019, font vivre [&hellip;]<\/p>\n","protected":false},"author":1775,"featured_media":0,"comment_status":"closed","ping_status":"closed","sticky":false,"template":"","format":"standard","meta":{"fifu_image_url":"","fifu_image_alt":"","footnotes":""},"categories":[78,55],"tags":[],"class_list":["post-40880","post","type-post","status-publish","format-standard","hentry","category-economie","category-tunisie"],"_links":{"self":[{"href":"https:\/\/linitiative.ca\/International\/wp-json\/wp\/v2\/posts\/40880","targetHints":{"allow":["GET"]}}],"collection":[{"href":"https:\/\/linitiative.ca\/International\/wp-json\/wp\/v2\/posts"}],"about":[{"href":"https:\/\/linitiative.ca\/International\/wp-json\/wp\/v2\/types\/post"}],"author":[{"embeddable":true,"href":"https:\/\/linitiative.ca\/International\/wp-json\/wp\/v2\/users\/1775"}],"replies":[{"embeddable":true,"href":"https:\/\/linitiative.ca\/International\/wp-json\/wp\/v2\/comments?post=40880"}],"version-history":[{"count":0,"href":"https:\/\/linitiative.ca\/International\/wp-json\/wp\/v2\/posts\/40880\/revisions"}],"wp:attachment":[{"href":"https:\/\/linitiative.ca\/International\/wp-json\/wp\/v2\/media?parent=40880"}],"wp:term":[{"taxonomy":"category","embeddable":true,"href":"https:\/\/linitiative.ca\/International\/wp-json\/wp\/v2\/categories?post=40880"},{"taxonomy":"post_tag","embeddable":true,"href":"https:\/\/linitiative.ca\/International\/wp-json\/wp\/v2\/tags?post=40880"}],"curies":[{"name":"wp","href":"https:\/\/api.w.org\/{rel}","templated":true}]}}