{"id":40885,"date":"2019-06-16T06:00:00","date_gmt":"2019-06-16T10:00:00","guid":{"rendered":"https:\/\/linitiative.ca\/International\/une-caravane-sanitaire-pour-les-cerner-a-ain-temouchent\/"},"modified":"2019-06-16T06:00:00","modified_gmt":"2019-06-16T10:00:00","slug":"une-caravane-sanitaire-pour-les-cerner-a-ain-temouchent","status":"publish","type":"post","link":"https:\/\/linitiative.ca\/International\/une-caravane-sanitaire-pour-les-cerner-a-ain-temouchent\/","title":{"rendered":"Une caravane sanitaire pour les cerner \u00e0 A\u00efn T\u00e9mouchent"},"content":{"rendered":"<div id=\"originalText\" readability=\"59\">\n<p class=\"c10\">Le secteur de la sant\u00e9 vient de lancer une caravane sanitaire, compos\u00e9e d\u2019\u00e9quipes sp\u00e9cialis\u00e9es, qui sillonnera les plages du littoral t\u00e9mouchentois ainsi que les r\u00e9gions \u00e9loign\u00e9es de la wilaya et ce, \u00e0 l\u2019effet de cerner d\u2019\u00e9ventuelles maladies \u00e0 transmission hydrique qui peuvent surgir durant la p\u00e9riode des grandes chaleurs. Le programme qui se poursuivra durant toute la p\u00e9riode estivale pr\u00e9voit des op\u00e9rations de pr\u00e9l\u00e8vements des \u00e9chantillons de l\u2019eau potable, l\u2019eau de mer, l\u2019eau des piscines et l\u2019eau des oueds pour des analyses qui seront effectu\u00e9es par une \u00e9quipe m\u00e9dicale sp\u00e9cialis\u00e9e dans le domaine de l\u2019\u00e9pid\u00e9miologie et de la m\u00e9decine pr\u00e9ventive.\u00a0<\/p>\n<p class=\"c10\">Selon notre source, les pr\u00e9paratifs de la saison estivale sur le plan sanitaire on \u00e9t\u00e9 entam\u00e9s depuis le mois de f\u00e9vrier dernier avec des analyses qu\u2019effectuent des \u00e9quipes mobiles sur le terrain en plus de la caravane sanitaire qui a d\u00e9j\u00e0 entam\u00e9 son travail qui se poursuivra jusqu\u2019au 27 juin. Cette caravane est compos\u00e9e d\u2019\u00e9quipes pluridisciplinaires dont des \u00e9quipes sp\u00e9cialis\u00e9es en \u00e9pid\u00e9miologie et de m\u00e9decine pr\u00e9ventive qui ont pour mission de s\u2019enqu\u00e9rir sur les conditions de vie des citoyens et d\u2019effectuer des analyses de l\u2019eau (eau potable, eau des piscines, eau de mer) dans la wilaya de A\u00efn T\u00e9mouchent deux fois par semaine en particulier dans les r\u00e9gions \u00e9loign\u00e9es et isol\u00e9es et ce, avec pour objectif principal de cerner les maladies \u00e0 transmission hydrique (MTH) et de pouvoir les \u00e9viter.<\/p>\n<p class=\"c10\">Aussi, en plus des analyses p\u00e9riodiques qui sont effectu\u00e9es au niveau des sources d\u2019eau et des oueds, d\u2019autres analyses seront ax\u00e9es essentiellement vers l\u2019ouest de la wilaya de A\u00efn T\u00e9mouchent, \u00e0 savoir la r\u00e9gion de B\u00e9ni Saf. Signalons, selon la m\u00eame source, qu\u2019aucun cas de maladie \u00e0 transmission hydrique n\u2019a \u00e9t\u00e9 enregistr\u00e9 dans la wilaya de A\u00efn T\u00e9mouchent lors de la saison estivale \u00e9coul\u00e9e.<br \/>\u00a0<\/p>\n<p class=\"c11\"><strong>M. LARADJ<\/strong><\/p>\n<\/div>\n<div id=\"text_core\" readability=\"59\">\n<p class=\"c10\">Le secteur de la sant\u00e9 vient de lancer une caravane sanitaire, compos\u00e9e d\u2019\u00e9quipes sp\u00e9cialis\u00e9es, qui sillonnera les plages du littoral t\u00e9mouchentois ainsi que les r\u00e9gions \u00e9loign\u00e9es de la wilaya et ce, \u00e0 l\u2019effet de cerner d\u2019\u00e9ventuelles maladies \u00e0 transmission hydrique qui peuvent surgir durant la p\u00e9riode des grandes chaleurs. Le programme qui se poursuivra durant toute la p\u00e9riode estivale pr\u00e9voit des op\u00e9rations de pr\u00e9l\u00e8vements des \u00e9chantillons de l\u2019eau potable, l\u2019eau de mer, l\u2019eau des piscines et l\u2019eau des oueds pour des analyses qui seront effectu\u00e9es par une \u00e9quipe m\u00e9dicale sp\u00e9cialis\u00e9e dans le domaine de l\u2019\u00e9pid\u00e9miologie et de la m\u00e9decine pr\u00e9ventive.\u00a0<\/p>\n<p class=\"c10\">Selon notre source, les pr\u00e9paratifs de la saison estivale sur le plan sanitaire on \u00e9t\u00e9 entam\u00e9s depuis le mois de f\u00e9vrier dernier avec des analyses qu\u2019effectuent des \u00e9quipes mobiles sur le terrain en plus de la caravane sanitaire qui a d\u00e9j\u00e0 entam\u00e9 son travail qui se poursuivra jusqu\u2019au 27 juin. Cette caravane est compos\u00e9e d\u2019\u00e9quipes pluridisciplinaires dont des \u00e9quipes sp\u00e9cialis\u00e9es en \u00e9pid\u00e9miologie et de m\u00e9decine pr\u00e9ventive qui ont pour mission de s\u2019enqu\u00e9rir sur les conditions de vie des citoyens et d\u2019effectuer des analyses de l\u2019eau (eau potable, eau des piscines, eau de mer) dans la wilaya de A\u00efn T\u00e9mouchent deux fois par semaine en particulier dans les r\u00e9gions \u00e9loign\u00e9es et isol\u00e9es et ce, avec pour objectif principal de cerner les maladies \u00e0 transmission hydrique (MTH) et de pouvoir les \u00e9viter.<\/p>\n<p class=\"c10\">Aussi, en plus des analyses p\u00e9riodiques qui sont effectu\u00e9es au niveau des sources d\u2019eau et des oueds, d\u2019autres analyses seront ax\u00e9es essentiellement vers l\u2019ouest de la wilaya de A\u00efn T\u00e9mouchent, \u00e0 savoir la r\u00e9gion de B\u00e9ni Saf. Signalons, selon la m\u00eame source, qu\u2019aucun cas de maladie \u00e0 transmission hydrique n\u2019a \u00e9t\u00e9 enregistr\u00e9 dans la wilaya de A\u00efn T\u00e9mouchent lors de la saison estivale \u00e9coul\u00e9e.<br \/>\u00a0<\/p>\n<p class=\"c11\"><strong>M. LARADJ<\/strong><\/p>\n<\/div>\n<p>Auteur:<br \/>\n<a href=\"https:\/\/www.liberte-algerie.com\/ouest\/une-caravane-sanitaire-pour-les-cerner-a-ain-temouchent-317892\">Cliquez ici pour lire l&rsquo;article depuis sa source.<\/a><\/p>\n","protected":false},"excerpt":{"rendered":"<p>Le secteur de la sant\u00e9 vient de lancer une caravane sanitaire, compos\u00e9e d\u2019\u00e9quipes sp\u00e9cialis\u00e9es, qui sillonnera les plages du littoral t\u00e9mouchentois ainsi que les r\u00e9gions \u00e9loign\u00e9es de la wilaya et ce, \u00e0 l\u2019effet de cerner d\u2019\u00e9ventuelles maladies \u00e0 transmission hydrique qui peuvent surgir durant la p\u00e9riode des grandes chaleurs. Le programme qui se poursuivra durant [&hellip;]<\/p>\n","protected":false},"author":1742,"featured_media":0,"comment_status":"closed","ping_status":"closed","sticky":false,"template":"","format":"standard","meta":{"fifu_image_url":"","fifu_image_alt":"","footnotes":""},"categories":[73,53],"tags":[],"class_list":["post-40885","post","type-post","status-publish","format-standard","hentry","category-actualite","category-algerie"],"_links":{"self":[{"href":"https:\/\/linitiative.ca\/International\/wp-json\/wp\/v2\/posts\/40885","targetHints":{"allow":["GET"]}}],"collection":[{"href":"https:\/\/linitiative.ca\/International\/wp-json\/wp\/v2\/posts"}],"about":[{"href":"https:\/\/linitiative.ca\/International\/wp-json\/wp\/v2\/types\/post"}],"author":[{"embeddable":true,"href":"https:\/\/linitiative.ca\/International\/wp-json\/wp\/v2\/users\/1742"}],"replies":[{"embeddable":true,"href":"https:\/\/linitiative.ca\/International\/wp-json\/wp\/v2\/comments?post=40885"}],"version-history":[{"count":0,"href":"https:\/\/linitiative.ca\/International\/wp-json\/wp\/v2\/posts\/40885\/revisions"}],"wp:attachment":[{"href":"https:\/\/linitiative.ca\/International\/wp-json\/wp\/v2\/media?parent=40885"}],"wp:term":[{"taxonomy":"category","embeddable":true,"href":"https:\/\/linitiative.ca\/International\/wp-json\/wp\/v2\/categories?post=40885"},{"taxonomy":"post_tag","embeddable":true,"href":"https:\/\/linitiative.ca\/International\/wp-json\/wp\/v2\/tags?post=40885"}],"curies":[{"name":"wp","href":"https:\/\/api.w.org\/{rel}","templated":true}]}}