{"id":40886,"date":"2019-06-16T06:00:00","date_gmt":"2019-06-16T10:00:00","guid":{"rendered":"https:\/\/linitiative.ca\/International\/40-magasins-ravages-par-les-flammes-a-semmar\/"},"modified":"2019-06-16T06:00:00","modified_gmt":"2019-06-16T10:00:00","slug":"40-magasins-ravages-par-les-flammes-a-semmar","status":"publish","type":"post","link":"https:\/\/linitiative.ca\/International\/40-magasins-ravages-par-les-flammes-a-semmar\/","title":{"rendered":"40 magasins ravag\u00e9s par les flammes \u00e0 Semmar"},"content":{"rendered":"<div id=\"originalText\" readability=\"39\">\n<p class=\"c10\">Un incendie s\u2019est d\u00e9clar\u00e9, dans la nuit de vendredi \u00e0 samedi vers 0h45, provoqu\u00e9 par un court-circuit \u00e9lectrique dans un march\u00e9 abritant un nombre important de commerces \u00e0 Semmar (da\u00efra de Yellel, \u00e0 une quarantaine de kilom\u00e8tres du chef-lieu de la wilaya de Relizane), a-t-on appris de la Protection civile de Relizane. Ce sinistre a ravag\u00e9 40 magasins. L\u2019alerte a \u00e9t\u00e9 donn\u00e9e par les voisins dudit march\u00e9. Les \u00e9l\u00e9ments de l\u2019unit\u00e9 secondaire de la Protection civile de Yellel ont pu circonscrire l\u2019incendie qui a caus\u00e9 d\u2019\u00e9normes d\u00e9g\u00e2ts mat\u00e9riels. L\u2019intervention des pompiers a permis de sauver d\u2019autres magasins d\u2019habillement. Une enqu\u00eate a \u00e9t\u00e9 ouverte par les services de s\u00e9curit\u00e9 pour d\u00e9terminer les causes de cet incendie.<br \/>\u00a0<\/p>\n<p class=\"c11\"><strong>E. Y.<\/strong><\/p>\n<\/div>\n<div id=\"text_core\" readability=\"39\">\n<p class=\"c10\">Un incendie s\u2019est d\u00e9clar\u00e9, dans la nuit de vendredi \u00e0 samedi vers 0h45, provoqu\u00e9 par un court-circuit \u00e9lectrique dans un march\u00e9 abritant un nombre important de commerces \u00e0 Semmar (da\u00efra de Yellel, \u00e0 une quarantaine de kilom\u00e8tres du chef-lieu de la wilaya de Relizane), a-t-on appris de la Protection civile de Relizane. Ce sinistre a ravag\u00e9 40 magasins. L\u2019alerte a \u00e9t\u00e9 donn\u00e9e par les voisins dudit march\u00e9. Les \u00e9l\u00e9ments de l\u2019unit\u00e9 secondaire de la Protection civile de Yellel ont pu circonscrire l\u2019incendie qui a caus\u00e9 d\u2019\u00e9normes d\u00e9g\u00e2ts mat\u00e9riels. L\u2019intervention des pompiers a permis de sauver d\u2019autres magasins d\u2019habillement. Une enqu\u00eate a \u00e9t\u00e9 ouverte par les services de s\u00e9curit\u00e9 pour d\u00e9terminer les causes de cet incendie.<br \/>\u00a0<\/p>\n<p class=\"c11\"><strong>E. Y.<\/strong><\/p>\n<\/div>\n<p>Auteur:<br \/>\n<a href=\"https:\/\/www.liberte-algerie.com\/ouest\/40-magasins-ravages-par-les-flammes-a-semmar-317891\">Cliquez ici pour lire l&rsquo;article depuis sa source.<\/a><\/p>\n","protected":false},"excerpt":{"rendered":"<p>Un incendie s\u2019est d\u00e9clar\u00e9, dans la nuit de vendredi \u00e0 samedi vers 0h45, provoqu\u00e9 par un court-circuit \u00e9lectrique dans un march\u00e9 abritant un nombre important de commerces \u00e0 Semmar (da\u00efra de Yellel, \u00e0 une quarantaine de kilom\u00e8tres du chef-lieu de la wilaya de Relizane), a-t-on appris de la Protection civile de Relizane. Ce sinistre a [&hellip;]<\/p>\n","protected":false},"author":1742,"featured_media":0,"comment_status":"closed","ping_status":"closed","sticky":false,"template":"","format":"standard","meta":{"fifu_image_url":"","fifu_image_alt":"","footnotes":""},"categories":[73,53],"tags":[],"class_list":["post-40886","post","type-post","status-publish","format-standard","hentry","category-actualite","category-algerie"],"_links":{"self":[{"href":"https:\/\/linitiative.ca\/International\/wp-json\/wp\/v2\/posts\/40886","targetHints":{"allow":["GET"]}}],"collection":[{"href":"https:\/\/linitiative.ca\/International\/wp-json\/wp\/v2\/posts"}],"about":[{"href":"https:\/\/linitiative.ca\/International\/wp-json\/wp\/v2\/types\/post"}],"author":[{"embeddable":true,"href":"https:\/\/linitiative.ca\/International\/wp-json\/wp\/v2\/users\/1742"}],"replies":[{"embeddable":true,"href":"https:\/\/linitiative.ca\/International\/wp-json\/wp\/v2\/comments?post=40886"}],"version-history":[{"count":0,"href":"https:\/\/linitiative.ca\/International\/wp-json\/wp\/v2\/posts\/40886\/revisions"}],"wp:attachment":[{"href":"https:\/\/linitiative.ca\/International\/wp-json\/wp\/v2\/media?parent=40886"}],"wp:term":[{"taxonomy":"category","embeddable":true,"href":"https:\/\/linitiative.ca\/International\/wp-json\/wp\/v2\/categories?post=40886"},{"taxonomy":"post_tag","embeddable":true,"href":"https:\/\/linitiative.ca\/International\/wp-json\/wp\/v2\/tags?post=40886"}],"curies":[{"name":"wp","href":"https:\/\/api.w.org\/{rel}","templated":true}]}}