{"id":40887,"date":"2019-06-16T06:00:00","date_gmt":"2019-06-16T10:00:00","guid":{"rendered":"https:\/\/linitiative.ca\/International\/et-10-412-a-relizane\/"},"modified":"2019-06-16T06:00:00","modified_gmt":"2019-06-16T10:00:00","slug":"et-10-412-a-relizane","status":"publish","type":"post","link":"https:\/\/linitiative.ca\/International\/et-10-412-a-relizane\/","title":{"rendered":"\u2026et 10 412 \u00e0 Relizane"},"content":{"rendered":"<div id=\"originalText\" readability=\"63\">\n<p class=\"c10\">Le bac, examen qui sanctionne la fin de cycle de l\u2019enseignement secondaire et qui ouvre aux laur\u00e9ats les portes de l\u2019universit\u00e9, se d\u00e9roulera du 16 au 20 juin pour les 10 412 candidats r\u00e9partis dans 40 centres d\u2019examen, qui seront encadr\u00e9s par 3399 examinateurs. Le nombre total de candidats scolaris\u00e9s et les candidats libres s\u2019\u00e9l\u00e8ve \u00e0 10 412, dont 5587 filles. Les candidats scolaris\u00e9s sont au nombre de 7031, dont 4244 filles. On note que 62 candidats dont sept filles sont issus des \u00e9tablissements de r\u00e9\u00e9ducation et de r\u00e9adaptation.\u00a0<\/p>\n<p>Quant aux candidats aux besoins sp\u00e9cifiques, leur nombre est de cinq : un malvoyant et quatre \u00e0 mobilit\u00e9 r\u00e9duite. Dans un message post\u00e9 sur son compte facebook, la directrice de l\u2019\u00e9ducation, Mme Hir\u00e8che Hedayat, a appel\u00e9 les candidats et les candidates \u00e0 \u201cfaire preuve de s\u00e9r\u00e9nit\u00e9 et de confiance en soi et rejeter tous les comportements de nature \u00e0 porter atteinte aux efforts qu&rsquo;ils ont consentis pour la r\u00e9ussite\u201d. Le regroupement et le codage des copies du bac se feront au lyc\u00e9e Adda-Benada qui sera ouvert du 14 juin au 14 juillet. Quant \u00e0 la correction, elle sera assur\u00e9e au lyc\u00e9e Ahmed-Ben Bella d\u2019Oued R\u2019hiou, du 24 juin au 14 juillet 2019.<\/p>\n<p>Les candidats seront pris en charge dans les centres d&rsquo;examen o\u00f9 ils b\u00e9n\u00e9ficieront de l&rsquo;assistance n\u00e9cessaire, en application de la r\u00e9glementation en vigueur, indique dans son document la cellule de communication de la direction de l&rsquo;\u00e9ducation. Comme pour les pr\u00e9c\u00e9dentes ann\u00e9es scolaires, les APC ont mobilis\u00e9 toute la logistique (transport des \u00e9l\u00e8ves, restauration, eau&#8230;), pour r\u00e9unir les meilleures conditions possibles pour ces examens. Sur le plan p\u00e9dagogique, le ministre de l&rsquo;\u00c9ducation nationale a indiqu\u00e9 \u00e0 la veille de l&rsquo;examen que les mesures prises lors des pr\u00e9c\u00e9dentes sessions seront reconduites cette ann\u00e9e : possibilit\u00e9 de choisir entre deux sujets dans chaque mati\u00e8re et octroi de 30 minutes suppl\u00e9mentaires \u00e0 la fin du temps l\u00e9gal imparti pour chaque \u00e9preuve.\u00a0<br \/>\u00a0<\/p>\n<p class=\"c11\"><strong>E. Yacine<\/strong><\/p>\n<\/div>\n<div id=\"text_core\" readability=\"63\">\n<p class=\"c10\">Le bac, examen qui sanctionne la fin de cycle de l\u2019enseignement secondaire et qui ouvre aux laur\u00e9ats les portes de l\u2019universit\u00e9, se d\u00e9roulera du 16 au 20 juin pour les 10 412 candidats r\u00e9partis dans 40 centres d\u2019examen, qui seront encadr\u00e9s par 3399 examinateurs. Le nombre total de candidats scolaris\u00e9s et les candidats libres s\u2019\u00e9l\u00e8ve \u00e0 10 412, dont 5587 filles. Les candidats scolaris\u00e9s sont au nombre de 7031, dont 4244 filles. On note que 62 candidats dont sept filles sont issus des \u00e9tablissements de r\u00e9\u00e9ducation et de r\u00e9adaptation.\u00a0<\/p>\n<p>Quant aux candidats aux besoins sp\u00e9cifiques, leur nombre est de cinq : un malvoyant et quatre \u00e0 mobilit\u00e9 r\u00e9duite. Dans un message post\u00e9 sur son compte facebook, la directrice de l\u2019\u00e9ducation, Mme Hir\u00e8che Hedayat, a appel\u00e9 les candidats et les candidates \u00e0 \u201cfaire preuve de s\u00e9r\u00e9nit\u00e9 et de confiance en soi et rejeter tous les comportements de nature \u00e0 porter atteinte aux efforts qu&rsquo;ils ont consentis pour la r\u00e9ussite\u201d. Le regroupement et le codage des copies du bac se feront au lyc\u00e9e Adda-Benada qui sera ouvert du 14 juin au 14 juillet. Quant \u00e0 la correction, elle sera assur\u00e9e au lyc\u00e9e Ahmed-Ben Bella d\u2019Oued R\u2019hiou, du 24 juin au 14 juillet 2019.<\/p>\n<p>Les candidats seront pris en charge dans les centres d&rsquo;examen o\u00f9 ils b\u00e9n\u00e9ficieront de l&rsquo;assistance n\u00e9cessaire, en application de la r\u00e9glementation en vigueur, indique dans son document la cellule de communication de la direction de l&rsquo;\u00e9ducation. Comme pour les pr\u00e9c\u00e9dentes ann\u00e9es scolaires, les APC ont mobilis\u00e9 toute la logistique (transport des \u00e9l\u00e8ves, restauration, eau&#8230;), pour r\u00e9unir les meilleures conditions possibles pour ces examens. Sur le plan p\u00e9dagogique, le ministre de l&rsquo;\u00c9ducation nationale a indiqu\u00e9 \u00e0 la veille de l&rsquo;examen que les mesures prises lors des pr\u00e9c\u00e9dentes sessions seront reconduites cette ann\u00e9e : possibilit\u00e9 de choisir entre deux sujets dans chaque mati\u00e8re et octroi de 30 minutes suppl\u00e9mentaires \u00e0 la fin du temps l\u00e9gal imparti pour chaque \u00e9preuve.\u00a0<br \/>\u00a0<\/p>\n<p class=\"c11\"><strong>E. Yacine<\/strong><\/p>\n<\/div>\n<p>Auteur:<br \/>\n<a href=\"https:\/\/www.liberte-algerie.com\/ouest\/et-10-412-a-relizane-317890\">Cliquez ici pour lire l&rsquo;article depuis sa source.<\/a><\/p>\n","protected":false},"excerpt":{"rendered":"<p>Le bac, examen qui sanctionne la fin de cycle de l\u2019enseignement secondaire et qui ouvre aux laur\u00e9ats les portes de l\u2019universit\u00e9, se d\u00e9roulera du 16 au 20 juin pour les 10 412 candidats r\u00e9partis dans 40 centres d\u2019examen, qui seront encadr\u00e9s par 3399 examinateurs. Le nombre total de candidats scolaris\u00e9s et les candidats libres s\u2019\u00e9l\u00e8ve [&hellip;]<\/p>\n","protected":false},"author":1742,"featured_media":0,"comment_status":"closed","ping_status":"closed","sticky":false,"template":"","format":"standard","meta":{"fifu_image_url":"","fifu_image_alt":"","footnotes":""},"categories":[73,53],"tags":[],"class_list":["post-40887","post","type-post","status-publish","format-standard","hentry","category-actualite","category-algerie"],"_links":{"self":[{"href":"https:\/\/linitiative.ca\/International\/wp-json\/wp\/v2\/posts\/40887","targetHints":{"allow":["GET"]}}],"collection":[{"href":"https:\/\/linitiative.ca\/International\/wp-json\/wp\/v2\/posts"}],"about":[{"href":"https:\/\/linitiative.ca\/International\/wp-json\/wp\/v2\/types\/post"}],"author":[{"embeddable":true,"href":"https:\/\/linitiative.ca\/International\/wp-json\/wp\/v2\/users\/1742"}],"replies":[{"embeddable":true,"href":"https:\/\/linitiative.ca\/International\/wp-json\/wp\/v2\/comments?post=40887"}],"version-history":[{"count":0,"href":"https:\/\/linitiative.ca\/International\/wp-json\/wp\/v2\/posts\/40887\/revisions"}],"wp:attachment":[{"href":"https:\/\/linitiative.ca\/International\/wp-json\/wp\/v2\/media?parent=40887"}],"wp:term":[{"taxonomy":"category","embeddable":true,"href":"https:\/\/linitiative.ca\/International\/wp-json\/wp\/v2\/categories?post=40887"},{"taxonomy":"post_tag","embeddable":true,"href":"https:\/\/linitiative.ca\/International\/wp-json\/wp\/v2\/tags?post=40887"}],"curies":[{"name":"wp","href":"https:\/\/api.w.org\/{rel}","templated":true}]}}