{"id":40896,"date":"2019-06-16T06:30:33","date_gmt":"2019-06-16T10:30:33","guid":{"rendered":"https:\/\/linitiative.ca\/International\/remise-des-prix-du-20e-concours-des-chevaux-des-caleches\/"},"modified":"2019-06-16T06:30:33","modified_gmt":"2019-06-16T10:30:33","slug":"remise-des-prix-du-20e-concours-des-chevaux-des-caleches","status":"publish","type":"post","link":"https:\/\/linitiative.ca\/International\/remise-des-prix-du-20e-concours-des-chevaux-des-caleches\/","title":{"rendered":"Remise des prix du 20\u00e8 concours des chevaux des cal\u00e8ches"},"content":{"rendered":"<div readability=\"38\">\n<p>Marrakech \u2013 Les prix de la 20\u00e8 \u00e9dition du concours des chevaux des cal\u00e8ches touristiques ont \u00e9t\u00e9 d\u00e9cern\u00e9s, samedi \u00e0 Marrakech, lors d\u2019une c\u00e9r\u00e9monie rehauss\u00e9e par la pr\u00e9sence du ministre du Tourisme, du Transport a\u00e9rien et de l\u2019Artisanat, Mohamed Sajid.<\/p>\n<\/div>\n<div readability=\"95\">\n<p>Initi\u00e9 par la Soci\u00e9t\u00e9 protectrice des Animaux et de la Nature (SPANA-Maroc), en partenariat avec la Soci\u00e9t\u00e9 Royale d\u2019Encouragement du Cheval (SOREC), l\u2019Association des professionnels de la cal\u00e8che et le Conseil communal de Marrakech, ce concours vise \u00e0 contribuer \u00e0 la pr\u00e9servation de ce moyen de transport \u00e9cologique, \u00e0 la protection de l\u2019environnement et \u00e0 la valorisation de ce patrimoine qui caract\u00e9rise la cit\u00e9 ocre.<\/p>\n<p>A l\u2019issue des contr\u00f4les techniques et v\u00e9t\u00e9rinaires effectu\u00e9s sous la supervision d\u2019une commission sp\u00e9cialis\u00e9e, une quinzaine de cal\u00e8ches et de chevaux ont \u00e9t\u00e9 prim\u00e9s, \u00e0 travers la remise du prix du meilleur cheval, de la meilleure monture, de la plus belle cal\u00e8che, du meilleur conducteur et du meilleur habillement.<\/p>\n<p>S\u2019exprimant lors de cette c\u00e9r\u00e9monie \u00e0 laquelle ont pris part notamment le wali de la r\u00e9gion de Marrakech-Safi, gouverneur de la pr\u00e9fecture de Marrakech, Karim Kassi-Lahlou, le pr\u00e9sident du Conseil communal, Mohamed Larbi Balca\u00efd, des membres de SPANA-Maroc et de SPANA-Grande Bretagne, une d\u00e9l\u00e9gation de l\u2019ambassade britannique au Maroc et des membres de l\u2019Association des professionnels de la cal\u00e8che, M. Sajid a indiqu\u00e9 que cette initiative ambitionne de contribuer \u00e0 la pr\u00e9servation de ce patrimoine et \u00e0 la protection de l\u2019environnement, eu \u00e9gard \u00e0 l\u2019importance du r\u00f4le des cal\u00e8ches dans la diversification de l\u2019offre touristique de la cit\u00e9 ocre.<\/p>\n<p>Le ministre a \u00e9galement fait part de la disposition de son d\u00e9partement \u00e0 accorder le soutien n\u00e9cessaire aux propri\u00e9taires des cal\u00e8ches en vue de leur permettre de mieux prendre soin de leurs chevaux et, partant, contribuer \u00e0 la protection de l\u2019environnement.<\/p>\n<p>A noter que la Soci\u00e9t\u00e9 Protectrice des Animaux et de la Nature (SPANA Maroc) est une association marocaine dont la Pr\u00e9sidente d\u2019Honneur est SAR la Princesse Lalla Asmaa.<\/p>\n<p>Elle a \u00e9t\u00e9 d\u00e9clar\u00e9e pour la premi\u00e8re fois en 1959 et reconnue d\u2019Utilit\u00e9 Publique en 1976.<\/p>\n<p>En plus de Society for the Protection of Animals Abroad (SPANA\/UK) avec laquelle elle op\u00e8re conjointement dans le Royaume, SPANA-Maroc est membre de plusieurs r\u00e9seaux, notamment de l\u2019UICN (Union Mondiale pour la Nature), MIO-ECSDE (Mediterranean Information Office for Environment, Culture and Sustainable Development), MENAW (Middle East Network for Animal Welfare), RAED (R\u00e9seau Arabe pour l\u2019Environnement et le D\u00e9veloppement), Med INA (Mediterranean Institute for Nature and Anthropos), GEF-NGO Network (R\u00e9seau des ONG du Fonds pour l\u2019Environnement Mondial\/FEM) et PACJA (Alliance Panafricaine pour la Justice Climatique).<\/p>\n<p>Elle vise notamment la protection des animaux de travail et de compagnie, la formation, la sensibilisation et l\u2019\u00e9ducation environnementale, la contribution \u00e0 la conservation du patrimoine naturel du Maroc, la protection de sa biodiversit\u00e9 et l\u2019utilisation durable de ses ressources naturelles et l\u2019aide aux personnes d\u00e9munies ou \u00e0 besoins sp\u00e9cifiques \u00e0 travers les animaux.<\/p>\n<\/div>\n<p>Auteur: Meriem IGASS<br \/>\n<a href=\"http:\/\/www.mapmarrakech.ma\/fr\/tourisme-remise-des-prix-du-20e-concours-des-chevaux-des-caleches\/\">Cliquez ici pour lire l&rsquo;article depuis sa source.<\/a><\/p>\n","protected":false},"excerpt":{"rendered":"<p>Marrakech \u2013 Les prix de la 20\u00e8 \u00e9dition du concours des chevaux des cal\u00e8ches touristiques ont \u00e9t\u00e9 d\u00e9cern\u00e9s, samedi \u00e0 Marrakech, lors d\u2019une c\u00e9r\u00e9monie rehauss\u00e9e par la pr\u00e9sence du ministre du Tourisme, du Transport a\u00e9rien et de l\u2019Artisanat, Mohamed Sajid. Initi\u00e9 par la Soci\u00e9t\u00e9 protectrice des Animaux et de la Nature (SPANA-Maroc), en partenariat avec [&hellip;]<\/p>\n","protected":false},"author":1788,"featured_media":0,"comment_status":"closed","ping_status":"closed","sticky":false,"template":"","format":"standard","meta":{"fifu_image_url":"","fifu_image_alt":"","footnotes":""},"categories":[54,76],"tags":[],"class_list":["post-40896","post","type-post","status-publish","format-standard","hentry","category-maroc","category-regions"],"_links":{"self":[{"href":"https:\/\/linitiative.ca\/International\/wp-json\/wp\/v2\/posts\/40896","targetHints":{"allow":["GET"]}}],"collection":[{"href":"https:\/\/linitiative.ca\/International\/wp-json\/wp\/v2\/posts"}],"about":[{"href":"https:\/\/linitiative.ca\/International\/wp-json\/wp\/v2\/types\/post"}],"author":[{"embeddable":true,"href":"https:\/\/linitiative.ca\/International\/wp-json\/wp\/v2\/users\/1788"}],"replies":[{"embeddable":true,"href":"https:\/\/linitiative.ca\/International\/wp-json\/wp\/v2\/comments?post=40896"}],"version-history":[{"count":0,"href":"https:\/\/linitiative.ca\/International\/wp-json\/wp\/v2\/posts\/40896\/revisions"}],"wp:attachment":[{"href":"https:\/\/linitiative.ca\/International\/wp-json\/wp\/v2\/media?parent=40896"}],"wp:term":[{"taxonomy":"category","embeddable":true,"href":"https:\/\/linitiative.ca\/International\/wp-json\/wp\/v2\/categories?post=40896"},{"taxonomy":"post_tag","embeddable":true,"href":"https:\/\/linitiative.ca\/International\/wp-json\/wp\/v2\/tags?post=40896"}],"curies":[{"name":"wp","href":"https:\/\/api.w.org\/{rel}","templated":true}]}}