{"id":40902,"date":"2019-06-15T23:20:02","date_gmt":"2019-06-16T03:20:02","guid":{"rendered":"https:\/\/linitiative.ca\/International\/lancement-a-berkane-du-4e-programme-rbc\/"},"modified":"2019-06-15T23:20:02","modified_gmt":"2019-06-16T03:20:02","slug":"lancement-a-berkane-du-4e-programme-rbc","status":"publish","type":"post","link":"https:\/\/linitiative.ca\/International\/lancement-a-berkane-du-4e-programme-rbc\/","title":{"rendered":"Lancement \u00e0 Berkane du 4\u00e8 programme RBC"},"content":{"rendered":"<div readability=\"40\">\n<p>Le 4\u00e8me programme R\u00e9adaptation \u00e0 Base Communautaire (RBC), s\u2019inscrivant dans le cadre du projet \u00ab\u00a0Les jeunes, levier du d\u00e9veloppement inclusif au Maroc\u00a0\u00bb, a \u00e9t\u00e9 lanc\u00e9, samedi \u00e0 Berkane, en pr\u00e9sence de plusieurs partenaires qui s\u2019activent dans l\u2019accompagnement et la promotion de la situation des personnes \u00e0 besoins sp\u00e9cifiques.<\/p>\n<\/div>\n<div readability=\"90\">\n<div readability=\"69\">\n<p>Lors de cette rencontre, marqu\u00e9e par la pr\u00e9sence notamment du gouverneur de la province de Berkane, Mohamed Ali Habouha, il a \u00e9t\u00e9 proc\u00e9d\u00e9 \u00e0 la pr\u00e9sentation des grands axes du programme RBC, ses r\u00e9alisations et ses perceptives ainsi que les moyens et modalit\u00e9s \u00e0 m\u00eame d\u2019am\u00e9liorer les opportunit\u00e9s d\u2019insertion des personnes en situation de handicap.<\/p>\n<p>Cofinanc\u00e9 par l\u2019Union Europ\u00e9enne, le projet \u00ab\u00a0Les jeunes, levier du d\u00e9veloppement inclusif au Maroc\u00a0\u00bb, r\u00e9alis\u00e9 en partenariat avec le R\u00e9seau national RBC, l\u2019association Casa Lahnina et l\u2019Ong OVCI la Nostra Famiglia, vise \u00e0 contribuer \u00e0 l\u2019am\u00e9lioration de la qualit\u00e9 de vie des personnes handicap\u00e9es et de leurs familles en r\u00e9pondant \u00e0 leurs besoins essentiels, tout en assurant leur participation et leur inclusion dans la soci\u00e9t\u00e9.<\/p>\n<p>Dans une d\u00e9claration \u00e0 la MAP, le pr\u00e9sident du R\u00e9seau national RBC, Ahmed Haouate a indiqu\u00e9 que ce projet vise \u00e0 identifier et former, au niveau de la r\u00e9gion de l\u2019Oriental, une dizaine de jeunes agents RBC qui, par la suite, vont accompagner et encadrer quelque 100 familles de personnes handicap\u00e9es, notant que ce projet, qui d\u00e9bute dans la r\u00e9gion de l\u2019Oriental, a d\u00e9j\u00e0 \u00e9t\u00e9 lanc\u00e9 dans les r\u00e9gions de Casablanca-Settat, Souss-Massa et Tanger-T\u00e9touan-Al Hoceima.<\/p>\n<p>\u00ab\u00a0A l\u2019\u00e9chelle nationale, nous allons encadrer 100 agents RBC\u00a0\u00bb, a-t-il fait savoir, notant par ailleurs, que le R\u00e9seau National RBC a d\u00e9j\u00e0 conclu un partenariat avec le minist\u00e8re de la Famille, de la Solidarit\u00e9, de l\u2019Egalit\u00e9 et du D\u00e9veloppement social, en vertu duquel un deuxi\u00e8me projet sera lanc\u00e9 en septembre prochain au niveau de la r\u00e9gion de l\u2019Oriental en vue de faire \u00e9tendre les services du R\u00e9seau \u00e0 quelque 500 familles.<\/p>\n<p>\u00ab\u00a0Au total, nous comptons encadrer plus de 12.000 familles \u00e0 l\u2019\u00e9chelle nationale\u00a0\u00bb, ajoute M. Haouate, appelant dans ce sens les diff\u00e9rents d\u00e9partements gouvernementaux et instances \u00e9lues \u00e0 multiplier les efforts et \u00e0 \u0153uvrer de concert afin de faire rapprocher les services sociaux aux personnes en situation de handicap notamment celles relevant du monde rural.<\/p>\n<p>\u00ab\u00a0La promotion de la situation des jeunes et des personnes \u00e0 besoins sp\u00e9cifiques demeure au centre de nos pr\u00e9occupations\u00a0\u00bb, a pour sa part relev\u00e9 la responsable de l\u2019Ong OVCI la Nostra Famiglia, Alessandra Braghini, notant que l\u2019Ong\u00a0organise des sessions de formation des agents de d\u00e9veloppement inclusif, capables d\u2019accompagner les personnes handicap\u00e9es et leurs familles et de leur permettre d\u2019identifier leurs besoins.<\/p>\n<\/div>\n<p><img class=\"wp-image-12719 aligncenter\" data-src=\"http:\/\/www.mapoujda.ma\/map\/uploads\/2019\/06\/Lancement-\u00e0-Berkane-du-4\u00e8-programme-RBC-M-750\u00d7430.jpg\" alt=\"\" width=\"523\" height=\"300\" srcset=\"http:\/\/www.mapoujda.ma\/map\/uploads\/2019\/06\/Lancement-\u00e0-Berkane-du-4\u00e8-programme-RBC-M-750\u00d7430.jpg 750w, http:\/\/www.mapoujda.ma\/map\/uploads\/2019\/06\/Lancement-\u00e0-Berkane-du-4\u00e8-programme-RBC-M-750\u00d7430-300x172.jpg 300w\" sizes=\"(max-width: 523px) 100vw, 523px\"\/><\/p>\n<p>\u00ab\u00a0En coop\u00e9ration avec l\u2019association Al Badr, sise \u00e0 Berkane, nous allons former des jeunes qui vont \u00e0 leur tour accompagner les familles dans la prise en charge de leurs enfants handicap\u00e9s, afin qu\u2019ils puissent effectuer eux m\u00eame les t\u00e2ches quotidiennes\u00a0\u00bb, a-t-elle ajout\u00e9.<\/p>\n<div readability=\"45\">\n<p>\u00ab\u00a0Nous sommes actifs au Maroc depuis une vingtaine d\u2019ann\u00e9es\u00a0\u00bb, a-t-elle affirm\u00e9, faisant savoir que OVCI exerce dans plusieurs pays \u00e0 travers le monde avec pour objectifs la promotion de la scolarisation des enfants handicap\u00e9s, la formation des enseignants et des familles et la cr\u00e9ation d\u2019activit\u00e9s susceptibles d\u2019am\u00e9liorer le v\u00e9cu de cette frange de la soci\u00e9t\u00e9.<\/p>\n<p>Quant \u00e0 la pr\u00e9sidente de l\u2019association Al Badr, Atia Nadia, elle a soulign\u00e9 que la r\u00e9gion de l\u2019Oriental b\u00e9n\u00e9ficiera \u00e0 coup s\u00fbr de cette initiative port\u00e9e par des organisations et instances nationales et internationales.<\/p>\n<p>L\u2019association Al Badr, a-t-elle affirm\u00e9, ne m\u00e9nagera aucun effort pour faire r\u00e9ussir ce projet, en se mettant constamment au service des personnes \u00e0 besoins sp\u00e9cifiques \u00e0 travers leur int\u00e9gration dans la vie active et leur accompagner pour aiguiser et d\u00e9velopper leurs comp\u00e9tences personnelles.<\/p>\n<p>L\u2019association s\u2019engage \u00e0 appuyer et am\u00e9liorer les conditions des personnes handicap\u00e9es \u00e0 travers notamment le renforcement des partenariats selon une approche participative \u00e0 m\u00eame d\u2019impliquer tout un chacun dans la promotion de cette cat\u00e9gorie sociale, ajoute Mme Atia.<\/p>\n<p>Cr\u00e9\u00e9 en f\u00e9vrier 2015, le R\u00e9seau national RBC se positionne comme f\u00e9d\u00e9rateur d\u2019acteurs associatifs, qui vise l\u2019acc\u00e8s universel de l\u2019ensemble des personnes en situation de handicap aux diff\u00e9rents services et leur pleine et effective participation sociale, en s\u2019appuyant sur l\u2019approche de d\u00e9veloppement inclusif fond\u00e9 sur les droits de l\u2019Homme et en mobilisant les ressources et services locaux qui sont ouverts au public aussi bien en milieu urbain que rural.<\/p>\n<p>Le R\u00e9seau national RBC vise \u00e9galement \u00e0 conjuguer les efforts des acteurs gouvernementaux et territoriaux, des personnes \u00e0 besoins sp\u00e9cifiques et de leurs familles et ce dans le respect des lois et r\u00e8glements en vigueur.<\/p>\n<\/div>\n<\/div>\n<p>Auteur: Soufiane ELAHMAR<br \/>\n<a href=\"http:\/\/www.mapoujda.ma\/fr\/lancement-a-berkane-du-4e-programme-rbc\/\">Cliquez ici pour lire l&rsquo;article depuis sa source.<\/a><\/p>\n","protected":false},"excerpt":{"rendered":"<p>Le 4\u00e8me programme R\u00e9adaptation \u00e0 Base Communautaire (RBC), s\u2019inscrivant dans le cadre du projet \u00ab\u00a0Les jeunes, levier du d\u00e9veloppement inclusif au Maroc\u00a0\u00bb, a \u00e9t\u00e9 lanc\u00e9, samedi \u00e0 Berkane, en pr\u00e9sence de plusieurs partenaires qui s\u2019activent dans l\u2019accompagnement et la promotion de la situation des personnes \u00e0 besoins sp\u00e9cifiques. Lors de cette rencontre, marqu\u00e9e par la [&hellip;]<\/p>\n","protected":false},"author":1788,"featured_media":40903,"comment_status":"closed","ping_status":"closed","sticky":false,"template":"","format":"standard","meta":{"fifu_image_url":"","fifu_image_alt":"","footnotes":""},"categories":[54,76],"tags":[],"class_list":["post-40902","post","type-post","status-publish","format-standard","has-post-thumbnail","hentry","category-maroc","category-regions"],"_links":{"self":[{"href":"https:\/\/linitiative.ca\/International\/wp-json\/wp\/v2\/posts\/40902","targetHints":{"allow":["GET"]}}],"collection":[{"href":"https:\/\/linitiative.ca\/International\/wp-json\/wp\/v2\/posts"}],"about":[{"href":"https:\/\/linitiative.ca\/International\/wp-json\/wp\/v2\/types\/post"}],"author":[{"embeddable":true,"href":"https:\/\/linitiative.ca\/International\/wp-json\/wp\/v2\/users\/1788"}],"replies":[{"embeddable":true,"href":"https:\/\/linitiative.ca\/International\/wp-json\/wp\/v2\/comments?post=40902"}],"version-history":[{"count":0,"href":"https:\/\/linitiative.ca\/International\/wp-json\/wp\/v2\/posts\/40902\/revisions"}],"wp:featuredmedia":[{"embeddable":true,"href":"https:\/\/linitiative.ca\/International\/wp-json\/"}],"wp:attachment":[{"href":"https:\/\/linitiative.ca\/International\/wp-json\/wp\/v2\/media?parent=40902"}],"wp:term":[{"taxonomy":"category","embeddable":true,"href":"https:\/\/linitiative.ca\/International\/wp-json\/wp\/v2\/categories?post=40902"},{"taxonomy":"post_tag","embeddable":true,"href":"https:\/\/linitiative.ca\/International\/wp-json\/wp\/v2\/tags?post=40902"}],"curies":[{"name":"wp","href":"https:\/\/api.w.org\/{rel}","templated":true}]}}