{"id":40910,"date":"2019-06-16T15:13:58","date_gmt":"2019-06-16T19:13:58","guid":{"rendered":"https:\/\/linitiative.ca\/International\/ligue-1-2-ess-les-joueurs-en-fin-de-contrat-fixent-un-ultimatum-a-la-direction\/"},"modified":"2019-06-16T15:13:58","modified_gmt":"2019-06-16T19:13:58","slug":"ligue-1-2-ess-les-joueurs-en-fin-de-contrat-fixent-un-ultimatum-a-la-direction","status":"publish","type":"post","link":"https:\/\/linitiative.ca\/International\/ligue-1-2-ess-les-joueurs-en-fin-de-contrat-fixent-un-ultimatum-a-la-direction\/","title":{"rendered":"Ligue 1 &amp; 2 : ESS : Les joueurs en fin de contrat fixent un ultimatum \u00e0 la direction"},"content":{"rendered":"<div readability=\"32\">\n<p>Auteur : <span>K. L.<\/span> <span class=\"time\">dimanche 16 juin 2019 11:28<\/span><\/p>\n<\/div>\n<div id=\"post_core\" readability=\"116\">\n<p>A l\u2019image des supporters, les joueurs de l\u2019E S\u00e9tif sont tr\u00e8s inquiets par rapport \u00e0 la situation actuelle du club. Naturellement, plusieurs d\u2019entre eux envisagent de faire leurs valises, mais par correction, ils ne veulent pas le faire avant d\u2019avoir discut\u00e9 avec les dirigeants. Nous avons appris en effet que les joueurs en fin de contrat, du moins ceux qui n\u2019ont pas encore d\u00e9cid\u00e9 de leur nouvelle destination, qu\u2019ils ont fix\u00e9 aux dirigeants de l\u2019ESS la journ\u00e9e du lundi, c\u2019est-\u00e0-dire demain, comme dernier d\u00e9lai pour se manifester. A partir du moment o\u00f9 ils ont fait part de leur intention de rester en donnant la priorit\u00e9 \u00e0 l\u2019Entente, ils veulent qu\u2019ils soient fix\u00e9s et rassur\u00e9s par rapport \u00e0 l\u2019avenir du club. Ils veulent aussi du concret et non des promesses. Si rien n\u2019est fait lundi, ils l\u00e8veront les voiles.<\/p>\n<p><strong>Djahnit, Zeghba et Djabou ont d\u00e9j\u00e0 quitt\u00e9 le club<\/strong><br \/>Parmi les joueurs en fin de contrat, et comme on le sait d\u00e9j\u00e0, deux joueurs ont d\u00e9j\u00e0 fait le choix de quitter l\u2019Entente, il s\u2019agit d\u2019Akram Djahnit qui est sur le point de conclure avec le Dynamo Zagreb s\u2019il renonce \u00e0 l\u2019offre \u00e9miratie, et du gardien Mustapha Zeghba qui aurait tranch\u00e9 quant \u00e0 sa prochaine destination avant qu\u2019il ne parte en vacances. Mais le premier \u00e0 avoir franchi le pas est Abdelmoumen Djabou qui a sign\u00e9 hier au MCA, officialisant ainsi son d\u00e9part de l\u2019Entente. Les autres ne manquent pas d\u2019offres, mais ils veulent laisser d\u2019abord une chance \u00e0 leur club. Bedrane, Bakir et Aiboud qui veulent se montrer corrects avant de prendre une d\u00e9cision, mais comme indiqu\u00e9 plus haut, ils n\u2019attendront pas plus longtemps. Apr\u00e8s une longue saison harassante, ils tiennent \u00e0 r\u00e9gler cette question avant de partir en vacances pour se reposer.<br \/><strong>Les sous contrats demandent des explications<\/strong><br \/>Il n\u2019y a pas que ces joueurs qui veulent partir, ceux qui sont toujours sous contrat veulent \u00e9galement \u00eatre fix\u00e9s sur la situation de leur club. Ils se seraient joints aux \u00e9l\u00e9ments en fin de contrat pour demander aux dirigeants de se manifester et de leur expliquer la situation, sachant que plusieurs d\u2019entre peuvent recourir \u00e0 la Chambre des litiges pour obtenir le droit changer de changer de club \u00e0 partir du moment o\u00f9 ils comptent plus de trois salaires non pay\u00e9s. On ne le r\u00e9p\u00e9tera jamais assez, l\u2019Entente risque la saign\u00e9e.\u00a0\u00a0 \u00a0<br \/>\u00a0<\/p>\n<p><strong>Serrar ne viendra pas<\/strong><\/p>\n<p>Quelle que soit l\u2019issue de la crise que connait en ce moment l\u2019Entente de S\u00e9tif et son pr\u00e9sident Hassan Hammar, Abdelhakim Serra ne constituera pas une partie de la solution. L\u2019ex-pr\u00e9sident de l\u2019ESS, \u00e0 qui on avait soumis l\u2019id\u00e9e de revenir au club apr\u00e8s sa d\u00e9mission de l\u2019USM Alger, vient de mettre fin au suspens et aux interrogations des supporters de l\u2019Entente quant \u00e0 son probable come-back dans la ville de A\u00efn Fouara. Serrar a en effet \u00e9cart\u00e9 cette \u00e9ventualit\u00e9 en annon\u00e7ant qu\u2019il se rendra le 19 juin prochain en Egypte pour reprendre son poste de consultant \u00e0 l\u2019ENTV durant la phase finale de la Coupe d\u2019Afrique des nations qui d\u00e9butera le 21 juin. Il en aura au moins pour un mois dans la mesure o\u00f9 la comp\u00e9tition prendra fin le 19 juillet. Par cons\u00e9quent, son retour aux affaires de l\u2019ESS n\u2019est plus \u00e0 l\u2019ordre du jour, du moins pendant cette p\u00e9riode. En plus, Abdelhakim Serrar aurait \u00e9t\u00e9 dissuad\u00e9 apr\u00e8s les \u00e9v\u00e8nements de ces derniers jours, avec la perquisition du si\u00e8ge du club et la condamnation de Hassan Hammar.<\/p>\n<p><strong>Les supporters de plus en plus inquiets<\/strong><br \/>Cette information a inqui\u00e9t\u00e9 encore plus les supporters qui esp\u00e9raient que quelqu\u2019un qui connait d\u00e9j\u00e0 la maison puisse reprendre les choses en main et pr\u00e9parer au moins la reprise des entrainements en attendant que la situation s\u2019\u00e9claircisse. En tout cas, Hammar, avant m\u00eame cette condamnation de la justice, \u00e9tait d\u00e9j\u00e0 rejet\u00e9e par la majorit\u00e9 des supporters qui n\u2019ont pas cess\u00e9, depuis plusieurs mois, \u00e0 r\u00e9clamer son d\u00e9part ainsi que celui de tous les dirigeants actuels. Et comme nous l\u2019indiquions hier, les supporters n\u2019accepteront plus que l\u2019image de leur club soit associ\u00e9e d\u00e9sormais \u00e0 Hassan Hammar qui, selon eux, l\u2019a suffisamment ternie.<br \/><strong>Vers la tenue d\u2019une assembl\u00e9e g\u00e9n\u00e9rale du club amateur<\/strong><br \/>Mais il va falloir que quelqu\u2019un prenne les choses en main, et pour le moment, aucun nom n\u2019est cit\u00e9. En effet, le probl\u00e8me est d\u2019ordre juridique. Nous avons expliqu\u00e9 hier que si Hammar est emprisonn\u00e9, c\u2019est le pr\u00e9sident du conseil d\u2019administration, ou le vice-pr\u00e9sident qui le remplacera en attendant la tenue d\u2019une assembl\u00e9e g\u00e9n\u00e9rale extraordinaire du club amateur pour d\u00e9signer un nouveau pr\u00e9sident du CSA. Le probl\u00e8me, c\u2019est que le mandant du conseil d\u2019administration est expir\u00e9 depuis plus de deux mois sans qu\u2019on proc\u00e8de \u00e0 la r\u00e9\u00e9lection de nouveaux membres. En plus clair, la SSPA\/ESS n\u2019a pas de conseil d\u2019administration et nous sommes face \u00e0 une situation de vide juridique. La solution viendra peut-\u00eatre du club amateur, en sa qualit\u00e9 d\u2019actionnaire majoritaire, mais il doit d\u2019bord tenir une AG extraordinaire pour \u00e9lire un nouveau pr\u00e9sident. Malheureusement, aucun nom ne se d\u00e9gage et personne parmi les membres de l\u2019AG ne fait l\u2019unanimit\u00e9. Hammar avait fait le vide autour de lui, maintenant \u00e0 distance tout opposant.<br \/><strong>GICA pourrait \u00eatre la solution, mais\u2026<\/strong><br \/>Il y a une autre solution, celle du rachat du club par une entreprise nationale ou priv\u00e9e. Et l\u00e0, les autorit\u00e9s locales peuvent jouer les interm\u00e9diaires. Comme annonc\u00e9 pr\u00e9c\u00e9demment par nos soins, le wali de S\u00e9tif, tr\u00e8s inquiet par la situation actuelle de l\u2019Entente, aurait soumis au groupe GICA, groupe industriel des ciments en Alg\u00e9rie, de racheter les actions de l\u2019ESS. Cela pourrait \u00eatre une solution de sortie de crise, mais selon nos informations, les responsables dudit groupe, qui ont d\u00e9j\u00e0 sponsoris\u00e9 le club, ne semblent pas emball\u00e9s par l\u2019id\u00e9e, du moins pour le moment. On attend de voir comment les choses vont \u00e9voluer dans les heures qui viennent avant de prendre une d\u00e9cision. D\u2019ici l\u00e0, la situation reste confuse.<br \/>\u00a0<\/p>\n<p><strong>Publi\u00e9 dans :<\/strong> <span>ess<\/span> <span>Serrar<\/span><\/p>\n<\/div>\n<p>Auteur:<br \/>\n<a href=\"http:\/\/www.lebuteur.com\/article\/detail?titre=ess-les-joueurs-en-fin-de-contrat-fixent-un-ultimatum-a-la-direction&#038;id=89616&#038;utm_source=feedburner&#038;utm_medium=feed&#038;utm_campaign=Feed%3A+GalerieFArtciles+%28Les+derniers+articles++-+lebuteur.com%29\">Cliquez ici pour lire l&rsquo;article depuis sa source.<\/a><\/p>\n","protected":false},"excerpt":{"rendered":"<p>Auteur : K. L. dimanche 16 juin 2019 11:28 A l\u2019image des supporters, les joueurs de l\u2019E S\u00e9tif sont tr\u00e8s inquiets par rapport \u00e0 la situation actuelle du club. Naturellement, plusieurs d\u2019entre eux envisagent de faire leurs valises, mais par correction, ils ne veulent pas le faire avant d\u2019avoir discut\u00e9 avec les dirigeants. Nous avons [&hellip;]<\/p>\n","protected":false},"author":1738,"featured_media":40911,"comment_status":"closed","ping_status":"closed","sticky":false,"template":"","format":"standard","meta":{"fifu_image_url":"","fifu_image_alt":"","footnotes":""},"categories":[53,75],"tags":[],"class_list":["post-40910","post","type-post","status-publish","format-standard","has-post-thumbnail","hentry","category-algerie","category-sport"],"_links":{"self":[{"href":"https:\/\/linitiative.ca\/International\/wp-json\/wp\/v2\/posts\/40910","targetHints":{"allow":["GET"]}}],"collection":[{"href":"https:\/\/linitiative.ca\/International\/wp-json\/wp\/v2\/posts"}],"about":[{"href":"https:\/\/linitiative.ca\/International\/wp-json\/wp\/v2\/types\/post"}],"author":[{"embeddable":true,"href":"https:\/\/linitiative.ca\/International\/wp-json\/wp\/v2\/users\/1738"}],"replies":[{"embeddable":true,"href":"https:\/\/linitiative.ca\/International\/wp-json\/wp\/v2\/comments?post=40910"}],"version-history":[{"count":0,"href":"https:\/\/linitiative.ca\/International\/wp-json\/wp\/v2\/posts\/40910\/revisions"}],"wp:featuredmedia":[{"embeddable":true,"href":"https:\/\/linitiative.ca\/International\/wp-json\/"}],"wp:attachment":[{"href":"https:\/\/linitiative.ca\/International\/wp-json\/wp\/v2\/media?parent=40910"}],"wp:term":[{"taxonomy":"category","embeddable":true,"href":"https:\/\/linitiative.ca\/International\/wp-json\/wp\/v2\/categories?post=40910"},{"taxonomy":"post_tag","embeddable":true,"href":"https:\/\/linitiative.ca\/International\/wp-json\/wp\/v2\/tags?post=40910"}],"curies":[{"name":"wp","href":"https:\/\/api.w.org\/{rel}","templated":true}]}}