{"id":40916,"date":"2019-06-16T15:14:02","date_gmt":"2019-06-16T19:14:02","guid":{"rendered":"https:\/\/linitiative.ca\/International\/afrique-la-valeur-marchande-dun-joueur-de-la-can-superieure-a-10-autres-selections-reunies\/"},"modified":"2019-06-16T15:14:02","modified_gmt":"2019-06-16T19:14:02","slug":"afrique-la-valeur-marchande-dun-joueur-de-la-can-superieure-a-10-autres-selections-reunies","status":"publish","type":"post","link":"https:\/\/linitiative.ca\/International\/afrique-la-valeur-marchande-dun-joueur-de-la-can-superieure-a-10-autres-selections-reunies\/","title":{"rendered":"Afrique : La valeur marchande d\u2019un joueur de la CAN sup\u00e9rieure \u00e0 10 autres s\u00e9lections r\u00e9unies"},"content":{"rendered":"<div readability=\"32\">\n<p>Auteur : <span class=\"time\">dimanche 16 juin 2019 12:06<\/span><\/p>\n<\/div>\n<div id=\"post_core\" readability=\"55\">\n<p>Si certaines nations pourront compter sur des stars qui \u00e9voluent dans les meilleurs championnats europ\u00e9ens et mondiaux, d\u2019autres s\u00e9lections vont par contre devoir s\u2019appuyer sur des joueurs de moindre renomm\u00e9e et dans la valeur marchande cumul\u00e9e est loin d\u2019arriver \u00e0 celle de l\u2019international \u00e9gyptien Mohamed Salah.<\/p>\n<p>En effet, le prix du joueur de Liverpool est estim\u00e9 \u00e0 150 millions d\u2019euros, ce qui sup\u00e9rieur de 25 millions d\u2019euros \u00e0 la valeur marchande cumul\u00e9e de 10 nations de cette CAN (123 millions d\u2019euros), \u00e0 savoir le Burundi, le Zimbabwe, l\u2019Ouganda, Madagascar, la Namibie, la Tanzanie, l\u2019Angola, la Mauritanie, le B\u00e9nin et la Guin\u00e9e-Bissau.<\/p>\n<p>Rappelons que la valeur marchande de Riyad Mahrez est de 60 millions d\u2019euros et qu\u2019il se classe \u00e0 la 5\u00e8me\u00a0 place des joueurs les plus chers de cette comp\u00e9tition africaine. \u00a0<\/p>\n<p><strong>Publi\u00e9 dans :<\/strong> <span>CAN 2019<\/span><\/p>\n<\/div>\n<p>Auteur:<br \/>\n<a href=\"http:\/\/www.lebuteur.com\/article\/detail?titre=la-valeur-marchande-dun-joueur-de-la-can-superieure-a-10-autres-selections-reunies&#038;id=89635&#038;utm_source=feedburner&#038;utm_medium=feed&#038;utm_campaign=Feed%3A+GalerieFArtciles+%28Les+derniers+articles++-+lebuteur.com%29\">Cliquez ici pour lire l&rsquo;article depuis sa source.<\/a><\/p>\n","protected":false},"excerpt":{"rendered":"<p>Auteur : dimanche 16 juin 2019 12:06 Si certaines nations pourront compter sur des stars qui \u00e9voluent dans les meilleurs championnats europ\u00e9ens et mondiaux, d\u2019autres s\u00e9lections vont par contre devoir s\u2019appuyer sur des joueurs de moindre renomm\u00e9e et dans la valeur marchande cumul\u00e9e est loin d\u2019arriver \u00e0 celle de l\u2019international \u00e9gyptien Mohamed Salah. En effet, [&hellip;]<\/p>\n","protected":false},"author":1738,"featured_media":40917,"comment_status":"closed","ping_status":"closed","sticky":false,"template":"","format":"standard","meta":{"fifu_image_url":"","fifu_image_alt":"","footnotes":""},"categories":[53,75],"tags":[],"class_list":["post-40916","post","type-post","status-publish","format-standard","has-post-thumbnail","hentry","category-algerie","category-sport"],"_links":{"self":[{"href":"https:\/\/linitiative.ca\/International\/wp-json\/wp\/v2\/posts\/40916","targetHints":{"allow":["GET"]}}],"collection":[{"href":"https:\/\/linitiative.ca\/International\/wp-json\/wp\/v2\/posts"}],"about":[{"href":"https:\/\/linitiative.ca\/International\/wp-json\/wp\/v2\/types\/post"}],"author":[{"embeddable":true,"href":"https:\/\/linitiative.ca\/International\/wp-json\/wp\/v2\/users\/1738"}],"replies":[{"embeddable":true,"href":"https:\/\/linitiative.ca\/International\/wp-json\/wp\/v2\/comments?post=40916"}],"version-history":[{"count":0,"href":"https:\/\/linitiative.ca\/International\/wp-json\/wp\/v2\/posts\/40916\/revisions"}],"wp:featuredmedia":[{"embeddable":true,"href":"https:\/\/linitiative.ca\/International\/wp-json\/"}],"wp:attachment":[{"href":"https:\/\/linitiative.ca\/International\/wp-json\/wp\/v2\/media?parent=40916"}],"wp:term":[{"taxonomy":"category","embeddable":true,"href":"https:\/\/linitiative.ca\/International\/wp-json\/wp\/v2\/categories?post=40916"},{"taxonomy":"post_tag","embeddable":true,"href":"https:\/\/linitiative.ca\/International\/wp-json\/wp\/v2\/tags?post=40916"}],"curies":[{"name":"wp","href":"https:\/\/api.w.org\/{rel}","templated":true}]}}