{"id":40920,"date":"2019-06-16T15:14:04","date_gmt":"2019-06-16T19:14:04","guid":{"rendered":"https:\/\/linitiative.ca\/International\/equipe-dalgerie-le-president-de-montpellier-reagit-a-la-convocation-de-delort-en-equipe-nationale\/"},"modified":"2019-06-16T15:14:04","modified_gmt":"2019-06-16T19:14:04","slug":"equipe-dalgerie-le-president-de-montpellier-reagit-a-la-convocation-de-delort-en-equipe-nationale","status":"publish","type":"post","link":"https:\/\/linitiative.ca\/International\/equipe-dalgerie-le-president-de-montpellier-reagit-a-la-convocation-de-delort-en-equipe-nationale\/","title":{"rendered":"Equipe d&rsquo;Alg\u00e9rie : Le pr\u00e9sident de Montpellier r\u00e9agit \u00e0 la convocation de Delort en \u00e9quipe nationale"},"content":{"rendered":"<div readability=\"32\">\n<p>Auteur : <span class=\"time\">dimanche 16 juin 2019 13:54<\/span><\/p>\n<\/div>\n<div id=\"post_core\" readability=\"44\">\n<p>A l&rsquo;occasion de son passage dans l&rsquo;\u00e9mission Team Duga, Laurent Nicollin, le pr\u00e9sident de Montpellier, s\u2019est exprim\u00e9 sur la convocation d&rsquo;Andly Delort en \u00e9quipe d&rsquo;Alg\u00e9rie pour remplacer Belkebla :<\/p>\n<p>\u00ab\u00a0Il (Delort) m\u2019a appeler hier soir (mercredi) pour m\u2019annoncer la bonne nouvelle pour lui, qu\u2019il rejoignait \u00e0 Doha la s\u00e9lection alg\u00e9rienne. Je suis heureux et ravi pour lui. Ca va lui faire des matchs, j\u2019aurais pr\u00e9f\u00e9r\u00e9 qu\u2019il se repose pour se pr\u00e9parer pour la saison prochaine mais je pense que quand on peut vivre de telles comp\u00e9titions en tant que joueur\u2026 Comme c\u2019est quelqu\u2019un qui se donne toujours \u00e0 fond je sais qu\u2019il est a fond pour cette CAN donc je lui souhaite de marquer beaucoup de buts avec l\u2019Alg\u00e9rie\u00a0\u00bb. Des propos relay\u00e9s par allezpaillade.com.<\/p>\n<p><strong>Publi\u00e9 dans :<\/strong> <span>Delort<\/span><\/p>\n<\/div>\n<p>Auteur:<br \/>\n<a href=\"http:\/\/www.lebuteur.com\/article\/detail?titre=le-president-de-montpellier-reagit-a-la-convocation-de-delort-en-equipe-nationale&#038;id=89639&#038;utm_source=feedburner&#038;utm_medium=feed&#038;utm_campaign=Feed%3A+GalerieFArtciles+%28Les+derniers+articles++-+lebuteur.com%29\">Cliquez ici pour lire l&rsquo;article depuis sa source.<\/a><\/p>\n","protected":false},"excerpt":{"rendered":"<p>Auteur : dimanche 16 juin 2019 13:54 A l&rsquo;occasion de son passage dans l&rsquo;\u00e9mission Team Duga, Laurent Nicollin, le pr\u00e9sident de Montpellier, s\u2019est exprim\u00e9 sur la convocation d&rsquo;Andly Delort en \u00e9quipe d&rsquo;Alg\u00e9rie pour remplacer Belkebla : \u00ab\u00a0Il (Delort) m\u2019a appeler hier soir (mercredi) pour m\u2019annoncer la bonne nouvelle pour lui, qu\u2019il rejoignait \u00e0 Doha la [&hellip;]<\/p>\n","protected":false},"author":1738,"featured_media":40921,"comment_status":"closed","ping_status":"closed","sticky":false,"template":"","format":"standard","meta":{"fifu_image_url":"","fifu_image_alt":"","footnotes":""},"categories":[53,75],"tags":[],"class_list":["post-40920","post","type-post","status-publish","format-standard","has-post-thumbnail","hentry","category-algerie","category-sport"],"_links":{"self":[{"href":"https:\/\/linitiative.ca\/International\/wp-json\/wp\/v2\/posts\/40920","targetHints":{"allow":["GET"]}}],"collection":[{"href":"https:\/\/linitiative.ca\/International\/wp-json\/wp\/v2\/posts"}],"about":[{"href":"https:\/\/linitiative.ca\/International\/wp-json\/wp\/v2\/types\/post"}],"author":[{"embeddable":true,"href":"https:\/\/linitiative.ca\/International\/wp-json\/wp\/v2\/users\/1738"}],"replies":[{"embeddable":true,"href":"https:\/\/linitiative.ca\/International\/wp-json\/wp\/v2\/comments?post=40920"}],"version-history":[{"count":0,"href":"https:\/\/linitiative.ca\/International\/wp-json\/wp\/v2\/posts\/40920\/revisions"}],"wp:featuredmedia":[{"embeddable":true,"href":"https:\/\/linitiative.ca\/International\/wp-json\/"}],"wp:attachment":[{"href":"https:\/\/linitiative.ca\/International\/wp-json\/wp\/v2\/media?parent=40920"}],"wp:term":[{"taxonomy":"category","embeddable":true,"href":"https:\/\/linitiative.ca\/International\/wp-json\/wp\/v2\/categories?post=40920"},{"taxonomy":"post_tag","embeddable":true,"href":"https:\/\/linitiative.ca\/International\/wp-json\/wp\/v2\/tags?post=40920"}],"curies":[{"name":"wp","href":"https:\/\/api.w.org\/{rel}","templated":true}]}}