{"id":40922,"date":"2019-06-16T15:14:05","date_gmt":"2019-06-16T19:14:05","guid":{"rendered":"https:\/\/linitiative.ca\/International\/international-psg-buffon-justifie-son-depart\/"},"modified":"2019-06-16T15:14:05","modified_gmt":"2019-06-16T19:14:05","slug":"international-psg-buffon-justifie-son-depart","status":"publish","type":"post","link":"https:\/\/linitiative.ca\/International\/international-psg-buffon-justifie-son-depart\/","title":{"rendered":"International : PSG : Buffon justifie son d\u00e9part"},"content":{"rendered":"<div readability=\"32\">\n<p>Auteur : <span class=\"time\">dimanche 16 juin 2019 14:30<\/span><\/p>\n<\/div>\n<div id=\"post_core\" readability=\"48\">\n<p>Comme pressenti, le portier italien a refus\u00e9 de rester en raison d&rsquo;un r\u00f4le de num\u00e9ro 2.<\/p>\n<p>\u00ab\u00a0Il y a d\u00e9j\u00e0 cinq mois, le PSG m\u2019avait annonc\u00e9 qu\u2019\u00e0 la fin de la saison, il me proposait un r\u00f4le de deuxi\u00e8me gardien. D\u00e8s janvier, j\u2019avais tout le temps d\u2019y r\u00e9fl\u00e9chir. Et j\u2019en suis venu \u00e0 la conclusion que ce n\u2019\u00e9tait pas pour moi. Alors j\u2019ai renonc\u00e9 \u00e0 8 millions et \u00e0 l\u2019option d\u2019une ann\u00e9e. Leur demande \u00e9tait absolument l\u00e9gitime, compr\u00e9hensible et l\u2019offre attrayante. Mais, \u00e0 41 ans, j\u2019ai un besoin presque physique d\u2019\u00e9motion, je suis \u00e0 la recherche d\u2019\u00e9motions\u00a0\u00bb, a fait savoir Buffon rapporte Maxifoot.<\/p>\n<p><strong>Publi\u00e9 dans :<\/strong> <span>PSG<\/span> <span>Buffon<\/span><\/p>\n<\/div>\n<p>Auteur:<br \/>\n<a href=\"http:\/\/www.lebuteur.com\/article\/detail?titre=psg-buffon-justifie-son-depart&#038;id=89637&#038;utm_source=feedburner&#038;utm_medium=feed&#038;utm_campaign=Feed%3A+GalerieFArtciles+%28Les+derniers+articles++-+lebuteur.com%29\">Cliquez ici pour lire l&rsquo;article depuis sa source.<\/a><\/p>\n","protected":false},"excerpt":{"rendered":"<p>Auteur : dimanche 16 juin 2019 14:30 Comme pressenti, le portier italien a refus\u00e9 de rester en raison d&rsquo;un r\u00f4le de num\u00e9ro 2. \u00ab\u00a0Il y a d\u00e9j\u00e0 cinq mois, le PSG m\u2019avait annonc\u00e9 qu\u2019\u00e0 la fin de la saison, il me proposait un r\u00f4le de deuxi\u00e8me gardien. D\u00e8s janvier, j\u2019avais tout le temps d\u2019y r\u00e9fl\u00e9chir. [&hellip;]<\/p>\n","protected":false},"author":1738,"featured_media":40923,"comment_status":"closed","ping_status":"closed","sticky":false,"template":"","format":"standard","meta":{"fifu_image_url":"","fifu_image_alt":"","footnotes":""},"categories":[53,75],"tags":[],"class_list":["post-40922","post","type-post","status-publish","format-standard","has-post-thumbnail","hentry","category-algerie","category-sport"],"_links":{"self":[{"href":"https:\/\/linitiative.ca\/International\/wp-json\/wp\/v2\/posts\/40922","targetHints":{"allow":["GET"]}}],"collection":[{"href":"https:\/\/linitiative.ca\/International\/wp-json\/wp\/v2\/posts"}],"about":[{"href":"https:\/\/linitiative.ca\/International\/wp-json\/wp\/v2\/types\/post"}],"author":[{"embeddable":true,"href":"https:\/\/linitiative.ca\/International\/wp-json\/wp\/v2\/users\/1738"}],"replies":[{"embeddable":true,"href":"https:\/\/linitiative.ca\/International\/wp-json\/wp\/v2\/comments?post=40922"}],"version-history":[{"count":0,"href":"https:\/\/linitiative.ca\/International\/wp-json\/wp\/v2\/posts\/40922\/revisions"}],"wp:featuredmedia":[{"embeddable":true,"href":"https:\/\/linitiative.ca\/International\/wp-json\/"}],"wp:attachment":[{"href":"https:\/\/linitiative.ca\/International\/wp-json\/wp\/v2\/media?parent=40922"}],"wp:term":[{"taxonomy":"category","embeddable":true,"href":"https:\/\/linitiative.ca\/International\/wp-json\/wp\/v2\/categories?post=40922"},{"taxonomy":"post_tag","embeddable":true,"href":"https:\/\/linitiative.ca\/International\/wp-json\/wp\/v2\/tags?post=40922"}],"curies":[{"name":"wp","href":"https:\/\/api.w.org\/{rel}","templated":true}]}}