{"id":40924,"date":"2019-06-16T15:14:07","date_gmt":"2019-06-16T19:14:07","guid":{"rendered":"https:\/\/linitiative.ca\/International\/international-copa-america-colombie-coup-dur-pour-luis-muriel\/"},"modified":"2019-06-16T15:14:07","modified_gmt":"2019-06-16T19:14:07","slug":"international-copa-america-colombie-coup-dur-pour-luis-muriel","status":"publish","type":"post","link":"https:\/\/linitiative.ca\/International\/international-copa-america-colombie-coup-dur-pour-luis-muriel\/","title":{"rendered":"International : Copa America &#8211; Colombie : Coup dur pour Luis Muriel"},"content":{"rendered":"<div readability=\"32\">\n<p>Auteur : <span class=\"time\">dimanche 16 juin 2019 15:15<\/span><\/p>\n<\/div>\n<div id=\"post_core\" readability=\"43\">\n<p>En parall\u00e8le, les Cafeteros enregistrent une mauvaise nouvelle avec le forfait pour le reste de la comp\u00e9tition de Luis Muriel.<\/p>\n<p>Titulaire contre l\u2019Albiceleste, l\u2019attaquant s\u2019est bless\u00e9 au genou assez t\u00f4t dans le match lors d\u2019un contact avec Leandro Paredes. Rest\u00e9 sur le terrain quelques instants, il a rapidement \u00e9t\u00e9 remplac\u00e9 (14e minute). Selon Footmercato, il souffre d\u2019un ligament au genou gauche<\/p>\n<p><strong>Publi\u00e9 dans :<\/strong> <span>Colombie<\/span> <span>Lui Muriel<\/span><\/p>\n<\/div>\n<p>Auteur:<br \/>\n<a href=\"http:\/\/www.lebuteur.com\/article\/detail?titre=copa-america-colombie-coup-dur-pour-luis-muriel&#038;id=89638&#038;utm_source=feedburner&#038;utm_medium=feed&#038;utm_campaign=Feed%3A+GalerieFArtciles+%28Les+derniers+articles++-+lebuteur.com%29\">Cliquez ici pour lire l&rsquo;article depuis sa source.<\/a><\/p>\n","protected":false},"excerpt":{"rendered":"<p>Auteur : dimanche 16 juin 2019 15:15 En parall\u00e8le, les Cafeteros enregistrent une mauvaise nouvelle avec le forfait pour le reste de la comp\u00e9tition de Luis Muriel. Titulaire contre l\u2019Albiceleste, l\u2019attaquant s\u2019est bless\u00e9 au genou assez t\u00f4t dans le match lors d\u2019un contact avec Leandro Paredes. Rest\u00e9 sur le terrain quelques instants, il a rapidement [&hellip;]<\/p>\n","protected":false},"author":1738,"featured_media":40925,"comment_status":"closed","ping_status":"closed","sticky":false,"template":"","format":"standard","meta":{"fifu_image_url":"","fifu_image_alt":"","footnotes":""},"categories":[53,75],"tags":[],"class_list":["post-40924","post","type-post","status-publish","format-standard","has-post-thumbnail","hentry","category-algerie","category-sport"],"_links":{"self":[{"href":"https:\/\/linitiative.ca\/International\/wp-json\/wp\/v2\/posts\/40924","targetHints":{"allow":["GET"]}}],"collection":[{"href":"https:\/\/linitiative.ca\/International\/wp-json\/wp\/v2\/posts"}],"about":[{"href":"https:\/\/linitiative.ca\/International\/wp-json\/wp\/v2\/types\/post"}],"author":[{"embeddable":true,"href":"https:\/\/linitiative.ca\/International\/wp-json\/wp\/v2\/users\/1738"}],"replies":[{"embeddable":true,"href":"https:\/\/linitiative.ca\/International\/wp-json\/wp\/v2\/comments?post=40924"}],"version-history":[{"count":0,"href":"https:\/\/linitiative.ca\/International\/wp-json\/wp\/v2\/posts\/40924\/revisions"}],"wp:featuredmedia":[{"embeddable":true,"href":"https:\/\/linitiative.ca\/International\/wp-json\/"}],"wp:attachment":[{"href":"https:\/\/linitiative.ca\/International\/wp-json\/wp\/v2\/media?parent=40924"}],"wp:term":[{"taxonomy":"category","embeddable":true,"href":"https:\/\/linitiative.ca\/International\/wp-json\/wp\/v2\/categories?post=40924"},{"taxonomy":"post_tag","embeddable":true,"href":"https:\/\/linitiative.ca\/International\/wp-json\/wp\/v2\/tags?post=40924"}],"curies":[{"name":"wp","href":"https:\/\/api.w.org\/{rel}","templated":true}]}}