{"id":40927,"date":"2019-06-15T19:00:00","date_gmt":"2019-06-15T23:00:00","guid":{"rendered":"https:\/\/linitiative.ca\/International\/schizophrenie-plus-de-420-000-algeriens-concernes\/"},"modified":"2019-06-15T19:00:00","modified_gmt":"2019-06-15T23:00:00","slug":"schizophrenie-plus-de-420-000-algeriens-concernes","status":"publish","type":"post","link":"https:\/\/linitiative.ca\/International\/schizophrenie-plus-de-420-000-algeriens-concernes\/","title":{"rendered":"Schizophr\u00e9nie :  Plus de 420.000 alg\u00e9riens concern\u00e9s"},"content":{"rendered":"<p>\u00a0Les participants \u00e0 la journ\u00e9e de formation et de sensibilisation sur la schizophr\u00e9nie ont soulign\u00e9 le r\u00f4le du m\u00e9decin g\u00e9n\u00e9raliste et du psychologue dans le d\u00e9pistage et la prise en charge pr\u00e9coce de cette pathologie qui affecte pas moins de 1% de la population alg\u00e9rienne.<br \/>Cette journ\u00e9e, organis\u00e9e hier \u00e0 l\u2019h\u00f4tel Mercure (Alger), par le laboratoire pharmaceutique \u00abJanssen Alg\u00e9rie\u00bb, en collaboration avec le minist\u00e8re de la Sant\u00e9, a \u00e9t\u00e9 mise \u00e0 profit pour d\u00e9battre la prise en charge de la schizophr\u00e9nie en Alg\u00e9rie, qui, selon les sp\u00e9cialistes, fait face \u00e0 \u00abdiverses contraintes\u00bb en termes du nombre de praticiens et de structures sp\u00e9cialis\u00e9s.<br \/>Intervenant, lors d\u2019une conf\u00e9rence de presse tenue en marge de cette journ\u00e9e, le professeur Mohamed Chakali a \u00e9voqu\u00e9 le plan national de promotion de la sant\u00e9 mentale, mis en \u0153uvre depuis 2017 dans le but d\u2019organiser les ressources\u00a0 pour r\u00e9pondre au \u00abmieux\u00bb aux besoins de sant\u00e9 mentale en Alg\u00e9rie, et soulign\u00e9 l\u2019importance de ce plan qui accorde la priorit\u00e9 \u00e0 la formation des m\u00e9decins g\u00e9n\u00e9ralistes. Une formation qui constitue, selon lui, la \u00abpierre angulaire\u00bb du syst\u00e8me de sant\u00e9, en g\u00e9n\u00e9ral, et dans le d\u00e9pistage et prise en charge pr\u00e9coce des pathologies mentales, en particulier.<br \/>Il fera savoir, dans ce sillage, que plus de 800.000 consultations sp\u00e9cialis\u00e9es au niveau des diff\u00e9rents services de psychiatrie ont \u00e9t\u00e9 enregistr\u00e9es.<br \/>Poursuivant ses propos, le psychiatre a affirm\u00e9 que la schizophr\u00e9nie, une pathologie qui touche les sujets \u00e2g\u00e9s de 15 \u00e0 25 ans, affecte 1% de la population alg\u00e9rienne, soit plus de 420.000 personnes.<br \/>Relevant l\u2019importance de la formation sp\u00e9cialis\u00e9e des troubles mentaux, l\u2019intervenant a mis l\u2019accent sur la n\u00e9cessit\u00e9 de former \u00abdavantage\u00bb de m\u00e9decins en vue d\u2019assurer une \u00abcontinuit\u00e9\u00bb et un \u00abr\u00e9\u00e9quilibrage\u00bb en soins, aussi bien en hospitalisation qu\u2019en ambulatoire. Il fera part, par ailleurs, du manque enregistr\u00e9 en termes de lits, dont le nombre est estim\u00e9 \u00e0 5.000 au niveau des structures de soins, consid\u00e9rant ce nombre en-de\u00e7\u00e0 des besoins, notamment pour la prise en charge des cas s\u00e9v\u00e8res qui n\u00e9cessitent une hospitalisation.<br \/>Le Pr Chakali a \u00e9galement \u00e9voqu\u00e9 le probl\u00e8me de non-application des textes r\u00e9glementaires, appelant \u00e0 la mise en place de \u00abpasserelles\u00bb entre les secteurs public et priv\u00e9.<br \/>L\u2019orateur mettra en garde l\u2019assistance sur certaines pratiques pouvant \u00eatre gravement nuisibles\u00a0 \u00e0 la sant\u00e9 de ces malades, appelant \u00e0 la sensibilisation de la soci\u00e9t\u00e9 quant \u00e0 une meilleure compr\u00e9hension de la pathologie.<br \/>L\u2019accent sera mis, dans ce cadre, sur la question du recours syst\u00e9matique \u00e0 la m\u00e9decine parall\u00e8le et aux gu\u00e9risseurs, d\u00fb \u00e0 une m\u00e9connaissance de la maladie\u00a0 qui demeure chez\u00a0 certaines familles \u00abtaboue\u00bb.<br \/>Selon le Pr Chakali, la prise en charge de la schizophr\u00e9nie, qui est une maladie chronique, n\u00e9cessite de plusieurs secteurs : la sant\u00e9, la solidarit\u00e9 et la s\u00e9curit\u00e9 sociale, tout en soulignant le r\u00f4le que doit jouer la famille dans ce processus.<br \/>De son c\u00f4t\u00e9, le Pr Farid Kacha, chef de service\u00a0 psychiatrie \u00e0 l\u2019EHS de Ch\u00e9raga (Alger), a fait part de la complexit\u00e9 de la maladie qui r\u00e9side dans \u00abla difficult\u00e9 d\u2019identification\u00bb de ses sympt\u00f4mes par le praticien.<br \/>Il note, dans ce cadre, l\u2019importance d\u2019impliquer les psychologues dans le processus de prise en charge des malades atteints de schizophr\u00e9nie.<\/p>\n<p><strong>Lancement d\u2019une enqu\u00eate sur la situation \u00e9pid\u00e9miologique de la schizophr\u00e9nie<\/strong><\/p>\n<p>Pour sa part, le Pr Mohamed Tayeb Benatmane, chef de service psychiatrie au CHU Mustapha-Pacha, a insist\u00e9 sur l\u2019importance de d\u00e9tecter les premiers signes qui peuvent alerter les parents sur l\u2019\u00e9tat de leur enfant. Il cite, dans ce sens, la modification du comportement comme l\u2019isolement, le manque de sommeil, l\u2019irritabilit\u00e9 et la baisse du rendement scolaire, appelant les parents \u00e0 prendre au s\u00e9rieux ces troubles d\u00e8s leur apparition. \u00abLes parents doivent \u00eatre proches de leurs enfants d\u00e8s leur jeune \u00e2ge afin de d\u00e9tecter les sympt\u00f4mes r\u00e9v\u00e9lateurs de troubles mentaux\u00bb, a-t-il fait remarquer, non sans insister sur la prise en charge \u00abpr\u00e9coce\u00bb pour \u00e9viter l\u2019installation de la \u00abpsychose\u00bb.<br \/>Le Pr Benatmane, qui est \u00e9galement pr\u00e9sident de la soci\u00e9t\u00e9 alg\u00e9rienne d\u2019\u00e9pid\u00e9miologie psychiatrique, a fait part de la disponibilit\u00e9 du traitement, et pr\u00e9cis\u00e9 que les m\u00e9dicaments destin\u00e9s \u00e0 la schizophr\u00e9nie sont actuellement beaucoup plus tol\u00e9r\u00e9s et peuvent donner, gr\u00e2ce \u00e0 une prise en charge \u00abad\u00e9quate\u00bb, des r\u00e9sultats \u00abspectaculaires\u00bb.<br \/>Il a, par ailleurs, annonc\u00e9 le lancement, en collaboration avec le minist\u00e8re de la Sant\u00e9 et l\u2019Institut national de sant\u00e9 publique (INSP),\u00a0 d\u2019une enqu\u00eate sur la situation \u00e9pid\u00e9miologique de la schizophr\u00e9nie.<br \/>\u00abCeci permettra d\u2019optimiser la prise en charge de cette pathologie qui figure parmi les probl\u00e8mes de sant\u00e9 publique\u00bb, a-t-il soulign\u00e9. Pr\u00e9sente \u00e0 cette journ\u00e9e, Mme Salima Kheireddine, pr\u00e9sidente de l\u2019Association des parents et amis des malades mentaux (APAMM), cr\u00e9\u00e9e en 2000, a appel\u00e9 les pouvoir publics \u00e0 apporter assistance aux familles des malades qui vivent dans une pr\u00e9carit\u00e9 sociale. \u00abIl faut savoir qu\u2019il existe des cas o\u00f9 l\u2019on retrouve 3 \u00e0 5 malades dans une m\u00eame famille\u00bb, a soulign\u00e9 la pr\u00e9sidente de l\u2019APAMM, qui ne m\u00e9nage pas d\u2019efforts pour \u00abaider ceux qui viennent frapper \u00e0 la porte de l\u2019association\u00bb.<br \/>\u00a0\u00a0\u00a0 Kam\u00e9lia Hadjib<\/p>\n<p>Auteur: elmoudjahid<br \/>\n<a href=\"http:\/\/www.elmoudjahid.com\/fr\/actualites\/138128\">Cliquez ici pour lire l&rsquo;article depuis sa source.<\/a><\/p>\n","protected":false},"excerpt":{"rendered":"<p>\u00a0Les participants \u00e0 la journ\u00e9e de formation et de sensibilisation sur la schizophr\u00e9nie ont soulign\u00e9 le r\u00f4le du m\u00e9decin g\u00e9n\u00e9raliste et du psychologue dans le d\u00e9pistage et la prise en charge pr\u00e9coce de cette pathologie qui affecte pas moins de 1% de la population alg\u00e9rienne.Cette journ\u00e9e, organis\u00e9e hier \u00e0 l\u2019h\u00f4tel Mercure (Alger), par le laboratoire [&hellip;]<\/p>\n","protected":false},"author":1744,"featured_media":0,"comment_status":"closed","ping_status":"closed","sticky":false,"template":"","format":"standard","meta":{"fifu_image_url":"","fifu_image_alt":"","footnotes":""},"categories":[73,53],"tags":[],"class_list":["post-40927","post","type-post","status-publish","format-standard","hentry","category-actualite","category-algerie"],"_links":{"self":[{"href":"https:\/\/linitiative.ca\/International\/wp-json\/wp\/v2\/posts\/40927","targetHints":{"allow":["GET"]}}],"collection":[{"href":"https:\/\/linitiative.ca\/International\/wp-json\/wp\/v2\/posts"}],"about":[{"href":"https:\/\/linitiative.ca\/International\/wp-json\/wp\/v2\/types\/post"}],"author":[{"embeddable":true,"href":"https:\/\/linitiative.ca\/International\/wp-json\/wp\/v2\/users\/1744"}],"replies":[{"embeddable":true,"href":"https:\/\/linitiative.ca\/International\/wp-json\/wp\/v2\/comments?post=40927"}],"version-history":[{"count":0,"href":"https:\/\/linitiative.ca\/International\/wp-json\/wp\/v2\/posts\/40927\/revisions"}],"wp:attachment":[{"href":"https:\/\/linitiative.ca\/International\/wp-json\/wp\/v2\/media?parent=40927"}],"wp:term":[{"taxonomy":"category","embeddable":true,"href":"https:\/\/linitiative.ca\/International\/wp-json\/wp\/v2\/categories?post=40927"},{"taxonomy":"post_tag","embeddable":true,"href":"https:\/\/linitiative.ca\/International\/wp-json\/wp\/v2\/tags?post=40927"}],"curies":[{"name":"wp","href":"https:\/\/api.w.org\/{rel}","templated":true}]}}