{"id":40929,"date":"2019-06-15T19:00:00","date_gmt":"2019-06-15T23:00:00","guid":{"rendered":"https:\/\/linitiative.ca\/International\/sclerose-en-plaques-sensibilisation-du-grand-public\/"},"modified":"2019-06-15T19:00:00","modified_gmt":"2019-06-15T23:00:00","slug":"sclerose-en-plaques-sensibilisation-du-grand-public","status":"publish","type":"post","link":"https:\/\/linitiative.ca\/International\/sclerose-en-plaques-sensibilisation-du-grand-public\/","title":{"rendered":"Scl\u00e9rose en plaques : Sensibilisation du grand public"},"content":{"rendered":"<p>C\u2019est sous le th\u00e8me de la scl\u00e9rose en plaques (SEP) invisible qu\u2019est c\u00e9l\u00e9br\u00e9e cette ann\u00e9e la Journ\u00e9e mondiale d\u00e9di\u00e9e \u00e0 cette maladie. \u00c0 l\u2019instar de tous les pays du monde, l\u2019Alg\u00e9rie a comm\u00e9mor\u00e9 hier cette journ\u00e9e par l\u2019organisation d\u2019une journ\u00e9e de sensibilisation \u00e0 l\u2019universit\u00e9 de Batna.<br \/>Selon les organisateurs, cette rencontre scientifique, organis\u00e9e par la F\u00e9d\u00e9ration alg\u00e9rienne des malades atteints de scl\u00e9rose en plaques, avec le soutien des laboratoires Roche, a vu la participation de 500 personnes entre praticiens sp\u00e9cialistes et patients.<br \/>Cette occasion est mise \u00e0 profit par les organisateurs pour \u00e9voquer le v\u00e9cu des malades \u00e0 travers les diff\u00e9rentes r\u00e9gions du pays et la r\u00e9alit\u00e9 de la prise en charge de cette pathologie.<\/p>\n<p>Auteur: elmoudjahid<br \/>\n<a href=\"http:\/\/www.elmoudjahid.com\/fr\/actualites\/138130\">Cliquez ici pour lire l&rsquo;article depuis sa source.<\/a><\/p>\n","protected":false},"excerpt":{"rendered":"<p>C\u2019est sous le th\u00e8me de la scl\u00e9rose en plaques (SEP) invisible qu\u2019est c\u00e9l\u00e9br\u00e9e cette ann\u00e9e la Journ\u00e9e mondiale d\u00e9di\u00e9e \u00e0 cette maladie. \u00c0 l\u2019instar de tous les pays du monde, l\u2019Alg\u00e9rie a comm\u00e9mor\u00e9 hier cette journ\u00e9e par l\u2019organisation d\u2019une journ\u00e9e de sensibilisation \u00e0 l\u2019universit\u00e9 de Batna.Selon les organisateurs, cette rencontre scientifique, organis\u00e9e par la F\u00e9d\u00e9ration [&hellip;]<\/p>\n","protected":false},"author":1744,"featured_media":0,"comment_status":"closed","ping_status":"closed","sticky":false,"template":"","format":"standard","meta":{"fifu_image_url":"","fifu_image_alt":"","footnotes":""},"categories":[73,53],"tags":[],"class_list":["post-40929","post","type-post","status-publish","format-standard","hentry","category-actualite","category-algerie"],"_links":{"self":[{"href":"https:\/\/linitiative.ca\/International\/wp-json\/wp\/v2\/posts\/40929","targetHints":{"allow":["GET"]}}],"collection":[{"href":"https:\/\/linitiative.ca\/International\/wp-json\/wp\/v2\/posts"}],"about":[{"href":"https:\/\/linitiative.ca\/International\/wp-json\/wp\/v2\/types\/post"}],"author":[{"embeddable":true,"href":"https:\/\/linitiative.ca\/International\/wp-json\/wp\/v2\/users\/1744"}],"replies":[{"embeddable":true,"href":"https:\/\/linitiative.ca\/International\/wp-json\/wp\/v2\/comments?post=40929"}],"version-history":[{"count":0,"href":"https:\/\/linitiative.ca\/International\/wp-json\/wp\/v2\/posts\/40929\/revisions"}],"wp:attachment":[{"href":"https:\/\/linitiative.ca\/International\/wp-json\/wp\/v2\/media?parent=40929"}],"wp:term":[{"taxonomy":"category","embeddable":true,"href":"https:\/\/linitiative.ca\/International\/wp-json\/wp\/v2\/categories?post=40929"},{"taxonomy":"post_tag","embeddable":true,"href":"https:\/\/linitiative.ca\/International\/wp-json\/wp\/v2\/tags?post=40929"}],"curies":[{"name":"wp","href":"https:\/\/api.w.org\/{rel}","templated":true}]}}