{"id":40931,"date":"2019-06-15T19:00:00","date_gmt":"2019-06-15T23:00:00","guid":{"rendered":"https:\/\/linitiative.ca\/International\/conference-nationale-de-la-societe-civile-ouvrir-un-dialogue-national-global\/"},"modified":"2019-06-15T19:00:00","modified_gmt":"2019-06-15T23:00:00","slug":"conference-nationale-de-la-societe-civile-ouvrir-un-dialogue-national-global","status":"publish","type":"post","link":"https:\/\/linitiative.ca\/International\/conference-nationale-de-la-societe-civile-ouvrir-un-dialogue-national-global\/","title":{"rendered":"Conf\u00e9rence nationale de la soci\u00e9t\u00e9 civile  :  Ouvrir un dialogue  national global"},"content":{"rendered":"<p><strong>&#8211; Appel \u00e0 acc\u00e9l\u00e9rer la transition d\u00e9mocratique, conform\u00e9ment \u00e0 un processus \u00e9lectoral.<br \/>&#8211; Soumettre l\u2019initiative \u00e0 la classe politique et \u00e0 des personnalit\u00e9s nationales, lors d\u2019une autre rencontre.<\/strong><\/p>\n<p>Une transition de 6 mois \u00e0 un an, une instance pr\u00e9sidentielle ou une personnalit\u00e9 de consensus national et un gouvernement de comp\u00e9tences nationales sont au c\u0153ur des propositions de sortie de crise contenues dans la feuille de route consensuelle adopt\u00e9e par la conf\u00e9rence nationale des dynamiques de la soci\u00e9t\u00e9 civile.<br \/>Les acteurs de la soci\u00e9t\u00e9 civile, r\u00e9unis hier, au si\u00e8ge du CNAPESTE, en conf\u00e9rence nationale, ont adopt\u00e9 une feuille de route couronnant quatre mois de r\u00e9unions marathoniennes. L\u2019initiative ne se limite pas \u00e0 avancer une dur\u00e9e pour la transition et qui la dirigera, elle propose aussi l\u2019installation d\u2019une commission ind\u00e9pendante pour \u00abdiriger, organiser et d\u00e9clarer les r\u00e9sultats des \u00e9lections, tout en garantissant les m\u00e9canismes de contr\u00f4le.\u00bb<br \/>La conf\u00e9rence nationale des dynamiques de la soci\u00e9t\u00e9 civile pr\u00e9conise \u00e9galement l\u2019ouverture d\u2019un \u00abdialogue national global avec les acteurs de la classe politique, de la soci\u00e9t\u00e9 civile, des personnalit\u00e9s nationales et des activistes du soul\u00e8vement, portant sur la situation politique, \u00e9conomique et sociale du pays et les moyens de sortie de crise.\u00bb Ce dialogue, explique-t-on encore, sera parachev\u00e9 par une conf\u00e9rence nationale. La feuille de route souligne, dans ce sillage, \u00abla n\u00e9cessit\u00e9\u00bb de r\u00e9unir les conditions indispensables \u00e0 l\u2019amorce d\u2019une transition r\u00e9elle notamment le temps et les mesures d\u2019ouverture qui permette une rupture r\u00e9elle avec le syst\u00e8me \u00abdictatorial et corrompu et garantisse la construction d\u2019institutions l\u00e9gitimes et cr\u00e9dibles.\u00bb<br \/>Pour les initiateurs de cette feuille de route, \u00abla r\u00e9ussite de ce processus politique implique la pr\u00e9paration d\u2019un climat g\u00e9n\u00e9ral favorable \u00e0 la pratique des droits, des libert\u00e9s collectives et individuelles, des droits de l\u2019homme. Pour se faire, des mesures d\u2019accompagnement de l\u2019action politique doivent \u00eatre prises pour r\u00e9tablir la confiance au sein des citoyens et garantir leur participation effective dans ce processus national historique\u00bb. La soci\u00e9t\u00e9 civile a cependant, exhort\u00e9 l&rsquo;ensemble des forces agissantes \u00e0 adh\u00e9rer \u00e0 son initiative et \u00e0 \u0153uvrer \u00e0 sa concr\u00e9tisation et \u00e0 sa r\u00e9ussite, affirmant que \u00abl&rsquo;aboutissement du processus \u00e9lectoral requiert la pr\u00e9paration d&rsquo;un climat g\u00e9n\u00e9ral pour l&rsquo;exercice des droits et des libert\u00e9s individuels et collectifs et le respect des droits de l&rsquo;homme \u00e0 travers des mesures d&rsquo;accompagnement du processus politique afin d&rsquo;instaurer la confiance des citoyens et garantir une adh\u00e9sion effective \u00e0 ce processus\u00bb.<br \/>Les travaux de la Conf\u00e9rence de la soci\u00e9t\u00e9 civile se sont poursuivis avec l&rsquo;intervention de nombre de repr\u00e9sentants de syndicats, d&rsquo;associations et d&rsquo;organisations nationales, qui ont \u00abvaloriser\u00bb l&rsquo;initiative politique propos\u00e9e et soulign\u00e9 unanimement que cette rencontre \u00e9tait \u00abun acquis historique\u00bb. Ils ont soulign\u00e9 que ce soul\u00e8vement populaire est le r\u00e9sultat d\u2019une accumulation de luttes militantes, contre \u00abun r\u00e9gime politique autoritaire, qui a nui \u00e0 la nation et pratiqu\u00e9 la destruction syst\u00e9matique des institutions politiques, \u00e9conomiques et sociales de la soci\u00e9t\u00e9 depuis des lustres\u00bb.<br \/>Ils ont affirm\u00e9 dans le m\u00eame ordre d\u2019id\u00e9e, que le peuple alg\u00e9rien continue \u00e0 travers son soul\u00e8vement pacifique, civilis\u00e9 et avec une conscience politique \u00e9lev\u00e9e et un sentiment national d\u00e9velopp\u00e9, de montrer sa d\u00e9termination \u00e0 concr\u00e9tiser l\u2019ensemble de ses revendications l\u00e9gitimes, afin de fonder une nouvelle r\u00e9publique sociale et pluraliste, r\u00e9gie par le droit, dans le cadre des principes trac\u00e9s par la Proclamation du 1er Novembre 1954, et ouverte sur le monde.\u00abLa crise politique que traverse le pays impose \u00e0 toutes les forces vives, fortes de leur trajectoire militante, de proposer des solutions susceptibles de concr\u00e9tiser les revendications du peuple\u00bb, a-t-on pr\u00e9cis\u00e9, et d\u2019ajouter que \u00abla soci\u00e9t\u00e9 civile figure parmi ces forces qui peuvent contribuer \u00e0 amener ces solutions\u00bb.<br \/>Salima Ettouahria<\/p>\n<p>Auteur: elmoudjahid<br \/>\n<a href=\"http:\/\/www.elmoudjahid.com\/fr\/actualites\/138132\">Cliquez ici pour lire l&rsquo;article depuis sa source.<\/a><\/p>\n","protected":false},"excerpt":{"rendered":"<p>&#8211; Appel \u00e0 acc\u00e9l\u00e9rer la transition d\u00e9mocratique, conform\u00e9ment \u00e0 un processus \u00e9lectoral.&#8211; Soumettre l\u2019initiative \u00e0 la classe politique et \u00e0 des personnalit\u00e9s nationales, lors d\u2019une autre rencontre. Une transition de 6 mois \u00e0 un an, une instance pr\u00e9sidentielle ou une personnalit\u00e9 de consensus national et un gouvernement de comp\u00e9tences nationales sont au c\u0153ur des propositions [&hellip;]<\/p>\n","protected":false},"author":1744,"featured_media":0,"comment_status":"closed","ping_status":"closed","sticky":false,"template":"","format":"standard","meta":{"fifu_image_url":"","fifu_image_alt":"","footnotes":""},"categories":[73,53],"tags":[],"class_list":["post-40931","post","type-post","status-publish","format-standard","hentry","category-actualite","category-algerie"],"_links":{"self":[{"href":"https:\/\/linitiative.ca\/International\/wp-json\/wp\/v2\/posts\/40931","targetHints":{"allow":["GET"]}}],"collection":[{"href":"https:\/\/linitiative.ca\/International\/wp-json\/wp\/v2\/posts"}],"about":[{"href":"https:\/\/linitiative.ca\/International\/wp-json\/wp\/v2\/types\/post"}],"author":[{"embeddable":true,"href":"https:\/\/linitiative.ca\/International\/wp-json\/wp\/v2\/users\/1744"}],"replies":[{"embeddable":true,"href":"https:\/\/linitiative.ca\/International\/wp-json\/wp\/v2\/comments?post=40931"}],"version-history":[{"count":0,"href":"https:\/\/linitiative.ca\/International\/wp-json\/wp\/v2\/posts\/40931\/revisions"}],"wp:attachment":[{"href":"https:\/\/linitiative.ca\/International\/wp-json\/wp\/v2\/media?parent=40931"}],"wp:term":[{"taxonomy":"category","embeddable":true,"href":"https:\/\/linitiative.ca\/International\/wp-json\/wp\/v2\/categories?post=40931"},{"taxonomy":"post_tag","embeddable":true,"href":"https:\/\/linitiative.ca\/International\/wp-json\/wp\/v2\/tags?post=40931"}],"curies":[{"name":"wp","href":"https:\/\/api.w.org\/{rel}","templated":true}]}}