{"id":40932,"date":"2019-06-15T19:00:00","date_gmt":"2019-06-15T23:00:00","guid":{"rendered":"https:\/\/linitiative.ca\/International\/le-nouveau-premier-president-de-la-cour-supreme-intensifier-les-efforts-en-vue-de-realiser-les-aspirations-du-peuple\/"},"modified":"2019-06-15T19:00:00","modified_gmt":"2019-06-15T23:00:00","slug":"le-nouveau-premier-president-de-la-cour-supreme-intensifier-les-efforts-en-vue-de-realiser-les-aspirations-du-peuple","status":"publish","type":"post","link":"https:\/\/linitiative.ca\/International\/le-nouveau-premier-president-de-la-cour-supreme-intensifier-les-efforts-en-vue-de-realiser-les-aspirations-du-peuple\/","title":{"rendered":"Le nouveau Premier pr\u00e9sident de la Cour supr\u00eame : intensifier les efforts  en vue de r\u00e9aliser les aspirations du peuple"},"content":{"rendered":"<p>Le nouveau premier Pr\u00e9sident de la Cour supr\u00eame, Abderrachid Tabi, a pris officiellement, hier, ses fonctions de premier Pr\u00e9sident de la Cour supr\u00eame, au si\u00e8ge de cette haute instance \u00e0 El Biar (Alger). C\u2019est lors d&rsquo;une c\u00e9r\u00e9monie officielle pr\u00e9sid\u00e9e par le ministre de la Justice, garde des Sceaux, Slimane Brahmi, que le nouveau pr\u00e9sident de la Cour supr\u00eame a \u00e9t\u00e9 install\u00e9, en remplacement de Slimane Boudi qui occupait ce poste depuis 2013. Le procureur g\u00e9n\u00e9ral pr\u00e8s la Cour supr\u00eame, Abderrahim Madjid, a \u00e9galement \u00e9t\u00e9 install\u00e9 lors de cette c\u00e9r\u00e9monie, en remplacement de M. Benabid El Ouardi.<br \/>S\u2019exprimant \u00e0 cette occasion, le ministre de la Justice, garde des Sceaux, Slimane Brahmi, a affirm\u00e9 qu\u2019\u00abil n\u2019y aura aucun traitement de faveur\u00bb. Le ministre a d\u00e9fendu l\u2019action de la Justice qui a men\u00e9 jusque-l\u00e0 \u00e0 la mise en d\u00e9tention provisoire de plusieurs anciens hauts cadres de l\u2019Etat ainsi que des hommes d\u2019affaires, \u00abla loi sera appliqu\u00e9e sur tout le monde sans exception\u00bb, a-t-il d\u00e9clar\u00e9. Dans ce contexte, le ministre a estim\u00e9 que le secteur de la justice r\u00e9alise \u00abdes progr\u00e8s importants\u00bb, et fait des pas en avant qui se solderont par plus d\u2019\u00abind\u00e9pendance et de responsabilit\u00e9\u00bb.\u00a0 Le ministre a, par ailleurs, appel\u00e9 les magistrats \u00e0 faire preuve de d\u00e9ontologie et \u00e0 mettre en avant le principe \u00abdu proc\u00e8s \u00e9quitable\u00bb, car, explique-t-il, \u00abla justice constitue, l\u2019unique refuge des Alg\u00e9riens pour l\u2019\u00e9quit\u00e9 et l\u2019\u00e9galit\u00e9\u00bb.<br \/>Aux magistrats, le ministre a indiqu\u00e9 que le secteur de la justice doit faire preuve de \u00abrenouveau\u00bb, et \u00abd\u2019efficacit\u00e9\u00bb, en rappelant que ce secteur constitue, aujourd\u2019hui, le fondement essentiel de l\u2019instauration de la confiance entre le citoyen et ses institutions. Le ministre, a exhort\u00e9 dans son allocution les hommes de droit \u00abd\u2019\u00eatre \u00e0 la hauteur des aspirations du peuple alg\u00e9rien\u00bb pour la concr\u00e9tisation \u00abd\u2019une justice libre et \u00e9quitable\u00bb. Dans cette optique, le ministre a ajout\u00e9 que la justice assume aujourd\u2019hui, \u00abdavantage de responsabilit\u00e9s\u00bb qu\u2019\u00abil convient de redoubler d\u2019efforts\u00bb, pour r\u00e9nover et moderniser la justice et \u00abasseoir l&rsquo;\u00c9tat de droit\u00bb.<br \/>M. Brahmi a expliqu\u00e9 dans ce cadre que la justice fait son travail dans le cadre de l\u2019espace trac\u00e9 par les lois de la R\u00e9publique, ex\u00e9cut\u00e9 par des juges ind\u00e9pendants et comp\u00e9tents et d\u00e9vou\u00e9s, guid\u00e9s par leur conscience et les r\u00e8gles de l\u2019\u00e9thique professionnelle\u00bb. \u00abLe respect et l\u2019attachement aux principes d\u00e9ontologiques, est ce qui renforce la confiance du citoyen dans l\u2019appareil judiciaire\u00bb, a ajout\u00e9 le ministre, en r\u00e9affirmant que \u00abla lutte contre la corruption et les fl\u00e9aux sociaux, n\u2019est motiv\u00e9e que par l\u2019unique souci de l\u2019application stricte de la loi, tout en respectant scrupuleusement, dans toute la mesure possible, les r\u00e8gles en mati\u00e8re de proc\u00e8s \u00e9quitable\u00bb, ceci sans compromettre les droits des justiciables, tout en veillant au respect de la pr\u00e9somption d\u2019innocence. A la fin de son discours, le ministre a soulign\u00e9 que \u00able secteur de la justice est appel\u00e9 \u00e0 revoir son mode de fonctionnement pour envisager sa modernisation et s\u2019adapter aux rythmes des changements sociaux acc\u00e9l\u00e9r\u00e9s\u00bb. Pour ce qui concerne le cursus du nouveau Pr\u00e9sident de la Cour supr\u00eame, l\u2019on apprendra que M. Tabi a une longue carri\u00e8re professionnelle o\u00f9 il a gravi les \u00e9chelons un \u00e0 un. Il a occup\u00e9 entre autres, les postes de secr\u00e9taire g\u00e9n\u00e9ral (SG) du Tribunal militaire de Blida (dans le cadre du service national), de procureur de la R\u00e9publique pr\u00e8s plusieurs tribunaux (Sidi A\u00efssa, Sour El Ghozlane, Boussa\u00e2da et Bouhadjar), de procureur g\u00e9n\u00e9ral adjoint pr\u00e8s la Cour de S\u00e9tif, de directeur du personnel de r\u00e9\u00e9ducation au minist\u00e8re de la Justice, de chef de cabinet du ministre de la Justice, garde des Sceaux, de procureur g\u00e9n\u00e9ral pr\u00e8s les cours d\u2019Oum El Bouaghi et de Bouira et avocat g\u00e9n\u00e9ral et procureur g\u00e9n\u00e9ral adjoint pr\u00e8s la Cour supr\u00eame.<br \/>M. Tabi a occup\u00e9 \u00e9galement des postes sup\u00e9rieurs en dehors du secteur de la justice, notamment ceux de chef de cabinet du gouvernement d\u2019Ahmed Benbitour, de chef de cabinet du ministre des Moudjahidine, de chef de cabinet du pr\u00e9sident de l\u2019Assembl\u00e9e populaire nationale (APN), de secr\u00e9taire g\u00e9n\u00e9ral de l\u2019APN et de directeur g\u00e9n\u00e9ral des relations internationales au sein de la m\u00eame instance l\u00e9gislative. Ce haut fonctionnaire a \u00e9galement particip\u00e9, en cette qualit\u00e9, \u00e0 plusieurs rencontres internationales et conf\u00e9rences r\u00e9gionales dans la cadre de l\u2019Union interparlementaire arabe (UIPA), de l\u2019Union interparlementaire (UIP), de l\u2019Assembl\u00e9e parlementaire euro-m\u00e9diterran\u00e9enne (APEM), de la Cour p\u00e9nale internationale (CPI), du Parlement europ\u00e9en, ainsi qu\u2019aux s\u00e9ances d\u2019Audition parlementaire annuelle des Nations unies et de l\u2019Union des Etats membres de l\u2019Organisation de la coop\u00e9ration islamique (UPCI).<br \/>\u00a0\u00a0\u00a0 Tahar Ka\u00efdi<br \/>\u00a0<\/p>\n<p>Auteur: elmoudjahid<br \/>\n<a href=\"http:\/\/www.elmoudjahid.com\/fr\/actualites\/138133\">Cliquez ici pour lire l&rsquo;article depuis sa source.<\/a><\/p>\n","protected":false},"excerpt":{"rendered":"<p>Le nouveau premier Pr\u00e9sident de la Cour supr\u00eame, Abderrachid Tabi, a pris officiellement, hier, ses fonctions de premier Pr\u00e9sident de la Cour supr\u00eame, au si\u00e8ge de cette haute instance \u00e0 El Biar (Alger). C\u2019est lors d&rsquo;une c\u00e9r\u00e9monie officielle pr\u00e9sid\u00e9e par le ministre de la Justice, garde des Sceaux, Slimane Brahmi, que le nouveau pr\u00e9sident de [&hellip;]<\/p>\n","protected":false},"author":1744,"featured_media":0,"comment_status":"closed","ping_status":"closed","sticky":false,"template":"","format":"standard","meta":{"fifu_image_url":"","fifu_image_alt":"","footnotes":""},"categories":[73,53],"tags":[],"class_list":["post-40932","post","type-post","status-publish","format-standard","hentry","category-actualite","category-algerie"],"_links":{"self":[{"href":"https:\/\/linitiative.ca\/International\/wp-json\/wp\/v2\/posts\/40932","targetHints":{"allow":["GET"]}}],"collection":[{"href":"https:\/\/linitiative.ca\/International\/wp-json\/wp\/v2\/posts"}],"about":[{"href":"https:\/\/linitiative.ca\/International\/wp-json\/wp\/v2\/types\/post"}],"author":[{"embeddable":true,"href":"https:\/\/linitiative.ca\/International\/wp-json\/wp\/v2\/users\/1744"}],"replies":[{"embeddable":true,"href":"https:\/\/linitiative.ca\/International\/wp-json\/wp\/v2\/comments?post=40932"}],"version-history":[{"count":0,"href":"https:\/\/linitiative.ca\/International\/wp-json\/wp\/v2\/posts\/40932\/revisions"}],"wp:attachment":[{"href":"https:\/\/linitiative.ca\/International\/wp-json\/wp\/v2\/media?parent=40932"}],"wp:term":[{"taxonomy":"category","embeddable":true,"href":"https:\/\/linitiative.ca\/International\/wp-json\/wp\/v2\/categories?post=40932"},{"taxonomy":"post_tag","embeddable":true,"href":"https:\/\/linitiative.ca\/International\/wp-json\/wp\/v2\/tags?post=40932"}],"curies":[{"name":"wp","href":"https:\/\/api.w.org\/{rel}","templated":true}]}}