{"id":40933,"date":"2019-06-15T19:00:00","date_gmt":"2019-06-15T23:00:00","guid":{"rendered":"https:\/\/linitiative.ca\/International\/audition-aujourdhui-de-karim-djoudi-et-damar-tou\/"},"modified":"2019-06-15T19:00:00","modified_gmt":"2019-06-15T23:00:00","slug":"audition-aujourdhui-de-karim-djoudi-et-damar-tou","status":"publish","type":"post","link":"https:\/\/linitiative.ca\/International\/audition-aujourdhui-de-karim-djoudi-et-damar-tou\/","title":{"rendered":"Audition aujourd\u2019hui de Karim Djoudi et d\u2019Amar Tou"},"content":{"rendered":"<p>Apr\u00e8s la mise en d\u00e9tention provisoire, mercredi et jeudi derniers, des ex-Premiers ministres, Ouyahia et Sellal, la machine judiciaire continue d\u2019ouvrir les dossiers et de convoquer d\u2019ex-hauts responsables.<br \/>En effet, deux anciens membres du gouvernement de Bouteflika risquent de suivre la m\u00eame voie que celle de leurs anciens responsables hi\u00e9rarchiques mais aussi de leur coll\u00e8gue du d\u00e9partement du Commerce, Amara Benyoun\u00e8s, \u00e9galement pr\u00e9sident du Mouvement Populaire Alg\u00e9rien, en \u00e9tant convoqu\u00e9s, aujourd\u2019hui, par la m\u00eame juridiction pour des faits de corruption et de malversations. Il s\u2019agit des ex-ministres des Transports et des Finances qui compara\u00eetront comme accus\u00e9s, comme l\u2019ont pr\u00e9cis\u00e9, hier, plusieurs cha\u00eenes TV, dont l\u2019information a circul\u00e9 en boucle. Amar Tou, pass\u00e9 aussi par le d\u00e9partement de la Sant\u00e9, et Karim Djoudi, d\u00e9sign\u00e9 ces derni\u00e8res ann\u00e9es comme conseiller du pr\u00e9sident d\u00e9missionnaire pour les affaires \u00e9conomiques et financi\u00e8res, ont \u00e9t\u00e9 cit\u00e9s dans les scandales des hommes d\u2019affaires Haddad et Tahkout, \u00e0 l\u2019instar d\u2019une dizaine d\u2019autres hauts responsables qui ont exerc\u00e9 durant le mandat de Bouteflika, dont justement Ouyahia et Sellal. Les m\u00eames sources avancent par ailleurs que Zoukh et Khenfar, respectivement ancien wali d\u2019Alger et actuel wali d\u2019El Bayadh seront, de leur c\u00f4t\u00e9, entendus demain \u00e0 la Cour supr\u00eame pour les m\u00eames dossiers.<br \/>La liste des auditions s\u2019annonce donc longue, d\u2019autant que Boudjemaa Tala\u00ef et Amar Ghoul, anciens ministres des Transports et des Travaux publics, sont \u00e9galement concern\u00e9s mais sont pour l\u2019instant en \u00absursis\u00bb du fait qu\u2019ils b\u00e9n\u00e9ficient de l\u2019immunit\u00e9 parlementaire.<br \/>Mais les proc\u00e9dures en vue de la lev\u00e9e de l\u2019immunit\u00e9 parlementaire dont ils jouissent, condition sine qua non pour entamer des poursuites judiciaires contre les d\u00e9put\u00e9s et les s\u00e9nateurs, sont d\u00e9j\u00e0 engag\u00e9es au sein de l\u2019Assembl\u00e9e nationale et du Conseil de la nation. Cela a d\u00e9j\u00e0 \u00e9t\u00e9 le cas de deux autres s\u00e9nateurs, en l\u2019occurrence Djamel Ould Abb\u00e8s et Sa\u00efd Barkat, sur lesquels p\u00e8sent des pr\u00e9somptions de corruption quand ils \u00e9taient \u00e0 la t\u00eate du d\u00e9partement de la Solidarit\u00e9 et de la Famille. Les mis en cause ont fini par renoncer volontairement \u00e0 leur immunit\u00e9 parlementaire afin de permettre la Justice d&rsquo;exercer ses missions constitutionnelles. En outre, le PDG du groupe Sovac, repr\u00e9sentant exclusif de Volkswagen Alg\u00e9rie, apr\u00e8s avoir \u00e9t\u00e9 auditionn\u00e9 par la section de Recherche du groupement de la gendarmerie nationale d\u2019Alger, est attendu ce matin au tribunal correctionnel de Sidi M\u2019hamed. Mourad Oulmi compara\u00eetra avec une cinquantaine de suspects. A cette cadence de traitement des affaires judiciaires impliquant des hommes d\u2019affaires et d\u2019anciens hauts responsables, acc\u00e9l\u00e9r\u00e9e, il est vrai, depuis la d\u00e9signation du nouveau procureur g\u00e9n\u00e9ral pr\u00e8s la Cour d\u2019Alger, l\u2019\u00e9t\u00e9 s\u2019annonce tr\u00e8s chaud.<br \/>Ce qui n\u2019est pas pour d\u00e9plaire au peuple alg\u00e9rien qui insiste chaque vendredi pour que justice soit faite.<br \/>\u00a0\u00a0 \u00a0S. A. M.<\/p>\n<p>Auteur: elmoudjahid<br \/>\n<a href=\"http:\/\/www.elmoudjahid.com\/fr\/actualites\/138134\">Cliquez ici pour lire l&rsquo;article depuis sa source.<\/a><\/p>\n","protected":false},"excerpt":{"rendered":"<p>Apr\u00e8s la mise en d\u00e9tention provisoire, mercredi et jeudi derniers, des ex-Premiers ministres, Ouyahia et Sellal, la machine judiciaire continue d\u2019ouvrir les dossiers et de convoquer d\u2019ex-hauts responsables.En effet, deux anciens membres du gouvernement de Bouteflika risquent de suivre la m\u00eame voie que celle de leurs anciens responsables hi\u00e9rarchiques mais aussi de leur coll\u00e8gue du [&hellip;]<\/p>\n","protected":false},"author":1744,"featured_media":0,"comment_status":"closed","ping_status":"closed","sticky":false,"template":"","format":"standard","meta":{"fifu_image_url":"","fifu_image_alt":"","footnotes":""},"categories":[73,53],"tags":[],"class_list":["post-40933","post","type-post","status-publish","format-standard","hentry","category-actualite","category-algerie"],"_links":{"self":[{"href":"https:\/\/linitiative.ca\/International\/wp-json\/wp\/v2\/posts\/40933","targetHints":{"allow":["GET"]}}],"collection":[{"href":"https:\/\/linitiative.ca\/International\/wp-json\/wp\/v2\/posts"}],"about":[{"href":"https:\/\/linitiative.ca\/International\/wp-json\/wp\/v2\/types\/post"}],"author":[{"embeddable":true,"href":"https:\/\/linitiative.ca\/International\/wp-json\/wp\/v2\/users\/1744"}],"replies":[{"embeddable":true,"href":"https:\/\/linitiative.ca\/International\/wp-json\/wp\/v2\/comments?post=40933"}],"version-history":[{"count":0,"href":"https:\/\/linitiative.ca\/International\/wp-json\/wp\/v2\/posts\/40933\/revisions"}],"wp:attachment":[{"href":"https:\/\/linitiative.ca\/International\/wp-json\/wp\/v2\/media?parent=40933"}],"wp:term":[{"taxonomy":"category","embeddable":true,"href":"https:\/\/linitiative.ca\/International\/wp-json\/wp\/v2\/categories?post=40933"},{"taxonomy":"post_tag","embeddable":true,"href":"https:\/\/linitiative.ca\/International\/wp-json\/wp\/v2\/tags?post=40933"}],"curies":[{"name":"wp","href":"https:\/\/api.w.org\/{rel}","templated":true}]}}