{"id":40934,"date":"2019-06-15T19:00:00","date_gmt":"2019-06-15T23:00:00","guid":{"rendered":"https:\/\/linitiative.ca\/International\/ahd-54-concretisation-du-changement\/"},"modified":"2019-06-15T19:00:00","modified_gmt":"2019-06-15T23:00:00","slug":"ahd-54-concretisation-du-changement","status":"publish","type":"post","link":"https:\/\/linitiative.ca\/International\/ahd-54-concretisation-du-changement\/","title":{"rendered":"Ahd 54 : \u00abConcr\u00e9tisation du changement\u00bb"},"content":{"rendered":"<p>Le d\u00e9nouement de la crise qui s\u00e9vit dans le pays \u00abdoit \u00eatre la priorit\u00e9 de tous\u00bb, a estim\u00e9, hier \u00e0 Constantine, le pr\u00e9sident du parti Ahd 54, Ali Faouzi Reba\u00efne. \u00abCes mois de manifestations populaires massives imposent la recherche d\u2019une solution et une entente politique la plus large possible sur un certain nombre de postulats de base\u00bb, a pr\u00e9cis\u00e9 Reba\u00efne, lors d\u2019un meeting anim\u00e9 en pr\u00e9sence des cadres et sympathisants de sa formation politique tenu au centre culturel Benbadis. Il a ajout\u00e9, dans ce contexte, que sa formation politique participera \u00e0 la conf\u00e9rence nationale pr\u00e9vue le 29 juin prochain, avec une \u00abbatterie de propositions, d\u2019id\u00e9es et de suggestions pour la concr\u00e9tisation du changement et les r\u00e9formes escompt\u00e9es\u00bb. Saluant les efforts de l\u2019Arm\u00e9e nationale populaire (ANP) dans le redressement de la situation du pays, le pr\u00e9sident du parti Ahd 54 a soutenu qu\u2019apr\u00e8s cette conf\u00e9rence, une feuille de route sera \u00e9labor\u00e9e et communiqu\u00e9e par sa formation politique en vue de participer avec force \u00e0 l&rsquo;\u00e9lection pr\u00e9sidentielle qu\u2019il pr\u00e9conise avant la fin de l\u2019ann\u00e9e en cours\u00bb. M. Reba\u00efne a appel\u00e9 les adh\u00e9rents \u00e0 son parti \u00e0 s\u2019impliquer efficacement en \u00e9largissant et en restructurant leur base localement en pr\u00e9vision des prochaines \u00e9ch\u00e9ances, mettant l\u2019accent sur l\u2019importance de la mise en place \u00abd&rsquo;une instance \u00e9lectorale ind\u00e9pendante qui veillera \u00e0 garantir une \u00e9lection transparente et libre\u00bb.<\/p>\n<p>Auteur: elmoudjahid<br \/>\n<a href=\"http:\/\/www.elmoudjahid.com\/fr\/actualites\/138135\">Cliquez ici pour lire l&rsquo;article depuis sa source.<\/a><\/p>\n","protected":false},"excerpt":{"rendered":"<p>Le d\u00e9nouement de la crise qui s\u00e9vit dans le pays \u00abdoit \u00eatre la priorit\u00e9 de tous\u00bb, a estim\u00e9, hier \u00e0 Constantine, le pr\u00e9sident du parti Ahd 54, Ali Faouzi Reba\u00efne. \u00abCes mois de manifestations populaires massives imposent la recherche d\u2019une solution et une entente politique la plus large possible sur un certain nombre de postulats [&hellip;]<\/p>\n","protected":false},"author":1744,"featured_media":0,"comment_status":"closed","ping_status":"closed","sticky":false,"template":"","format":"standard","meta":{"fifu_image_url":"","fifu_image_alt":"","footnotes":""},"categories":[73,53],"tags":[],"class_list":["post-40934","post","type-post","status-publish","format-standard","hentry","category-actualite","category-algerie"],"_links":{"self":[{"href":"https:\/\/linitiative.ca\/International\/wp-json\/wp\/v2\/posts\/40934","targetHints":{"allow":["GET"]}}],"collection":[{"href":"https:\/\/linitiative.ca\/International\/wp-json\/wp\/v2\/posts"}],"about":[{"href":"https:\/\/linitiative.ca\/International\/wp-json\/wp\/v2\/types\/post"}],"author":[{"embeddable":true,"href":"https:\/\/linitiative.ca\/International\/wp-json\/wp\/v2\/users\/1744"}],"replies":[{"embeddable":true,"href":"https:\/\/linitiative.ca\/International\/wp-json\/wp\/v2\/comments?post=40934"}],"version-history":[{"count":0,"href":"https:\/\/linitiative.ca\/International\/wp-json\/wp\/v2\/posts\/40934\/revisions"}],"wp:attachment":[{"href":"https:\/\/linitiative.ca\/International\/wp-json\/wp\/v2\/media?parent=40934"}],"wp:term":[{"taxonomy":"category","embeddable":true,"href":"https:\/\/linitiative.ca\/International\/wp-json\/wp\/v2\/categories?post=40934"},{"taxonomy":"post_tag","embeddable":true,"href":"https:\/\/linitiative.ca\/International\/wp-json\/wp\/v2\/tags?post=40934"}],"curies":[{"name":"wp","href":"https:\/\/api.w.org\/{rel}","templated":true}]}}