{"id":40935,"date":"2019-06-15T19:00:00","date_gmt":"2019-06-15T23:00:00","guid":{"rendered":"https:\/\/linitiative.ca\/International\/talaie-el-houriyate-un-dialogue-constructif\/"},"modified":"2019-06-15T19:00:00","modified_gmt":"2019-06-15T23:00:00","slug":"talaie-el-houriyate-un-dialogue-constructif","status":"publish","type":"post","link":"https:\/\/linitiative.ca\/International\/talaie-el-houriyate-un-dialogue-constructif\/","title":{"rendered":"Talai\u2019e El-Houriyate : \u00abUn dialogue constructif\u00bb"},"content":{"rendered":"<p>Le membre du bureau politique charg\u00e9 de l\u2019organisation au parti Talai\u2019e El-Houriyate, Youcef Bena\u00efcha, a plaid\u00e9, hier \u00e0 Ouargla, pour la n\u00e9cessit\u00e9 d\u2019adopter \u00abun dialogue constructif\u00bb entre les diff\u00e9rents acteurs de la soci\u00e9t\u00e9 pour sortir le pays de l\u2019actuelle crise politique. S\u2019exprimant, lors d\u2019un regroupement r\u00e9gional tenu \u00e0 la maison de la Culture Moufdi-Zakaria d\u2019Ouargla, en pr\u00e9sence des cadres et militants du parti au niveau des wilayas d\u2019Ouargla, El-Oued, Gharda\u00efa et Laghouat, M. Bena\u00efcha a soulign\u00e9 que \u00abdepuis l\u2019enclenchement du mouvement populaire, le 22 f\u00e9vrier dernier, le parti a, \u00e0 maintes reprises, exprim\u00e9 son opinion sur la crise politique qui s\u2019inscrit d\u2019embl\u00e9e dans la contribution \u00e0 ce Hirak populaire\u00bb. \u00abLe parti Talai\u2019e El-Houriyate s\u2019attelle, durant cette conjoncture politique, \u00e0 promouvoir les structures de cette formation politique, am\u00e9liorer sa performance, \u00e9largir sa base militante et vulgariser son programme\u00bb, a indiqu\u00e9 ce responsable politique.<\/p>\n<p>Auteur: elmoudjahid<br \/>\n<a href=\"http:\/\/www.elmoudjahid.com\/fr\/actualites\/138136\">Cliquez ici pour lire l&rsquo;article depuis sa source.<\/a><\/p>\n","protected":false},"excerpt":{"rendered":"<p>Le membre du bureau politique charg\u00e9 de l\u2019organisation au parti Talai\u2019e El-Houriyate, Youcef Bena\u00efcha, a plaid\u00e9, hier \u00e0 Ouargla, pour la n\u00e9cessit\u00e9 d\u2019adopter \u00abun dialogue constructif\u00bb entre les diff\u00e9rents acteurs de la soci\u00e9t\u00e9 pour sortir le pays de l\u2019actuelle crise politique. S\u2019exprimant, lors d\u2019un regroupement r\u00e9gional tenu \u00e0 la maison de la Culture Moufdi-Zakaria d\u2019Ouargla, [&hellip;]<\/p>\n","protected":false},"author":1744,"featured_media":0,"comment_status":"closed","ping_status":"closed","sticky":false,"template":"","format":"standard","meta":{"fifu_image_url":"","fifu_image_alt":"","footnotes":""},"categories":[73,53],"tags":[],"class_list":["post-40935","post","type-post","status-publish","format-standard","hentry","category-actualite","category-algerie"],"_links":{"self":[{"href":"https:\/\/linitiative.ca\/International\/wp-json\/wp\/v2\/posts\/40935","targetHints":{"allow":["GET"]}}],"collection":[{"href":"https:\/\/linitiative.ca\/International\/wp-json\/wp\/v2\/posts"}],"about":[{"href":"https:\/\/linitiative.ca\/International\/wp-json\/wp\/v2\/types\/post"}],"author":[{"embeddable":true,"href":"https:\/\/linitiative.ca\/International\/wp-json\/wp\/v2\/users\/1744"}],"replies":[{"embeddable":true,"href":"https:\/\/linitiative.ca\/International\/wp-json\/wp\/v2\/comments?post=40935"}],"version-history":[{"count":0,"href":"https:\/\/linitiative.ca\/International\/wp-json\/wp\/v2\/posts\/40935\/revisions"}],"wp:attachment":[{"href":"https:\/\/linitiative.ca\/International\/wp-json\/wp\/v2\/media?parent=40935"}],"wp:term":[{"taxonomy":"category","embeddable":true,"href":"https:\/\/linitiative.ca\/International\/wp-json\/wp\/v2\/categories?post=40935"},{"taxonomy":"post_tag","embeddable":true,"href":"https:\/\/linitiative.ca\/International\/wp-json\/wp\/v2\/tags?post=40935"}],"curies":[{"name":"wp","href":"https:\/\/api.w.org\/{rel}","templated":true}]}}