{"id":40936,"date":"2019-06-15T19:00:00","date_gmt":"2019-06-15T23:00:00","guid":{"rendered":"https:\/\/linitiative.ca\/International\/ahmed-benbitour-la-voie-de-la-prosperite\/"},"modified":"2019-06-15T19:00:00","modified_gmt":"2019-06-15T23:00:00","slug":"ahmed-benbitour-la-voie-de-la-prosperite","status":"publish","type":"post","link":"https:\/\/linitiative.ca\/International\/ahmed-benbitour-la-voie-de-la-prosperite\/","title":{"rendered":"Ahmed Benbitour   : \u00abLa voie de la prosp\u00e9rit\u00e9\u00bb"},"content":{"rendered":"<p>L\u2019ancien chef de gouvernement, Ahmed Benbitour, a consid\u00e9r\u00e9, hier \u00e0 Khenchela, que \u00able mouvement populaire, Hirak, a r\u00e9ussi en 3 mois \u00e0 r\u00e9soudre les dysfonctionnements de la soci\u00e9t\u00e9 et du pouvoir en Alg\u00e9rie\u00bb. Lors d\u2019une conf\u00e9rence anim\u00e9e \u00e0 la biblioth\u00e8que centrale de la ville, Benbitour a estim\u00e9 que le Hirak a eu un impact positif sur le peuple alg\u00e9rien, \u00abgu\u00e9ri, a-t-il soulign\u00e9, de plusieurs de ses maux\u00bb. L\u2019expert en \u00e9conomie a estim\u00e9 que les multiples dysfonctionnements que connaissait le pays avant le mouvement populaire enclench\u00e9 le 22 f\u00e9vrier pass\u00e9 avait conduit vers \u00abun \u00c9tat dilu\u00e9 incapable d\u2019aller de l\u2019avant\u00bb, ajoutant que \u00ables comportements civilis\u00e9s de millions d\u2019Alg\u00e9riens ont montr\u00e9 la capacit\u00e9 \u00e0 en gu\u00e9rir lorsque la volont\u00e9 est au rendez-vous\u00bb.<\/p>\n<p>Auteur: elmoudjahid<br \/>\n<a href=\"http:\/\/www.elmoudjahid.com\/fr\/actualites\/138137\">Cliquez ici pour lire l&rsquo;article depuis sa source.<\/a><\/p>\n","protected":false},"excerpt":{"rendered":"<p>L\u2019ancien chef de gouvernement, Ahmed Benbitour, a consid\u00e9r\u00e9, hier \u00e0 Khenchela, que \u00able mouvement populaire, Hirak, a r\u00e9ussi en 3 mois \u00e0 r\u00e9soudre les dysfonctionnements de la soci\u00e9t\u00e9 et du pouvoir en Alg\u00e9rie\u00bb. Lors d\u2019une conf\u00e9rence anim\u00e9e \u00e0 la biblioth\u00e8que centrale de la ville, Benbitour a estim\u00e9 que le Hirak a eu un impact positif [&hellip;]<\/p>\n","protected":false},"author":1744,"featured_media":0,"comment_status":"closed","ping_status":"closed","sticky":false,"template":"","format":"standard","meta":{"fifu_image_url":"","fifu_image_alt":"","footnotes":""},"categories":[73,53],"tags":[],"class_list":["post-40936","post","type-post","status-publish","format-standard","hentry","category-actualite","category-algerie"],"_links":{"self":[{"href":"https:\/\/linitiative.ca\/International\/wp-json\/wp\/v2\/posts\/40936","targetHints":{"allow":["GET"]}}],"collection":[{"href":"https:\/\/linitiative.ca\/International\/wp-json\/wp\/v2\/posts"}],"about":[{"href":"https:\/\/linitiative.ca\/International\/wp-json\/wp\/v2\/types\/post"}],"author":[{"embeddable":true,"href":"https:\/\/linitiative.ca\/International\/wp-json\/wp\/v2\/users\/1744"}],"replies":[{"embeddable":true,"href":"https:\/\/linitiative.ca\/International\/wp-json\/wp\/v2\/comments?post=40936"}],"version-history":[{"count":0,"href":"https:\/\/linitiative.ca\/International\/wp-json\/wp\/v2\/posts\/40936\/revisions"}],"wp:attachment":[{"href":"https:\/\/linitiative.ca\/International\/wp-json\/wp\/v2\/media?parent=40936"}],"wp:term":[{"taxonomy":"category","embeddable":true,"href":"https:\/\/linitiative.ca\/International\/wp-json\/wp\/v2\/categories?post=40936"},{"taxonomy":"post_tag","embeddable":true,"href":"https:\/\/linitiative.ca\/International\/wp-json\/wp\/v2\/tags?post=40936"}],"curies":[{"name":"wp","href":"https:\/\/api.w.org\/{rel}","templated":true}]}}