{"id":40946,"date":"2019-06-16T14:24:13","date_gmt":"2019-06-16T18:24:13","guid":{"rendered":"https:\/\/linitiative.ca\/International\/90703-jeux-africains-de-plage-trois-nouvelles-medailles-dont-deux-en-vermeil-pour-l-algerie\/"},"modified":"2019-06-16T14:24:13","modified_gmt":"2019-06-16T18:24:13","slug":"90703-jeux-africains-de-plage-trois-nouvelles-medailles-dont-deux-en-vermeil-pour-l-algerie","status":"publish","type":"post","link":"https:\/\/linitiative.ca\/International\/90703-jeux-africains-de-plage-trois-nouvelles-medailles-dont-deux-en-vermeil-pour-l-algerie\/","title":{"rendered":"Jeux africains de plage: trois nouvelles m\u00e9dailles dont deux en vermeil pour l&rsquo;Alg\u00e9rie"},"content":{"rendered":"<div>\n<div class=\"K2FeedImage\"><img decoding=\"async\" src=\"http:\/\/www.aps.dz\/media\/k2\/items\/cache\/d301d1d91c80ee1268429deb7697dfbf_S.jpg\" alt=\"Jeux africains de plage: trois nouvelles m\u00e9dailles dont deux en vermeil pour l'Alg\u00e9rie\"><\/div>\n<div class=\"K2FeedIntroText\">\n<p><strong>SAL (Cap-Vert) &#8211; L&rsquo;Alg\u00e9rie a d\u00e9croch\u00e9 dimanche, trois nouvelles m\u00e9dailles dont deux en vermeil\u00a0 aux Jeux africains de plage qui se d\u00e9roulent du 14 au 23 juin sur l&rsquo;\u00eele capverdienne de Sal.<\/strong><\/p>\n<\/div>\n<div class=\"K2FeedFullText\">\n<p>La premi\u00e8re m\u00e9daille d&rsquo;or a \u00e9t\u00e9 l&rsquo;oeuvre de la marathonienne Reham Senani qui a remport\u00e9 l&rsquo;\u00e9preuve du semi-marathon (dames) devan\u00e7ant sur la ligne d&rsquo;arriv\u00e9e respectivement la Namibienne Haitop Lavinia (2e) et l&rsquo;Ougandaise Presilla Chilnagate (3e).<\/p>\n<p>De son c\u00f4t\u00e9, la s\u00e9lection alg\u00e9rienne de karat\u00e9-do, s&rsquo;est adjug\u00e9e la 2e m\u00e9daille d&rsquo;or de cette journ\u00e9e dans l&rsquo;\u00e9preuve du \u00ab\u00a0Kata\u00a0\u00bb (d\u00e9monstration) en obtenant la meilleure note (25,20) devant respectivement le Bostwana (24,60) et le Cap-Vert\u00a0 (22,20).<\/p>\n<p>La 3e m\u00e9daille alg\u00e9rienne en bronze est revenue \u00e0 l&rsquo;Alg\u00e9rienne Kamilia Hadj-Said dans l&rsquo;\u00e9preuve du Kata (individuel) avec une note de 24,60, apr\u00e8s avoir battu la cap-verdienne Sylivaiian Mendez.<\/p>\n<p>A l&rsquo;issue de cette journ\u00e9e, l&rsquo;Alg\u00e9rie porte sa moisson de m\u00e9dailles \u00e0 8 dont 4 en or, 3 en argent et 1 en bronze.<\/p>\n<p>Au total, 74 athl\u00e8tes, r\u00e9partis sur 11 disciplines, repr\u00e9sentent l&rsquo;Alg\u00e9rie dans cette comp\u00e9tition qui enregistre la participation d&rsquo;un total de 1800 sportifs issus de 54 pays.<\/p>\n<\/div>\n<p><img loading=\"lazy\" decoding=\"async\" src=\"http:\/\/feeds.feedburner.com\/~r\/aps-sport\/~4\/yM5C-seAbzo\" height=\"1\" width=\"1\" alt=\"\"><\/div>\n<p>Auteur:<br \/>\n<a href=\"http:\/\/www.aps.dz\/sport\/90703-jeux-africains-de-plage-trois-nouvelles-medailles-dont-deux-en-vermeil-pour-l-algerie?utm_source=feedburner&#038;utm_medium=feed&#038;utm_campaign=Feed%3A+aps-sport+%28APS+-+SPORT%29\">Cliquez ici pour lire l&rsquo;article depuis sa source.<\/a><\/p>\n","protected":false},"excerpt":{"rendered":"<p>SAL (Cap-Vert) &#8211; L&rsquo;Alg\u00e9rie a d\u00e9croch\u00e9 dimanche, trois nouvelles m\u00e9dailles dont deux en vermeil\u00a0 aux Jeux africains de plage qui se d\u00e9roulent du 14 au 23 juin sur l&rsquo;\u00eele capverdienne de Sal. La premi\u00e8re m\u00e9daille d&rsquo;or a \u00e9t\u00e9 l&rsquo;oeuvre de la marathonienne Reham Senani qui a remport\u00e9 l&rsquo;\u00e9preuve du semi-marathon (dames) devan\u00e7ant sur la ligne [&hellip;]<\/p>\n","protected":false},"author":1790,"featured_media":40947,"comment_status":"closed","ping_status":"closed","sticky":false,"template":"","format":"standard","meta":{"fifu_image_url":"","fifu_image_alt":"","footnotes":""},"categories":[53,75],"tags":[],"class_list":["post-40946","post","type-post","status-publish","format-standard","has-post-thumbnail","hentry","category-algerie","category-sport"],"_links":{"self":[{"href":"https:\/\/linitiative.ca\/International\/wp-json\/wp\/v2\/posts\/40946","targetHints":{"allow":["GET"]}}],"collection":[{"href":"https:\/\/linitiative.ca\/International\/wp-json\/wp\/v2\/posts"}],"about":[{"href":"https:\/\/linitiative.ca\/International\/wp-json\/wp\/v2\/types\/post"}],"author":[{"embeddable":true,"href":"https:\/\/linitiative.ca\/International\/wp-json\/wp\/v2\/users\/1790"}],"replies":[{"embeddable":true,"href":"https:\/\/linitiative.ca\/International\/wp-json\/wp\/v2\/comments?post=40946"}],"version-history":[{"count":0,"href":"https:\/\/linitiative.ca\/International\/wp-json\/wp\/v2\/posts\/40946\/revisions"}],"wp:featuredmedia":[{"embeddable":true,"href":"https:\/\/linitiative.ca\/International\/wp-json\/"}],"wp:attachment":[{"href":"https:\/\/linitiative.ca\/International\/wp-json\/wp\/v2\/media?parent=40946"}],"wp:term":[{"taxonomy":"category","embeddable":true,"href":"https:\/\/linitiative.ca\/International\/wp-json\/wp\/v2\/categories?post=40946"},{"taxonomy":"post_tag","embeddable":true,"href":"https:\/\/linitiative.ca\/International\/wp-json\/wp\/v2\/tags?post=40946"}],"curies":[{"name":"wp","href":"https:\/\/api.w.org\/{rel}","templated":true}]}}