{"id":40954,"date":"2019-06-16T14:16:00","date_gmt":"2019-06-16T18:16:00","guid":{"rendered":"https:\/\/linitiative.ca\/International\/demission-de-bouchareb-de-la-presidence-de-lapn-le-fln-reitere-sa-revendication\/"},"modified":"2019-06-16T14:16:00","modified_gmt":"2019-06-16T18:16:00","slug":"demission-de-bouchareb-de-la-presidence-de-lapn-le-fln-reitere-sa-revendication","status":"publish","type":"post","link":"https:\/\/linitiative.ca\/International\/demission-de-bouchareb-de-la-presidence-de-lapn-le-fln-reitere-sa-revendication\/","title":{"rendered":"DEMISSION DE BOUCHAREB DE LA PRESIDENCE DE L&rsquo;APN : Le FLN r\u00e9it\u00e8re sa revendication"},"content":{"rendered":"<p><br id=\"sep_para_1\" class=\"sep_para access\"\/><\/p>\n<div id=\"para_1\" class=\"para_31739186 resize\">\n<div class=\"texte access firstletter\">Dans un communiqu\u00e9 sanctionnant les travaux d&rsquo;une r\u00e9union du bureau de ce groupe, \u00ab\u00a0ce dernier a r\u00e9it\u00e9r\u00e9 l&rsquo;imp\u00e9ratif pour l&rsquo;actuel pr\u00e9sident de l&rsquo;APN de se retirer de la pr\u00e9sidence de cette institution\u00a0\u00bb, appelant, dans ce cadre, \u00ab\u00a0les d\u00e9put\u00e9s des diff\u00e9rentes formations politiques \u00e0 assumer leur responsabilit\u00e9 historique dans la d\u00e9fense des revendications du peuple, notamment la d\u00e9mission du pr\u00e9sident de l&rsquo;APN, M. Bouchareb de la t\u00eate de cette institution l\u00e9gislative\u00a0\u00bb. Le groupe parlementaire du FLN a soulign\u00e9 que \u00ab\u00a0la stabilit\u00e9 de l&rsquo;APN et la reprise de ses activit\u00e9s sont tributaires du retrait de l&rsquo;actuel pr\u00e9sident de l&rsquo;APN de son poste\u00a0\u00bb. Le groupe a relev\u00e9 par la m\u00eame \u00ab\u00a0la n\u00e9cessit\u00e9 du dialogue constructif en associant toutes les franges de la soci\u00e9t\u00e9 sans exclusion ni marginalisation, afin d\u2019atteindre des solutions ad\u00e9quates \u00e0 l\u2019effet de sortir de la crise que vit le pays et d\u2019\u00e9lire le pr\u00e9sident de la R\u00e9publique dans les plus brefs d\u00e9lais\u00a0\u00bb. Dans un contexte pareil, ce groupe a salu\u00e9 \u00ab\u00a0le r\u00f4le de l\u2019institution militaire dans la pr\u00e9servation de la stabilit\u00e9 du pays et l\u2019accompagnement du Hirak populaire en vue de r\u00e9pondre aux revendications l\u00e9gitimes\u00a0\u00bb, se f\u00e9licitant, en outre, \u00ab\u00a0du r\u00f4le de la justice dans l\u2019accomplissement de ses missions dans le but de lutter contre la corruption et de soutenir toutes les mesures \u00e0 m\u00eame de garantir la justice\u00a0\u00bb. Il a affirm\u00e9 par ailleurs \u00ab\u00a0l\u2019accomplissement de son r\u00f4le dans le cadre des r\u00e9formes constitutionnelles en vue de faciliter les mesures judiciaires et de contribuer \u00e0 la garantie de la justice\u00a0\u00bb. A noter que cette r\u00e9union qui a regroup\u00e9 les membres du bureau du groupe parlementaire du parti \u00e0 l\u2019APN, pr\u00e9sid\u00e9e par Khaled Bouriah, pr\u00e9sident du groupe FLN, s\u2019est d\u00e9roul\u00e9e \u00ab\u00a0dans le cadre du suivi des \u00e9v\u00e8nements que conna\u00eet l\u2019APN\u00a0\u00bb.<\/div>\n<\/div>\n<p>Auteur: Ismain<br \/>\n<a href=\"https:\/\/www.reflexiondz.net\/DEMISSION-DE-BOUCHAREB-DE-LA-PRESIDENCE-DE-L-APN-Le-FLN-reitere-sa-revendication_a56200.html\">Cliquez ici pour lire l&rsquo;article depuis sa source.<\/a><\/p>\n","protected":false},"excerpt":{"rendered":"<p>Dans un communiqu\u00e9 sanctionnant les travaux d&rsquo;une r\u00e9union du bureau de ce groupe, \u00ab\u00a0ce dernier a r\u00e9it\u00e9r\u00e9 l&rsquo;imp\u00e9ratif pour l&rsquo;actuel pr\u00e9sident de l&rsquo;APN de se retirer de la pr\u00e9sidence de cette institution\u00a0\u00bb, appelant, dans ce cadre, \u00ab\u00a0les d\u00e9put\u00e9s des diff\u00e9rentes formations politiques \u00e0 assumer leur responsabilit\u00e9 historique dans la d\u00e9fense des revendications du peuple, notamment [&hellip;]<\/p>\n","protected":false},"author":1740,"featured_media":0,"comment_status":"closed","ping_status":"closed","sticky":false,"template":"","format":"standard","meta":{"fifu_image_url":"","fifu_image_alt":"","footnotes":""},"categories":[53,76],"tags":[],"class_list":["post-40954","post","type-post","status-publish","format-standard","hentry","category-algerie","category-regions"],"_links":{"self":[{"href":"https:\/\/linitiative.ca\/International\/wp-json\/wp\/v2\/posts\/40954","targetHints":{"allow":["GET"]}}],"collection":[{"href":"https:\/\/linitiative.ca\/International\/wp-json\/wp\/v2\/posts"}],"about":[{"href":"https:\/\/linitiative.ca\/International\/wp-json\/wp\/v2\/types\/post"}],"author":[{"embeddable":true,"href":"https:\/\/linitiative.ca\/International\/wp-json\/wp\/v2\/users\/1740"}],"replies":[{"embeddable":true,"href":"https:\/\/linitiative.ca\/International\/wp-json\/wp\/v2\/comments?post=40954"}],"version-history":[{"count":0,"href":"https:\/\/linitiative.ca\/International\/wp-json\/wp\/v2\/posts\/40954\/revisions"}],"wp:attachment":[{"href":"https:\/\/linitiative.ca\/International\/wp-json\/wp\/v2\/media?parent=40954"}],"wp:term":[{"taxonomy":"category","embeddable":true,"href":"https:\/\/linitiative.ca\/International\/wp-json\/wp\/v2\/categories?post=40954"},{"taxonomy":"post_tag","embeddable":true,"href":"https:\/\/linitiative.ca\/International\/wp-json\/wp\/v2\/tags?post=40954"}],"curies":[{"name":"wp","href":"https:\/\/api.w.org\/{rel}","templated":true}]}}