{"id":40957,"date":"2019-06-16T14:16:00","date_gmt":"2019-06-16T18:16:00","guid":{"rendered":"https:\/\/linitiative.ca\/International\/defense-gaid-salah-aujourdhui-a-bechar\/"},"modified":"2019-06-16T14:16:00","modified_gmt":"2019-06-16T18:16:00","slug":"defense-gaid-salah-aujourdhui-a-bechar","status":"publish","type":"post","link":"https:\/\/linitiative.ca\/International\/defense-gaid-salah-aujourdhui-a-bechar\/","title":{"rendered":"DEFENSE : Ga\u00efd Salah  aujourd\u2018hui \u00e0 B\u00e9char"},"content":{"rendered":"<p><br id=\"sep_para_1\" class=\"sep_para access\"\/><\/p>\n<div id=\"para_1\" class=\"para_31739192 resize\">\n<div class=\"texte access firstletter\">\u00a0Le g\u00e9n\u00e9ral de corps d&rsquo;Arm\u00e9e, Ahmed Ga\u00efd Salah, vice-ministre de la D\u00e9fense nationale, chef d&rsquo;Etat-major de l&rsquo;Arm\u00e9e nationale populaire (ANP), effectue, \u00e0 partir d\u2019aujourd\u2019hui, une visite de travail et d&rsquo;inspection \u00e0 la 3\u00e8me R\u00e9gion militaire \u00e0 Bechar, a rapport\u00e9, ce dimanche, un communiqu\u00e9 du minist\u00e8re de la D\u00e9fense nationale (MDN). La m\u00eame source pr\u00e9cise que lors de cette visite, Ga\u00efd Salah \u00absupervisera un exercice tactique avec munitions r\u00e9elles, qui s&rsquo;inscrit dans le cadre de la cl\u00f4ture de l&rsquo;ann\u00e9e de pr\u00e9paration au combat 2018-2019, et tiendra des r\u00e9unions d&rsquo;orientation avec les cadres et les personnels de la 3\u00e8me R\u00e9gion militaire\u00bb.\u00a0\u00a0\u00a0<\/div>\n<\/div>\n<p>Auteur: Ismain<br \/>\n<a href=\"https:\/\/www.reflexiondz.net\/DEFENSE-Gaid-Salah-aujourd-hui-a-Bechar_a56203.html\">Cliquez ici pour lire l&rsquo;article depuis sa source.<\/a><\/p>\n","protected":false},"excerpt":{"rendered":"<p>\u00a0Le g\u00e9n\u00e9ral de corps d&rsquo;Arm\u00e9e, Ahmed Ga\u00efd Salah, vice-ministre de la D\u00e9fense nationale, chef d&rsquo;Etat-major de l&rsquo;Arm\u00e9e nationale populaire (ANP), effectue, \u00e0 partir d\u2019aujourd\u2019hui, une visite de travail et d&rsquo;inspection \u00e0 la 3\u00e8me R\u00e9gion militaire \u00e0 Bechar, a rapport\u00e9, ce dimanche, un communiqu\u00e9 du minist\u00e8re de la D\u00e9fense nationale (MDN). La m\u00eame source pr\u00e9cise que [&hellip;]<\/p>\n","protected":false},"author":1740,"featured_media":0,"comment_status":"closed","ping_status":"closed","sticky":false,"template":"","format":"standard","meta":{"fifu_image_url":"","fifu_image_alt":"","footnotes":""},"categories":[53,76],"tags":[],"class_list":["post-40957","post","type-post","status-publish","format-standard","hentry","category-algerie","category-regions"],"_links":{"self":[{"href":"https:\/\/linitiative.ca\/International\/wp-json\/wp\/v2\/posts\/40957","targetHints":{"allow":["GET"]}}],"collection":[{"href":"https:\/\/linitiative.ca\/International\/wp-json\/wp\/v2\/posts"}],"about":[{"href":"https:\/\/linitiative.ca\/International\/wp-json\/wp\/v2\/types\/post"}],"author":[{"embeddable":true,"href":"https:\/\/linitiative.ca\/International\/wp-json\/wp\/v2\/users\/1740"}],"replies":[{"embeddable":true,"href":"https:\/\/linitiative.ca\/International\/wp-json\/wp\/v2\/comments?post=40957"}],"version-history":[{"count":0,"href":"https:\/\/linitiative.ca\/International\/wp-json\/wp\/v2\/posts\/40957\/revisions"}],"wp:attachment":[{"href":"https:\/\/linitiative.ca\/International\/wp-json\/wp\/v2\/media?parent=40957"}],"wp:term":[{"taxonomy":"category","embeddable":true,"href":"https:\/\/linitiative.ca\/International\/wp-json\/wp\/v2\/categories?post=40957"},{"taxonomy":"post_tag","embeddable":true,"href":"https:\/\/linitiative.ca\/International\/wp-json\/wp\/v2\/tags?post=40957"}],"curies":[{"name":"wp","href":"https:\/\/api.w.org\/{rel}","templated":true}]}}