{"id":40968,"date":"2019-06-16T08:33:00","date_gmt":"2019-06-16T12:33:00","guid":{"rendered":"https:\/\/linitiative.ca\/International\/dr-mohamed-salah-ben-ammar-ne-pas-aggraver-le-desenchantement\/"},"modified":"2019-06-16T08:33:00","modified_gmt":"2019-06-16T12:33:00","slug":"dr-mohamed-salah-ben-ammar-ne-pas-aggraver-le-desenchantement","status":"publish","type":"post","link":"https:\/\/linitiative.ca\/International\/dr-mohamed-salah-ben-ammar-ne-pas-aggraver-le-desenchantement\/","title":{"rendered":"Dr Mohamed Salah Ben Ammar : Ne pas aggraver le d\u00e9senchantement"},"content":{"rendered":"<p>Le citoyen tunisien observe depuis plusieurs ann\u00e9es avec un certain d\u00e9senchantement la vie politique du pays.<br \/>Les \u00e9checs politiques, sociaux et \u00e9conomiques de ce gouvernement ont ouvert les portes de l\u2019enfer, l\u2019exasp\u00e9ration des citoyens est \u00e0 son comble. Qui peut encore le nier\u00a0?<\/p>\n<p>La lutte contre la corruption\u00a0? Une belle initiative, peut-\u00eatre la seule action qui pouvait f\u00e9d\u00e9rer la majorit\u00e9 des courants politiques, mais elle a \u00e9t\u00e9 d\u00e9voy\u00e9e, instrumentalis\u00e9e. Elle a fait pschitt. Les accusations de corruption d\u2019hommes et de femmes politiques ne sont jamais all\u00e9es jusqu\u2019au bout. Et quel cr\u00e9dit accorder \u00e0 cette action alors que des accusations s\u00e9rieuses n\u2019ont eu aucune suite et d\u2019autres, des ragots sans fondement ont eu un impact m\u00e9diatique certainement t\u00e9l\u00e9guid\u00e9 \u00e9norme\u00a0?<br \/>Sur un autre plan, la voix du peuple, ses repr\u00e9sentants, l\u2019ARP s\u2019est transform\u00e9e en cours des miracles, elle a \u00e0 de multiples occasion donn\u00e9 d\u2019elle une pi\u00e8tre image.<\/p>\n<p><span class=\"c2\"><strong>Dans ce climat d\u00e9l\u00e9t\u00e8re, la cour constitutionnelle n\u2019a jamais vu le jour et c\u2019est extr\u00eamement grave.<\/strong><\/span> Le choix de ses membres fait l\u2019objet de marchandages indignes du r\u00f4le de la plus haute instance du pays. N\u2019\u00e9tait-ce pas la priorit\u00e9 des priorit\u00e9s\u00a0?<br \/>Nos repr\u00e9sentants que certains qualifient de touristes tant ils ont chang\u00e9 de parti ces quatre ann\u00e9es, se sont discr\u00e9dit\u00e9s. Leurs disputes, leur absent\u00e9isme \u00e0 l\u2019ARP sont scandaleux.<\/p>\n<p><span class=\"c2\"><strong>La vie des partis d\u00e9pend souvent des ambitions d\u2019une personne.<\/strong><\/span> Le financement de beaucoup de partis politiques et c\u2019est un secret de polichinelle provient de l\u2019\u00e9tranger. Les comptes de campagne ne sont jamais publi\u00e9s. Les rapports de la cour des comptes sont rest\u00e9s lettre morte.<\/p>\n<p>Nul n\u2019est dupe\u00a0! Comment un parti qui n\u2019avait encore aucune existence l\u00e9gale, peut-il tenir des meetings \u00e0 200\u00a0000 dinars tous les 15 jours, distribuer des billets de 20 dinars \u00e0 des participants qui ne sont venus que pour cela et qui n\u2019ont m\u00eame pas eu l\u2019\u00e9l\u00e9gance d\u2019\u00e9couter le discours de leur leader charismatique\u00a0? Comment cet embryon de parti a-t-il pu louer des locaux dans tous les gouvernorats, imprimer des affiches, payer des boites de communication, tenir des r\u00e9unions dans les h\u00f4tels les plus hupp\u00e9s du pays et payer les d\u00e9placements de ses sympathisants\u00a0? La liste est longue et rien que son \u00e9vocation est p\u00e9nible.<\/p>\n<h2>Comment convaincre le commun des mortels dans ces conditions\u00a0de la sinc\u00e9rit\u00e9 de la volont\u00e9 de moralisation de la vie politique ?<\/h2>\n<p>Pourtant ces quatre derni\u00e8res ann\u00e9es une petite lumi\u00e8re s\u2019est allum\u00e9e \u00e0 travers le rapport du COLIBE, malheureusement elle a \u00e9t\u00e9 rapidement \u00e9touff\u00e9e par le pl\u00e9thorique et d\u00e9funt gouvernement dit d\u2019union nationale (GUN). Trop occup\u00e9s qu\u2019\u00e9taient ses membres \u00e0 fuir leurs partis et \u00e0 cr\u00e9er un nouveau parti politique. Ils ont jug\u00e9 qu\u2019il \u00e9tait plus important pour le pays d\u2019ajouter un ni\u00e8me parti plut\u00f4t que d\u2019ouvrir un d\u00e9bat de soci\u00e9t\u00e9 sur des questions aussi importantes que les libert\u00e9s. De toute \u00e9vidence progressisme, modernisme, justice ne sont pour eux que des slogans.<\/p>\n<h2>Comment peut-on encore leur accorder le moindre cr\u00e9dit\u00a0?<\/h2>\n<p>Nos politiciens en herbe dont personnes ne connait ni les opinions ni les orientations politiques, toute une g\u00e9n\u00e9ration spontan\u00e9e venue de tous bords un 14 janvier 2011 s\u2019accroche au pouvoir. Une grande partie d\u2019entre eux n\u2019a aucune l\u00e9gitimit\u00e9, elle n\u2019a jamais \u00e9t\u00e9 \u00e9lue. Tous doivent \u00e0 leur carri\u00e8re \u00e0 leur proximit\u00e9 avec l\u2019un des deux ou parfois aux deux cheikhs. Aujourd\u2019hui ils ont trahi le plus \u00e2g\u00e9s des deux, et attendent le moment propice pour trahir l\u2019autre. Comment leur faire confiance\u00a0?<\/p>\n<p><span class=\"c2\"><strong>Plus inqui\u00e9tant l\u2019approche des \u00e9lections a g\u00e9n\u00e9r\u00e9 chez eux des conduites \u00e0 risque pour le pays.<\/strong><\/span> Ils \u00e9taient s\u00fbrs de gagner avec l\u2019appareil de l\u2019Etat entre les mains. Mais bien g\u00e9rer un Etat ne s\u2019improvise pas. Face aux \u00e9checs les promesses sont la solution tout trouv\u00e9e. Quotidiennement le gouvernement (Une \u00e9quipe de campagne \u00e9lectorale) tient des r\u00e9unions et promet monts et merveilles, des dizaines de millions de dinars, des autoroutes, des lignes de chemin de fer, des bateaux, des avions, des bus, des stades, des h\u00f4pitaux, des usines et m\u00eame quatre drones pour surveiller la r\u00e9colte\u2026Sans fil conducteur et tel un bateau ivre ce gouvernement est ballot\u00e9 par les courants, il r\u00e9pond aux crises qu\u2019il a aggrav\u00e9e au coup par coup. Il organise de d\u00e9bats m\u00e9diatis\u00e9s, c\u2019est tr\u00e8s \u00e0 la mode en ce moment mais comme ils sont organis\u00e9s \u00e0 la va vite, ils d\u00e9bouchent automatiquement sur des shopping listes.<\/p>\n<h2>Comment les croire alors que le quotidien empire de jour en jour\u00a0?<\/h2>\n<p>Le d\u00e9senchantement est g\u00e9n\u00e9ral, aucune cat\u00e9gorie n\u2019a \u00e9t\u00e9 \u00e9pargn\u00e9e. C\u2019est dans cette ambiance de d\u00e9cr\u00e9pitude de la vie politique nationale et de crise et \u00e0 cinq mois des \u00e9lections qu\u2019il nous sort de sa manche un projet de loi, sens\u00e9 soi-disant garantir des \u00e9lections \u00ab\u00a0libres et d\u00e9mocratiques\u00a0\u00bb et devant l\u2019incr\u00e9dulit\u00e9 de l\u2019opinion publique, on tente de d\u00e9tourner le d\u00e9bat de l\u2019essentiel pour embarquer le d\u00e9bat sur des questions juridiques d\u2019experts. La ficelle est trop grosse. Nul ne conteste la n\u00e9cessit\u00e9 de mettre de l\u2019ordre dans la vie politique mais le faire \u00e0 quelques semaines des \u00e9lections n\u2019est pas \u00e9thique et donnera toujours l\u2019impression d\u2019\u00eatre une man\u0153uvre \u00e9lectorale. S\u2019en est une ind\u00e9niablement.<\/p>\n<p><span class=\"c2\"><strong>Les \u00e9lections l\u00e9gislatives du 5 octobre 2019 sont peut-\u00eatre notre derni\u00e8re chance.<\/strong><\/span> A juste titre elles nous inqui\u00e8tent tous. D\u2019un c\u00f4t\u00e9 plus d\u2019un million de nouveaux \u00e9lecteurs inscrits perturberont certainement la donne, de l\u2019autre la paup\u00e9risation de toutes les classes sociales, qui s\u2019est acc\u00e9l\u00e9r\u00e9e ces trois derni\u00e8res ann\u00e9es, a ouvert des boulevards aux populistes de tous bords. Les signes de panique de nos dirigeants sont perceptibles.<\/p>\n<p>Je ne suis pas un expert en droit. Je combattrais de toutes mes forces, les populistes et tous ceux que ce projet de loi est sens\u00e9 \u00e9loigner de la comp\u00e9tition mais pas ainsi. Je dis que pour de multiples raisons ce texte du projet de loi ouvre la porte \u00e0 toutes les d\u00e9rives.<\/p>\n<p><span class=\"c2\"><strong>D\u2019abord les principes qui y sont \u00e9nonc\u00e9s sont vagues,<\/strong><\/span> il parle de ceux qui ont soutenu la dictature, de non-respect des principes r\u00e9publicains, de non-respect des libert\u00e9s\u2026Un fourre-tout d\u2019adolescent en politique. Libert\u00e9s et d\u00e9mocratie sont indissociables, donc respectons la libert\u00e9 si nous voulons assurer la d\u00e9mocratie. Ensuite il faudrait traiter l\u2019ensemble des probl\u00e8mes, commencer par d\u00e9finir les choses avant de les interdire, interdire les financements occultes, assurer la transparence&#8230; Nul besoin d\u2019aborder la question de non r\u00e9troactivit\u00e9 des lois, du seuil de 3 ou 5% ou d\u2019autres d\u00e9tails du projet de loi, la d\u00e9marche en elle-m\u00eame est un abus. Rien que parce que les promoteurs de ce projet de loi devraient commencer par balayer devant leur porte.<\/p>\n<p>Quant \u00e0 ceux qui soutiennent sinc\u00e8rement ce projet en pensant d\u00e9fendre une certaine moralisation de la vie politique, je rappelle que la d\u00e9marche \u00e9thique interdit que la fin justifie les moyens. Ensemble mais avec des m\u00e9thodes plus respectueuses de la d\u00e9mocratie nous pouvons barrer la route aux malfaisants de tous bords.<\/p>\n<p>Aujourd\u2019hui ni le contexte politique du pays \u00e9voqu\u00e9 sommairement plus haut, ni le timing, \u00e0 quelques semaines des \u00e9lections, ni le pass\u00e9 politique de ceux qui pr\u00e9sentent ce projet ne permettent de soutenir une d\u00e9marche orient\u00e9e contre des personnes et non des m\u00e9thodes malsaines.<\/p>\n<p>La date des \u00e9lections de 2019 n\u2019est pas une surprise, une d\u00e9marche sinc\u00e8re aurait bien \u00e0 l\u2019avance permis d\u2019\u00e9pargner au pays ce psychodrame. Car cette r\u00e9forme est partiale et partielle, elle s\u00e8me la division et la discorde nationale.<\/p>\n<p>Cette man\u0153uvre politicienne de derni\u00e8re minute doit \u00eatre combattue car elle ne renforcera pas notre d\u00e9mocratie<\/p>\n<p><strong>Dr Mohamed Salah Ben Ammar<\/strong><\/p>\n<p>Auteur:<br \/>\n<a href=\"https:\/\/www.leaders.com.tn\/article\/27292-dr-mohamed-salah-ben-ammar-ne-pas-aggraver-le-desenchantement\">Cliquez ici pour lire l&rsquo;article depuis sa source.<\/a><\/p>\n","protected":false},"excerpt":{"rendered":"<p>Le citoyen tunisien observe depuis plusieurs ann\u00e9es avec un certain d\u00e9senchantement la vie politique du pays.Les \u00e9checs politiques, sociaux et \u00e9conomiques de ce gouvernement ont ouvert les portes de l\u2019enfer, l\u2019exasp\u00e9ration des citoyens est \u00e0 son comble. Qui peut encore le nier\u00a0? La lutte contre la corruption\u00a0? Une belle initiative, peut-\u00eatre la seule action qui [&hellip;]<\/p>\n","protected":false},"author":1772,"featured_media":0,"comment_status":"closed","ping_status":"closed","sticky":false,"template":"","format":"standard","meta":{"fifu_image_url":"","fifu_image_alt":"","footnotes":""},"categories":[73,55],"tags":[],"class_list":["post-40968","post","type-post","status-publish","format-standard","hentry","category-actualite","category-tunisie"],"_links":{"self":[{"href":"https:\/\/linitiative.ca\/International\/wp-json\/wp\/v2\/posts\/40968","targetHints":{"allow":["GET"]}}],"collection":[{"href":"https:\/\/linitiative.ca\/International\/wp-json\/wp\/v2\/posts"}],"about":[{"href":"https:\/\/linitiative.ca\/International\/wp-json\/wp\/v2\/types\/post"}],"author":[{"embeddable":true,"href":"https:\/\/linitiative.ca\/International\/wp-json\/wp\/v2\/users\/1772"}],"replies":[{"embeddable":true,"href":"https:\/\/linitiative.ca\/International\/wp-json\/wp\/v2\/comments?post=40968"}],"version-history":[{"count":0,"href":"https:\/\/linitiative.ca\/International\/wp-json\/wp\/v2\/posts\/40968\/revisions"}],"wp:attachment":[{"href":"https:\/\/linitiative.ca\/International\/wp-json\/wp\/v2\/media?parent=40968"}],"wp:term":[{"taxonomy":"category","embeddable":true,"href":"https:\/\/linitiative.ca\/International\/wp-json\/wp\/v2\/categories?post=40968"},{"taxonomy":"post_tag","embeddable":true,"href":"https:\/\/linitiative.ca\/International\/wp-json\/wp\/v2\/tags?post=40968"}],"curies":[{"name":"wp","href":"https:\/\/api.w.org\/{rel}","templated":true}]}}