{"id":40973,"date":"2019-06-16T05:15:23","date_gmt":"2019-06-16T09:15:23","guid":{"rendered":"https:\/\/linitiative.ca\/International\/horaire-dete-le-changement-rejete-par-68-des-citoyens\/"},"modified":"2019-06-16T05:15:23","modified_gmt":"2019-06-16T09:15:23","slug":"horaire-dete-le-changement-rejete-par-68-des-citoyens","status":"publish","type":"post","link":"https:\/\/linitiative.ca\/International\/horaire-dete-le-changement-rejete-par-68-des-citoyens\/","title":{"rendered":"Horaire d\u2019\u00e9t\u00e9 : le changement rejet\u00e9 par 68% des citoyens"},"content":{"rendered":"<p>Le minist\u00e8re de la R\u00e9forme de l\u2019administration et de la Fonction publique vient de publier les r\u00e9sultats du <a href=\"http:\/\/www.mmsp.gov.ma\/uploads\/file\/RapportSyntheseEtudeGMT1_14062019.pdf\" target=\"_blank\" rel=\"noopener noreferrer\">rapport de synth\u00e8se de l\u2019\u00e9tude d\u2019\u00e9valuation d\u2019impact de l\u2019adoption de l\u2019horaire d\u2019\u00e9t\u00e9 GMT + 1<\/a>. Selon ces r\u00e9sultats, 68% des citoyens et 63% des entreprises s\u2019y opposent.<\/p>\n<div class=\"c10\"\/>\n<p>Les r\u00e9sultats du sondage d\u2019opinions indiquent que 68 pour cent des citoyens et 63 pour cent d\u2019entreprises rejettent le changement du syst\u00e8me d\u2019horaire, ce qui a \u00e9t\u00e9 confirm\u00e9 par les r\u00e9sultats de l\u2019\u00e9tude, ainsi que des \u00e9tudes similaires au niveau international, ce qui prouve que les effets n\u00e9gatifs du changement d\u2019horaire sont principalement li\u00e9s au changement fr\u00e9quent d\u2019heure et non \u00e0 la ligne temporelle.<\/p>\n<p>Cette \u00e9tude s\u2019est bas\u00e9e, selon le ministre de la R\u00e9forme de l\u2019administration et de la fonction publique, Mohamed Benabdkader, sur la m\u00e9thode d\u2019\u00e9valuation des r\u00e9sultats de cinq ans \u00e0 compter de l\u2019application du d\u00e9cret n\u00b0 126-12-2, publi\u00e9 le 18 avril 2012 au sujet du changement de l\u2019heure l\u00e9gale du Royaume, \u00e0 travers deux \u00e9tapes principales, la premi\u00e8re s\u2019\u00e9talant de mars \u00e0 octobre 2018 concerne l\u2019\u00e9valuation du syst\u00e8me de changement d\u2019horaire, tandis que la deuxi\u00e8me phase de l\u2019\u00e9tude, qui porte sur la p\u00e9riode de novembre 2018 \u00e0 avril 2019, concerne l\u2019\u00e9valuation du sc\u00e9nario approuv\u00e9.<\/p>\n<p>Lire aussi :\u00a0<a href=\"https:\/\/www.challenge.ma\/retour-a-lheure-legale-au-maroc-110402\/\" target=\"_blank\" rel=\"noopener noreferrer\">Retour \u00e0 l\u2019heure l\u00e9gale au Maroc<\/a><\/p>\n<p>La premi\u00e8re phase de l\u2019\u00e9tude, selon Benabdelkader, porte sur un sondage d\u2019opinions des citoyens et des op\u00e9rateurs \u00e9conomiques afin d\u2019\u00e9valuer l\u2019impact du changement de l\u2019horloge sur la productivit\u00e9 et la comp\u00e9titivit\u00e9 et l\u2019\u00e9quilibre des op\u00e9rateurs \u00e9conomiques, les activit\u00e9s du syst\u00e8me, ainsi que l\u2019\u00e9valuation de l\u2019impact de ce syst\u00e8me sur la productivit\u00e9 des citoyens et leurs activit\u00e9s. Cette premi\u00e8re phase porte aussi sur une \u00e9tude comparative visant \u00e0 identifier les meilleures pratiques dans le domaine du temps pour changer et am\u00e9liorer les moyens de suivre avec ce syst\u00e8me.<\/p>\n<p>Pour rappel, le ministre avait soulign\u00e9, en r\u00e9ponse \u00e0 une question orale du groupe Rassemblement national des ind\u00e9pendants \u00e0 la Chambre des conseillers , sur \u00ab\u00a0L\u2019\u00e9valuation du GMT+1 au Maroc\u00a0\u00bb, que l\u2019adoption de l\u2019heure d\u2019\u00e9t\u00e9 durant toute l\u2019ann\u00e9e n\u2019a aucun impact sur la sant\u00e9 du point de vue scientifique, selon l\u2019\u00e9tude dont les r\u00e9sultats viennent d\u2019\u00eatre publi\u00e9s.<\/p>\n<div class=\"c17\">\n<fieldset class=\"c16\">\n<legend><strong><span class=\"c11\">Challenge<\/span><span class=\"c12\">news<\/span><\/strong><\/legend>\n<div class=\"c15\">Le meilleur de la r\u00e9daction s\u00e9lectionn\u00e9 par Challenge :<\/p>\n<\/div>\n<\/fieldset>\n<\/div>\n<p>Auteur: Hassan Manyani<br \/>\n<a href=\"https:\/\/www.challenge.ma\/horaire-dete-le-changement-rejete-par-68-des-citoyens-110779\/\">Cliquez ici pour lire l&rsquo;article depuis sa source.<\/a><\/p>\n","protected":false},"excerpt":{"rendered":"<p>Le minist\u00e8re de la R\u00e9forme de l\u2019administration et de la Fonction publique vient de publier les r\u00e9sultats du rapport de synth\u00e8se de l\u2019\u00e9tude d\u2019\u00e9valuation d\u2019impact de l\u2019adoption de l\u2019horaire d\u2019\u00e9t\u00e9 GMT + 1. Selon ces r\u00e9sultats, 68% des citoyens et 63% des entreprises s\u2019y opposent. Les r\u00e9sultats du sondage d\u2019opinions indiquent que 68 pour cent [&hellip;]<\/p>\n","protected":false},"author":1787,"featured_media":0,"comment_status":"closed","ping_status":"closed","sticky":false,"template":"","format":"standard","meta":{"fifu_image_url":"","fifu_image_alt":"","footnotes":""},"categories":[78,54],"tags":[],"class_list":["post-40973","post","type-post","status-publish","format-standard","hentry","category-economie","category-maroc"],"_links":{"self":[{"href":"https:\/\/linitiative.ca\/International\/wp-json\/wp\/v2\/posts\/40973","targetHints":{"allow":["GET"]}}],"collection":[{"href":"https:\/\/linitiative.ca\/International\/wp-json\/wp\/v2\/posts"}],"about":[{"href":"https:\/\/linitiative.ca\/International\/wp-json\/wp\/v2\/types\/post"}],"author":[{"embeddable":true,"href":"https:\/\/linitiative.ca\/International\/wp-json\/wp\/v2\/users\/1787"}],"replies":[{"embeddable":true,"href":"https:\/\/linitiative.ca\/International\/wp-json\/wp\/v2\/comments?post=40973"}],"version-history":[{"count":0,"href":"https:\/\/linitiative.ca\/International\/wp-json\/wp\/v2\/posts\/40973\/revisions"}],"wp:attachment":[{"href":"https:\/\/linitiative.ca\/International\/wp-json\/wp\/v2\/media?parent=40973"}],"wp:term":[{"taxonomy":"category","embeddable":true,"href":"https:\/\/linitiative.ca\/International\/wp-json\/wp\/v2\/categories?post=40973"},{"taxonomy":"post_tag","embeddable":true,"href":"https:\/\/linitiative.ca\/International\/wp-json\/wp\/v2\/tags?post=40973"}],"curies":[{"name":"wp","href":"https:\/\/api.w.org\/{rel}","templated":true}]}}