{"id":40981,"date":"2019-06-16T13:44:25","date_gmt":"2019-06-16T17:44:25","guid":{"rendered":"https:\/\/linitiative.ca\/International\/ligue-1-la-ftf-communique-concernant-les-appels-du-css-et-du-sg\/"},"modified":"2019-06-16T13:44:25","modified_gmt":"2019-06-16T17:44:25","slug":"ligue-1-la-ftf-communique-concernant-les-appels-du-css-et-du-sg","status":"publish","type":"post","link":"https:\/\/linitiative.ca\/International\/ligue-1-la-ftf-communique-concernant-les-appels-du-css-et-du-sg\/","title":{"rendered":"Ligue 1 : La FTF communique concernant les appels du CSS et du SG"},"content":{"rendered":"<div class=\"nc_socialPanel swp_flatFresh swp_d_fullColor swp_i_fullColor swp_o_fullColor scale-100 scale-fullWidth\" data-position=\"none\" data-float=\"floatNone\" data-count=\"5\" data-floatcolor=\"#ffffff\" data-emphasize=\"0\">\n<div class=\"nc_tweetContainer totes totesalt\" data-id=\"6\"><span class=\"swp_count\"><span class=\"swp_label\">Partages<\/span> 0<\/span><\/div>\n<\/div>\n<p><span>La\u00a0<\/span><span>F\u00e9d\u00e9ration Tunisienne de Football<\/span><span>\u00a0a publi\u00e9 un communiqu\u00e9 concernant les appels du\u00a0<\/span><span>Club Sportif Sfaxien<\/span><span>\u00a0et du\u00a0<\/span><span>Stade\u00a0<\/span><span>Gab\u00e9sien<\/span><span>\u00a0au sujet du classement final de la<\/span><span>\u00a0Ligue 1<\/span><span>.<\/span><span>\u00a0<\/span><\/p>\n<p><span>La\u00a0<\/span><span>FTF<\/span><span>\u00a0indique qu\u2019aucun dossier d\u2019appel n\u2019a \u00e9t\u00e9 jusqu\u2019\u00e0 pr\u00e9sent envoy\u00e9 par le CSS au sujet de la d\u00e9cision prise par la\u00a0<\/span><span>Ligue Nationale de Football Professionnel<\/span><span>\u00a0au sujet du match face au<\/span><span>\u00a0CS Hammam-Lif<\/span><span>.<\/span><span>\u00a0<\/span><\/p>\n<div class=\"code-block code-block-1 c4\"><ins class=\"adsbygoogle c3\" data-ad-layout=\"in-article\" data-ad-format=\"fluid\" data-ad-client=\"ca-pub-2102118777505746\" data-ad-slot=\"7301775417\"\/> <\/div>\n<p><span>Concernant le retrait de points au\u00a0<\/span><span>Stade\u00a0<\/span><span>Gab\u00e9sien<\/span><span>, la\u00a0<\/span><span>F\u00e9d\u00e9ration Tunisienne de Football<\/span><span>\u00a0rappelle que la\u00a0<\/span><span>FIFA<\/span><span>\u00a0a envoy\u00e9 une seule demande pour retirer les trois points au SG.<\/span><span>\u00a0<\/span><\/p>\n<div class=\"mvp-org-wrap mvp-org-logo\" itemprop=\"publisher\" itemscope=\"\" itemtype=\"https:\/\/schema.org\/Organization\"><img decoding=\"async\" src=\"https:\/\/sport.tunisienumerique.com\/wp-content\/uploads\/2017\/05\/logo_tunisie_numerique.png\"\/><\/div>\n<div class=\"nc_socialPanel swp_flatFresh swp_d_fullColor swp_i_fullColor swp_o_fullColor scale-100 scale-fullWidth\" data-position=\"none\" data-float=\"floatNone\" data-count=\"5\" data-floatcolor=\"#ffffff\" data-emphasize=\"0\">\n<div class=\"nc_tweetContainer totes totesalt\" data-id=\"6\"><span class=\"swp_count\"><span class=\"swp_label\">Partages<\/span> 0<\/span><\/div>\n<\/div>\n<div class=\"mvp-related-posts left relative\">\n<h4 class=\"post-header\"><span class=\"post-header\">Lire aussi<\/span><\/h4>\n<\/div>\n<p>Auteur: a.<br \/>\n<a href=\"https:\/\/sport.tunisienumerique.com\/ligue-1-ftf-communique-concernant-appels-css-sg\/\">Cliquez ici pour lire l&rsquo;article depuis sa source.<\/a><\/p>\n","protected":false},"excerpt":{"rendered":"<p>Partages 0 La\u00a0F\u00e9d\u00e9ration Tunisienne de Football\u00a0a publi\u00e9 un communiqu\u00e9 concernant les appels du\u00a0Club Sportif Sfaxien\u00a0et du\u00a0Stade\u00a0Gab\u00e9sien\u00a0au sujet du classement final de la\u00a0Ligue 1.\u00a0 La\u00a0FTF\u00a0indique qu\u2019aucun dossier d\u2019appel n\u2019a \u00e9t\u00e9 jusqu\u2019\u00e0 pr\u00e9sent envoy\u00e9 par le CSS au sujet de la d\u00e9cision prise par la\u00a0Ligue Nationale de Football Professionnel\u00a0au sujet du match face au\u00a0CS Hammam-Lif.\u00a0 Concernant le [&hellip;]<\/p>\n","protected":false},"author":1789,"featured_media":40982,"comment_status":"closed","ping_status":"closed","sticky":false,"template":"","format":"standard","meta":{"fifu_image_url":"","fifu_image_alt":"","footnotes":""},"categories":[73,55],"tags":[],"class_list":["post-40981","post","type-post","status-publish","format-standard","has-post-thumbnail","hentry","category-actualite","category-tunisie"],"_links":{"self":[{"href":"https:\/\/linitiative.ca\/International\/wp-json\/wp\/v2\/posts\/40981","targetHints":{"allow":["GET"]}}],"collection":[{"href":"https:\/\/linitiative.ca\/International\/wp-json\/wp\/v2\/posts"}],"about":[{"href":"https:\/\/linitiative.ca\/International\/wp-json\/wp\/v2\/types\/post"}],"author":[{"embeddable":true,"href":"https:\/\/linitiative.ca\/International\/wp-json\/wp\/v2\/users\/1789"}],"replies":[{"embeddable":true,"href":"https:\/\/linitiative.ca\/International\/wp-json\/wp\/v2\/comments?post=40981"}],"version-history":[{"count":0,"href":"https:\/\/linitiative.ca\/International\/wp-json\/wp\/v2\/posts\/40981\/revisions"}],"wp:featuredmedia":[{"embeddable":true,"href":"https:\/\/linitiative.ca\/International\/wp-json\/"}],"wp:attachment":[{"href":"https:\/\/linitiative.ca\/International\/wp-json\/wp\/v2\/media?parent=40981"}],"wp:term":[{"taxonomy":"category","embeddable":true,"href":"https:\/\/linitiative.ca\/International\/wp-json\/wp\/v2\/categories?post=40981"},{"taxonomy":"post_tag","embeddable":true,"href":"https:\/\/linitiative.ca\/International\/wp-json\/wp\/v2\/tags?post=40981"}],"curies":[{"name":"wp","href":"https:\/\/api.w.org\/{rel}","templated":true}]}}