{"id":40983,"date":"2019-06-16T14:39:24","date_gmt":"2019-06-16T18:39:24","guid":{"rendered":"https:\/\/linitiative.ca\/International\/tunisie-image-qui-arretera-ces-representants-de-la-loi-hors-la-loi\/"},"modified":"2019-06-16T14:39:24","modified_gmt":"2019-06-16T18:39:24","slug":"tunisie-image-qui-arretera-ces-representants-de-la-loi-hors-la-loi","status":"publish","type":"post","link":"https:\/\/linitiative.ca\/International\/tunisie-image-qui-arretera-ces-representants-de-la-loi-hors-la-loi\/","title":{"rendered":"Tunisie \u2013 IMAGE\u00a0: Qui arr\u00eatera ces \u00ab\u00a0repr\u00e9sentants de la loi\u00a0\u00bb hors la loi\u00a0?"},"content":{"rendered":"<div class=\"post-cont-in left relative\">\n<div class=\"swp_social_panel swp_horizontal_panel swp_flat_fresh swp_default_full_color swp_individual_full_color swp_other_full_color scale-100 scale-\" data-min-width=\"1100\" data-float-color=\"#ffffff\" data-float=\"none\" data-float-mobile=\"none\" data-transition=\"slide\">\n<div class=\"nc_tweetContainer swp_share_button total_shares total_sharesalt\"><span class=\"swp_count\">97 <span class=\"swp_label\">Partages<\/span><\/span><\/div>\n<\/div>\n<p>Vu ce dimanche du c\u00f4t\u00e9 d\u2019El Manar, la remorqueuse de la fourri\u00e8re d\u2019El Manar qui se h\u00e2tait d\u2019emmener sa \u00ab\u00a0proie\u00a0\u00bb dans son antre. Le conducteur de la remorqueuse, comme souvent, non accompagn\u00e9 par un agent de police, s\u2019est donn\u00e9 un malin plaisir \u00e0 griller tous les feux rouges qu\u2019il avait sur sa route, indiff\u00e9rent aux autres usagers de la route, \u00e0 leurs coups de klaxon et encore plus, \u00e0 leurs coups de freins pour \u00e9viter de se faire emboutir.<\/p>\n<p>Il faut croire que personne, ni rien, n\u2019arrivera \u00e0 arr\u00eater les d\u00e9passements de ces suppos\u00e9s \u00ab\u00a0repr\u00e9sentants de la loi\u00a0\u00bb\u00a0!<\/p>\n<div class=\"code-block code-block-1 c3\"><ins class=\"adsbygoogle c2\" data-ad-layout=\"in-article\" data-ad-format=\"fluid\" data-ad-client=\"ca-pub-2102118777505746\" data-ad-slot=\"7301775417\"\/> <\/div>\n<p><img loading=\"lazy\" decoding=\"async\" class=\"aligncenter size-full wp-image-441616\" src=\"https:\/\/www.tunisienumerique.com\/wp-content\/uploads\/2019\/06\/remorqueuse.jpg\" alt=\"\" width=\"720\" height=\"960\" srcset=\"https:\/\/www.tunisienumerique.com\/wp-content\/uploads\/2019\/06\/remorqueuse.jpg 720w, https:\/\/www.tunisienumerique.com\/wp-content\/uploads\/2019\/06\/remorqueuse-600x800.jpg 600w\" sizes=\"auto, (max-width: 720px) 100vw, 720px\"\/><\/p>\n<div class=\"mvp-org-wrap mvp-org-logo\" itemprop=\"publisher\" itemscope=\"\" itemtype=\"https:\/\/schema.org\/Organization\"><img decoding=\"async\" src=\"https:\/\/www.tunisienumerique.com\/wp-content\/uploads\/2017\/02\/logo_tunisie_numerique.png\"\/><\/div>\n<div class=\"swp_social_panel swp_horizontal_panel swp_flat_fresh swp_default_full_color swp_individual_full_color swp_other_full_color scale-100 scale-\" data-min-width=\"1100\" data-float-color=\"#ffffff\" data-float=\"none\" data-float-mobile=\"none\" data-transition=\"slide\">\n<div class=\"nc_tweetContainer swp_share_button total_shares total_sharesalt\"><span class=\"swp_count\">97 <span class=\"swp_label\">Partages<\/span><\/span><\/div>\n<\/div>\n<div class=\"mvp-related-posts left relative\">\n<h4 class=\"post-header\"><span class=\"post-header\">Lire aussi<\/span><\/h4>\n<\/div>\n<\/div>\n<p>Auteur: LM<br \/>\n<a href=\"https:\/\/www.tunisienumerique.com\/tunisie-image-qui-arretera-ces-representants-de-la-loi-hors-la-loi\/\">Cliquez ici pour lire l&rsquo;article depuis sa source.<\/a><\/p>\n","protected":false},"excerpt":{"rendered":"<p>97 Partages Vu ce dimanche du c\u00f4t\u00e9 d\u2019El Manar, la remorqueuse de la fourri\u00e8re d\u2019El Manar qui se h\u00e2tait d\u2019emmener sa \u00ab\u00a0proie\u00a0\u00bb dans son antre. Le conducteur de la remorqueuse, comme souvent, non accompagn\u00e9 par un agent de police, s\u2019est donn\u00e9 un malin plaisir \u00e0 griller tous les feux rouges qu\u2019il avait sur sa route, [&hellip;]<\/p>\n","protected":false},"author":1789,"featured_media":40984,"comment_status":"closed","ping_status":"closed","sticky":false,"template":"","format":"standard","meta":{"fifu_image_url":"","fifu_image_alt":"","footnotes":""},"categories":[73,55],"tags":[],"class_list":["post-40983","post","type-post","status-publish","format-standard","has-post-thumbnail","hentry","category-actualite","category-tunisie"],"_links":{"self":[{"href":"https:\/\/linitiative.ca\/International\/wp-json\/wp\/v2\/posts\/40983","targetHints":{"allow":["GET"]}}],"collection":[{"href":"https:\/\/linitiative.ca\/International\/wp-json\/wp\/v2\/posts"}],"about":[{"href":"https:\/\/linitiative.ca\/International\/wp-json\/wp\/v2\/types\/post"}],"author":[{"embeddable":true,"href":"https:\/\/linitiative.ca\/International\/wp-json\/wp\/v2\/users\/1789"}],"replies":[{"embeddable":true,"href":"https:\/\/linitiative.ca\/International\/wp-json\/wp\/v2\/comments?post=40983"}],"version-history":[{"count":0,"href":"https:\/\/linitiative.ca\/International\/wp-json\/wp\/v2\/posts\/40983\/revisions"}],"wp:featuredmedia":[{"embeddable":true,"href":"https:\/\/linitiative.ca\/International\/wp-json\/"}],"wp:attachment":[{"href":"https:\/\/linitiative.ca\/International\/wp-json\/wp\/v2\/media?parent=40983"}],"wp:term":[{"taxonomy":"category","embeddable":true,"href":"https:\/\/linitiative.ca\/International\/wp-json\/wp\/v2\/categories?post=40983"},{"taxonomy":"post_tag","embeddable":true,"href":"https:\/\/linitiative.ca\/International\/wp-json\/wp\/v2\/tags?post=40983"}],"curies":[{"name":"wp","href":"https:\/\/api.w.org\/{rel}","templated":true}]}}