{"id":40987,"date":"2019-06-16T17:12:00","date_gmt":"2019-06-16T21:12:00","guid":{"rendered":"https:\/\/linitiative.ca\/International\/club-africain-creation-dun-mouvement-socios\/"},"modified":"2019-06-16T17:12:00","modified_gmt":"2019-06-16T21:12:00","slug":"club-africain-creation-dun-mouvement-socios","status":"publish","type":"post","link":"https:\/\/linitiative.ca\/International\/club-africain-creation-dun-mouvement-socios\/","title":{"rendered":"Club Africain : Cr\u00e9ation d\u2019un mouvement Socios"},"content":{"rendered":"<div class=\"nc_socialPanel swp_flatFresh swp_d_fullColor swp_i_fullColor swp_o_fullColor scale-100 scale-fullWidth\" data-position=\"none\" data-float=\"floatNone\" data-count=\"5\" data-floatcolor=\"#ffffff\" data-emphasize=\"0\">\n<div class=\"nc_tweetContainer totes totesalt\" data-id=\"6\"><span class=\"swp_count\"><span class=\"swp_label\">Partages<\/span> 0<\/span><\/div>\n<\/div>\n<p><span>A Paris, les supporters\u00a0<\/span><span>du Club Africain\u00a0<\/span><span>\u00e0 l\u2019\u00e9tranger sont finalement parvenus \u00e0 mettre sur pied un projet qui leur tenait \u00e0\u00a0<\/span><span>c\u0153ur<\/span><span>\u00a0depuis plusieurs ann\u00e9es.<\/span><span>\u00a0<\/span><\/p>\n<p><span>Ce mouvement, cr\u00e9\u00e9 en France, sera principalement un organisme de soutien financier au comit\u00e9 directeur du\u00a0<\/span><span>Club Africain<\/span><span>.<\/span><span>\u00a0<\/span><\/p>\n<div class=\"code-block code-block-1 c5\"><ins class=\"adsbygoogle c4\" data-ad-layout=\"in-article\" data-ad-format=\"fluid\" data-ad-client=\"ca-pub-2102118777505746\" data-ad-slot=\"7301775417\"\/> <\/div>\n<p><span>Zied Belarbi, porte-parole de \u201c<\/span><span>Mouvma<\/span><span>\u00a0<\/span><span>Socios<\/span><span>\u00a0clubiste\u201d, mouvement clubiste \u00e0 l\u2019\u00e9tranger a pr\u00e9cis\u00e9 dans des d\u00e9clarations que l\u2019id\u00e9e a \u00e9t\u00e9 lanc\u00e9e il y a environ sept mois.<\/span><br \/><span>\u201cC\u2019est un appel \u00e0 tous les fans du Club africain pour le soutenir. Le statut du mouvement a \u00e9t\u00e9 mis en place en France mais un autre\u00a0<\/span><span>Socios<\/span><span>\u00a0sera aussi install\u00e9 en Tunisie. Ceci sera fait en principe avant le d\u00e9but de la prochaine saison\u2026Dimanche, un \u00e9v\u00e9nement sera organis\u00e9 \u00e0 Paris avec la participation de fans venus de plusieurs pays europ\u00e9ens. M\u00eame d\u2019anciens pr\u00e9sidents du club seront pr\u00e9sents en plus des anciens joueurs et les repr\u00e9sentants des m\u00e9dias. La pr\u00e9sentation de\u00a0<\/span><span>Socios<\/span><span>\u00a0et de sa forme juridique sera expliqu\u00e9e aux fans\u201d. \u00a0<\/span><br \/><span>Mouvma<\/span><span>\u00a0<\/span><span>Socios<\/span><span>\u00a0clubiste assurera des revenus stables au Club africain, a not\u00e9 Zied Belarbi.<\/span><span>\u00a0<\/span><\/p>\n<div class=\"mvp-org-wrap mvp-org-logo\" itemprop=\"publisher\" itemscope=\"\" itemtype=\"https:\/\/schema.org\/Organization\"><img decoding=\"async\" src=\"https:\/\/sport.tunisienumerique.com\/wp-content\/uploads\/2017\/05\/logo_tunisie_numerique.png\"\/><\/div>\n<div class=\"nc_socialPanel swp_flatFresh swp_d_fullColor swp_i_fullColor swp_o_fullColor scale-100 scale-fullWidth\" data-position=\"none\" data-float=\"floatNone\" data-count=\"5\" data-floatcolor=\"#ffffff\" data-emphasize=\"0\">\n<div class=\"nc_tweetContainer totes totesalt\" data-id=\"6\"><span class=\"swp_count\"><span class=\"swp_label\">Partages<\/span> 0<\/span><\/div>\n<\/div>\n<div class=\"mvp-related-posts left relative\">\n<h4 class=\"post-header\"><span class=\"post-header\">Lire aussi<\/span><\/h4>\n<\/div>\n<p>Auteur: a.<br \/>\n<a href=\"https:\/\/sport.tunisienumerique.com\/club-africain-creation-dun-mouvement-socios\/\">Cliquez ici pour lire l&rsquo;article depuis sa source.<\/a><\/p>\n","protected":false},"excerpt":{"rendered":"<p>Partages 0 A Paris, les supporters\u00a0du Club Africain\u00a0\u00e0 l\u2019\u00e9tranger sont finalement parvenus \u00e0 mettre sur pied un projet qui leur tenait \u00e0\u00a0c\u0153ur\u00a0depuis plusieurs ann\u00e9es.\u00a0 Ce mouvement, cr\u00e9\u00e9 en France, sera principalement un organisme de soutien financier au comit\u00e9 directeur du\u00a0Club Africain.\u00a0 Zied Belarbi, porte-parole de \u201cMouvma\u00a0Socios\u00a0clubiste\u201d, mouvement clubiste \u00e0 l\u2019\u00e9tranger a pr\u00e9cis\u00e9 dans des d\u00e9clarations [&hellip;]<\/p>\n","protected":false},"author":1789,"featured_media":40988,"comment_status":"closed","ping_status":"closed","sticky":false,"template":"","format":"standard","meta":{"fifu_image_url":"","fifu_image_alt":"","footnotes":""},"categories":[73,55],"tags":[],"class_list":["post-40987","post","type-post","status-publish","format-standard","has-post-thumbnail","hentry","category-actualite","category-tunisie"],"_links":{"self":[{"href":"https:\/\/linitiative.ca\/International\/wp-json\/wp\/v2\/posts\/40987","targetHints":{"allow":["GET"]}}],"collection":[{"href":"https:\/\/linitiative.ca\/International\/wp-json\/wp\/v2\/posts"}],"about":[{"href":"https:\/\/linitiative.ca\/International\/wp-json\/wp\/v2\/types\/post"}],"author":[{"embeddable":true,"href":"https:\/\/linitiative.ca\/International\/wp-json\/wp\/v2\/users\/1789"}],"replies":[{"embeddable":true,"href":"https:\/\/linitiative.ca\/International\/wp-json\/wp\/v2\/comments?post=40987"}],"version-history":[{"count":0,"href":"https:\/\/linitiative.ca\/International\/wp-json\/wp\/v2\/posts\/40987\/revisions"}],"wp:featuredmedia":[{"embeddable":true,"href":"https:\/\/linitiative.ca\/International\/wp-json\/"}],"wp:attachment":[{"href":"https:\/\/linitiative.ca\/International\/wp-json\/wp\/v2\/media?parent=40987"}],"wp:term":[{"taxonomy":"category","embeddable":true,"href":"https:\/\/linitiative.ca\/International\/wp-json\/wp\/v2\/categories?post=40987"},{"taxonomy":"post_tag","embeddable":true,"href":"https:\/\/linitiative.ca\/International\/wp-json\/wp\/v2\/tags?post=40987"}],"curies":[{"name":"wp","href":"https:\/\/api.w.org\/{rel}","templated":true}]}}