{"id":40989,"date":"2019-06-16T16:56:00","date_gmt":"2019-06-16T20:56:00","guid":{"rendered":"https:\/\/linitiative.ca\/International\/pour-le-bien-etre-social\/"},"modified":"2019-06-16T16:56:00","modified_gmt":"2019-06-16T20:56:00","slug":"pour-le-bien-etre-social","status":"publish","type":"post","link":"https:\/\/linitiative.ca\/International\/pour-le-bien-etre-social\/","title":{"rendered":"Pour le bien-\u00eatre social"},"content":{"rendered":"<div class=\"td-post-featured-image\"><a href=\"https:\/\/i0.wp.com\/www.sidwaya.info\/wp-content\/uploads\/2019\/05\/editodg-3.jpg?fit=235%2C265&#038;ssl=1\" data-caption=\"\"><img loading=\"lazy\" decoding=\"async\" width=\"235\" height=\"265\" class=\"entry-thumb td-modal-image\" src=\"https:\/\/i0.wp.com\/www.sidwaya.info\/wp-content\/uploads\/2019\/05\/editodg-3.jpg?resize=235%2C265&#038;ssl=1\" alt=\"\" title=\"editodg\"\/><\/a><\/div>\n<div class=\"td-a-rec td-a-rec-id-content_top td_uid_30_5d06b82d33df8_rand td_block_template_1\"><img loading=\"lazy\" decoding=\"async\" class=\"aligncenter size-full wp-image-4463\" src=\"https:\/\/www.sidwaya.info\/wp-content\/uploads\/2019\/02\/FESPACO-TOUR-2019-Bannie%CC%80re-728x90-1.jpg\" alt=\"\" width=\"728\" height=\"90\"\/><\/div>\n<p>Le Conseil des ministres, en sa s\u00e9ance du jeudi 13 juin 2019, a adopt\u00e9 un rapport consacrant la contractualisation du dossier d\u2019acquisition de 300 ambulances au profit du minist\u00e8re de la Sant\u00e9. Il s\u2019agit d\u2019un projet de plus de 14 milliards F CFA, qui permettra de doter les villes de Ouagadougou et de Bobo-Dioulasso en v\u00e9hicules de type SAMU (Service d\u2019aide m\u00e9dicale urgente) et l\u2019ensemble des autres communes du Burkina Faso, en ambulances \u00e9quip\u00e9es.<\/p>\n<p>A terme, les difficult\u00e9s que connaissent de nombreuses formations sanitaires dans l\u2019\u00e9vacuation des malades seront de vieux souvenirs. Cette action entreprise sous le leadership du chef de l\u2019Etat, Roch Marc Christian Kabor\u00e9, vient en appui aux multiples efforts d\u00e9j\u00e0 consentis pour la sant\u00e9 des populations, un pr\u00e9alable \u00e0 tout d\u00e9veloppement socio\u00e9conomique. Elle va consolider l\u2019acc\u00e8s aux soins d\u00e9j\u00e0 facilit\u00e9 par la r\u00e9duction du rayon moyen d\u2019action, la qualit\u00e9 croissante des services de sant\u00e9 et la politique de gratuit\u00e9 d\u00e9cr\u00e9t\u00e9e pour les femmes enceintes et les enfants de z\u00e9ro \u00e0 cinq ans.<\/p>\n<p>C\u2019est aussi un renfort \u00e0 la correction en cours de l\u2019in\u00e9gale r\u00e9partition des infrastructures sanitaires et du d\u00e9ficit de personnel en milieu rural. Si le gouvernement \u0153uvre \u00e0 offrir de meilleurs soins de sant\u00e9 aux citoyens, il veille \u00e9galement \u00e0 l\u2019am\u00e9lioration de l\u2019acc\u00e8s \u00e0 l\u2019\u00e9ducation, par l\u2019augmentation du nombre d\u2019infrastructures scolaires. Dans ce sens, le pr\u00e9sident du Faso a pr\u00e9sid\u00e9, le 15 juin 2019 \u00e0 Sandogo, dans le Kourw\u00e9ogo, la c\u00e9r\u00e9monie de lancement des travaux de 100 complexes scolaires au profit de cinq r\u00e9gions du Burkina : la Boucle du Mouhoun, le Centre-Ouest, les Hauts-Bassins, le Nord et le Plateau central.<\/p>\n<p>Ce projet, d\u2019un co\u00fbt de plus de 5,8 milliards F CFA, enti\u00e8rement financ\u00e9 par la R\u00e9publique populaire de Chine, s\u2019inscrit en droite ligne de l\u2019engagement du pr\u00e9sident Kabor\u00e9 \u00e0 \u00e9radiquer les \u00e9coles sous paillote d\u2019ici \u00e0 fin 2020. Les infrastructures attendues, qui se veulent tr\u00e8s modernes sont donc le fruit de la nouvelle diplomatie gagnante que le pays des Hommes int\u00e8gres a \u00e9tablie avec la Chine.<\/p>\n<p>La c\u00e9r\u00e9monie de lancement a d\u2019ailleurs \u00e9t\u00e9 une belle occasion pour le chef de l\u2019Etat, de r\u00e9affirmer ses ambitions pour le bien-\u00eatre des Burkinab\u00e8. \u00abNous sommes d\u00e9termin\u00e9s. C\u2019est un programme qui va se d\u00e9rouler de fa\u00e7on durable, afin de respecter l\u2019engagement de faire en sorte que tous les enfants burkinab\u00e8 aillent dignement \u00e0 l\u2019\u00e9cole\u00bb, a-t-il dit. Les preuves en la mati\u00e8re sont l\u00e9gion sur le terrain. En plus de la r\u00e9alisation des infrastructures, l\u2019on peut \u00e9voquer la gratuit\u00e9 de la scolarit\u00e9, des manuels scolaires et de la cantine au primaire.<\/p>\n<p>Au secondaire et au sup\u00e9rieur, l\u2019am\u00e9lioration des capacit\u00e9s d\u2019accueil, l\u2019augmentation des effectifs des enseignants, le d\u00e9veloppement de l\u2019enseignement professionnel et technique et la promotion de la recherche scientifique sont \u00e0 l\u2019ordre du jour. Selon des donn\u00e9es du minist\u00e8re en charge de l\u2019\u00e9ducation nationale, sur la p\u00e9riode 2016-2018, l\u2019on note, entre autres, 122 \u00e9tablissements pr\u00e9scolaires construits et \u00e9quip\u00e9s, 1870 salles de classe construites et \u00e9quip\u00e9es, pour r\u00e9sorber les \u00e9coles sous paillote, 1901 salles de classe pour la normalisation des \u00e9coles incompl\u00e8tes, 482 CEG, 68 lyc\u00e9es construits et \u00e9quip\u00e9s, six lyc\u00e9es scientifiques, cinq professionnels et deux techniques en cours de construction.<\/p>\n<p>Sur la m\u00eame p\u00e9riode, tous les \u00e9l\u00e8ves ont \u00e9t\u00e9 dot\u00e9s de cartable minimum et 1000 \u00e9coles \u00e9lectrifi\u00e9es.<br \/>Toutes ces \u0153uvres corroborent la vision du pr\u00e9sident du Faso, consign\u00e9e dans son programme de soci\u00e9t\u00e9, selon laquelle aucun processus de d\u00e9veloppement n\u2019est viable sans la prise en compte du bien-\u00eatre social.<br \/>Cependant, pour prosp\u00e9rer, elles ont besoin de l\u2019adh\u00e9sion des citoyens. Chacun de nous doit mettre du sien et accompagner le gouvernement dans sa qu\u00eate de d\u00e9veloppement durable.<\/p>\n<p class=\"c1\"><strong>Par Mahamadi TIEGNA<\/strong><\/p>\n<div class=\"td-a-rec td-a-rec-id-content_bottom td_uid_31_5d06b82d33fa8_rand td_block_template_1\"><img loading=\"lazy\" decoding=\"async\" class=\"alignright size-full wp-image-1724\" src=\"https:\/\/www.sidwaya.info\/wp-content\/uploads\/2018\/12\/sidwaya-pub.jpg\" alt=\"\" width=\"720\" height=\"90\"\/><\/div>\n<p>Auteur: JK. Sidwaya<br \/>\n<a href=\"https:\/\/www.sidwaya.info\/blog\/2019\/06\/16\/pour-le-bien-etre-social\/\">Cliquez ici pour lire l&rsquo;article depuis sa source.<\/a><\/p>\n","protected":false},"excerpt":{"rendered":"<p>Le Conseil des ministres, en sa s\u00e9ance du jeudi 13 juin 2019, a adopt\u00e9 un rapport consacrant la contractualisation du dossier d\u2019acquisition de 300 ambulances au profit du minist\u00e8re de la Sant\u00e9. Il s\u2019agit d\u2019un projet de plus de 14 milliards F CFA, qui permettra de doter les villes de Ouagadougou et de Bobo-Dioulasso en [&hellip;]<\/p>\n","protected":false},"author":1816,"featured_media":0,"comment_status":"closed","ping_status":"closed","sticky":false,"template":"","format":"standard","meta":{"fifu_image_url":"","fifu_image_alt":"","footnotes":""},"categories":[73,81],"tags":[],"class_list":["post-40989","post","type-post","status-publish","format-standard","hentry","category-actualite","category-burkina-faso"],"_links":{"self":[{"href":"https:\/\/linitiative.ca\/International\/wp-json\/wp\/v2\/posts\/40989","targetHints":{"allow":["GET"]}}],"collection":[{"href":"https:\/\/linitiative.ca\/International\/wp-json\/wp\/v2\/posts"}],"about":[{"href":"https:\/\/linitiative.ca\/International\/wp-json\/wp\/v2\/types\/post"}],"author":[{"embeddable":true,"href":"https:\/\/linitiative.ca\/International\/wp-json\/wp\/v2\/users\/1816"}],"replies":[{"embeddable":true,"href":"https:\/\/linitiative.ca\/International\/wp-json\/wp\/v2\/comments?post=40989"}],"version-history":[{"count":0,"href":"https:\/\/linitiative.ca\/International\/wp-json\/wp\/v2\/posts\/40989\/revisions"}],"wp:attachment":[{"href":"https:\/\/linitiative.ca\/International\/wp-json\/wp\/v2\/media?parent=40989"}],"wp:term":[{"taxonomy":"category","embeddable":true,"href":"https:\/\/linitiative.ca\/International\/wp-json\/wp\/v2\/categories?post=40989"},{"taxonomy":"post_tag","embeddable":true,"href":"https:\/\/linitiative.ca\/International\/wp-json\/wp\/v2\/tags?post=40989"}],"curies":[{"name":"wp","href":"https:\/\/api.w.org\/{rel}","templated":true}]}}