{"id":40990,"date":"2019-06-16T17:02:10","date_gmt":"2019-06-16T21:02:10","guid":{"rendered":"https:\/\/linitiative.ca\/International\/conference-episcopale-burkina-niger-le-nouveau-bureau-presente-au-president-du-faso\/"},"modified":"2019-06-16T17:02:10","modified_gmt":"2019-06-16T21:02:10","slug":"conference-episcopale-burkina-niger-le-nouveau-bureau-presente-au-president-du-faso","status":"publish","type":"post","link":"https:\/\/linitiative.ca\/International\/conference-episcopale-burkina-niger-le-nouveau-bureau-presente-au-president-du-faso\/","title":{"rendered":"Conf\u00e9rence \u00e9piscopale Burkina-Niger : Le nouveau bureau pr\u00e9sent\u00e9 au pr\u00e9sident  du Faso"},"content":{"rendered":"<div class=\"td-post-featured-image\" readability=\"34\"><a href=\"https:\/\/i1.wp.com\/www.sidwaya.info\/wp-content\/uploads\/2019\/06\/episcopal.jpg?fit=700%2C466&#038;ssl=1\" data-caption=\"Les repr\u00e9sentants de la CEBN ont traduit leur reconnaissance au Pr\u00e9sident du Faso, Roch Marc Christian Kabor\u00e9.\"><img loading=\"lazy\" decoding=\"async\" width=\"696\" height=\"463\" class=\"entry-thumb td-modal-image\" src=\"https:\/\/i1.wp.com\/www.sidwaya.info\/wp-content\/uploads\/2019\/06\/episcopal.jpg?resize=696%2C463&#038;ssl=1\" srcset=\"https:\/\/i1.wp.com\/www.sidwaya.info\/wp-content\/uploads\/2019\/06\/episcopal.jpg?w=700&#038;ssl=1 700w, https:\/\/i1.wp.com\/www.sidwaya.info\/wp-content\/uploads\/2019\/06\/episcopal.jpg?resize=300%2C200&#038;ssl=1 300w, https:\/\/i1.wp.com\/www.sidwaya.info\/wp-content\/uploads\/2019\/06\/episcopal.jpg?resize=696%2C463&#038;ssl=1 696w, https:\/\/i1.wp.com\/www.sidwaya.info\/wp-content\/uploads\/2019\/06\/episcopal.jpg?resize=631%2C420&#038;ssl=1 631w\" sizes=\"auto, (max-width: 696px) 100vw, 696px\" alt=\"\" title=\"episcopal\"\/><\/a>Les repr\u00e9sentants de la CEBN ont traduit leur reconnaissance au Pr\u00e9sident du Faso, Roch Marc Christian Kabor\u00e9.<\/div>\n<div class=\"td-a-rec td-a-rec-id-content_top td_uid_30_5d06b8302d95c_rand td_block_template_1\"><img loading=\"lazy\" decoding=\"async\" class=\"aligncenter size-full wp-image-4463\" src=\"https:\/\/www.sidwaya.info\/wp-content\/uploads\/2019\/02\/FESPACO-TOUR-2019-Bannie%CC%80re-728x90-1.jpg\" alt=\"\" width=\"728\" height=\"90\"\/><\/div>\n<p><strong>Le chef de l\u2019Etat, Roch Marc Christian Kabor\u00e9, a re\u00e7u en audience au palais de Kosyam, le vendredi 14 juin 2019, une d\u00e9l\u00e9gation de la Conf\u00e9rence \u00e9piscopale Burkina-Niger (CEBN).<\/strong><\/p>\n<p>Un nouveau bureau est \u00e0 la t\u00eate de la Conf\u00e9rence \u00e9piscopale Burkina-Niger (CEBN). Pr\u00e9sid\u00e9e par l\u2019\u00e9v\u00eaque de Dori, Laurent Dabir\u00e9, la nouvelle \u00e9quipe dirigeante du CEBN est all\u00e9e au contact du Pr\u00e9sident du Faso, Roch Marc Christian Kabor\u00e9.<\/p>\n<p>Le renouvellement de la structure est intervenu \u00e0 la suite des travaux de la 3e session ordinaire de l\u2019ann\u00e9e, tenue du 10 au 14 juin 2019 et consacr\u00e9e \u00e0 la vie des conf\u00e9rences \u00e9piscopales. Les \u00e9v\u00eaques ont, par ailleurs, traduit leur reconnaissance au chef de l\u2019Etat et au gouvernement pour leur soutien \u00e0 la tenue de la Conf\u00e9rence \u00e9piscopale r\u00e9gionale d\u2019Afrique de l\u2019ouest (RECOWA\/CERAO), qui s\u2019est d\u00e9roul\u00e9e en mai dernier \u00e0 Ouagadougou.<\/p>\n<p>\u00abLe gouvernement nous a beaucoup aid\u00e9s en logistique pour les transports et la s\u00e9curit\u00e9. Tout s\u2019est bien pass\u00e9, nous sommes venus dire merci pour cet appui\u00bb, a confi\u00e9 l\u2019archev\u00eaque de Bobo-Dioulasso et pr\u00e9sident sortant de la CEBN, Paul Yemboado Ou\u00e9draogo. La Conf\u00e9rence en a profit\u00e9 pour pr\u00e9senter au pr\u00e9sident, le dernier \u00e9v\u00eaque ordonn\u00e9 de la CEBN, Th\u00e9ophile Nar\u00e9, qui va officier \u00e0 Kaya, ainsi que le prochain qui sera ordonn\u00e9 le 29 juin 2019, l\u2019\u00e9v\u00eaque auxiliaire de Koudougou, Alexandre Bazi\u00e9.<\/p>\n<p class=\"c1\"><strong>Fab\u00e9 Mamadou OUATTARA<\/strong><\/p>\n<div class=\"td-a-rec td-a-rec-id-content_bottom td_uid_31_5d06b8302db18_rand td_block_template_1\"><img loading=\"lazy\" decoding=\"async\" class=\"alignright size-full wp-image-1724\" src=\"https:\/\/www.sidwaya.info\/wp-content\/uploads\/2018\/12\/sidwaya-pub.jpg\" alt=\"\" width=\"720\" height=\"90\"\/><\/div>\n<p>Auteur: JK. Sidwaya<br \/>\n<a href=\"https:\/\/www.sidwaya.info\/blog\/2019\/06\/16\/conference-episcopale-burkina-niger-le-nouveau-bureau-presente-au-president-du-faso\/\">Cliquez ici pour lire l&rsquo;article depuis sa source.<\/a><\/p>\n","protected":false},"excerpt":{"rendered":"<p>Les repr\u00e9sentants de la CEBN ont traduit leur reconnaissance au Pr\u00e9sident du Faso, Roch Marc Christian Kabor\u00e9. Le chef de l\u2019Etat, Roch Marc Christian Kabor\u00e9, a re\u00e7u en audience au palais de Kosyam, le vendredi 14 juin 2019, une d\u00e9l\u00e9gation de la Conf\u00e9rence \u00e9piscopale Burkina-Niger (CEBN). Un nouveau bureau est \u00e0 la t\u00eate de la [&hellip;]<\/p>\n","protected":false},"author":1816,"featured_media":0,"comment_status":"closed","ping_status":"closed","sticky":false,"template":"","format":"standard","meta":{"fifu_image_url":"","fifu_image_alt":"","footnotes":""},"categories":[73,81],"tags":[],"class_list":["post-40990","post","type-post","status-publish","format-standard","hentry","category-actualite","category-burkina-faso"],"_links":{"self":[{"href":"https:\/\/linitiative.ca\/International\/wp-json\/wp\/v2\/posts\/40990","targetHints":{"allow":["GET"]}}],"collection":[{"href":"https:\/\/linitiative.ca\/International\/wp-json\/wp\/v2\/posts"}],"about":[{"href":"https:\/\/linitiative.ca\/International\/wp-json\/wp\/v2\/types\/post"}],"author":[{"embeddable":true,"href":"https:\/\/linitiative.ca\/International\/wp-json\/wp\/v2\/users\/1816"}],"replies":[{"embeddable":true,"href":"https:\/\/linitiative.ca\/International\/wp-json\/wp\/v2\/comments?post=40990"}],"version-history":[{"count":0,"href":"https:\/\/linitiative.ca\/International\/wp-json\/wp\/v2\/posts\/40990\/revisions"}],"wp:attachment":[{"href":"https:\/\/linitiative.ca\/International\/wp-json\/wp\/v2\/media?parent=40990"}],"wp:term":[{"taxonomy":"category","embeddable":true,"href":"https:\/\/linitiative.ca\/International\/wp-json\/wp\/v2\/categories?post=40990"},{"taxonomy":"post_tag","embeddable":true,"href":"https:\/\/linitiative.ca\/International\/wp-json\/wp\/v2\/tags?post=40990"}],"curies":[{"name":"wp","href":"https:\/\/api.w.org\/{rel}","templated":true}]}}