{"id":40991,"date":"2019-06-16T17:05:33","date_gmt":"2019-06-16T21:05:33","guid":{"rendered":"https:\/\/linitiative.ca\/International\/colloque-sur-la-culture-hommage-au-pr-salaka-sanou\/"},"modified":"2019-06-16T17:05:33","modified_gmt":"2019-06-16T21:05:33","slug":"colloque-sur-la-culture-hommage-au-pr-salaka-sanou","status":"publish","type":"post","link":"https:\/\/linitiative.ca\/International\/colloque-sur-la-culture-hommage-au-pr-salaka-sanou\/","title":{"rendered":"Colloque sur la culture : Hommage au Pr Salaka Sanou"},"content":{"rendered":"<div class=\"td-post-featured-image\" readability=\"32\"><a href=\"https:\/\/i1.wp.com\/www.sidwaya.info\/wp-content\/uploads\/2019\/06\/salaka.jpg?fit=489%2C546&#038;ssl=1\" data-caption=\"Le Pr Salaka Sanou s\u2019est dit \u00e9mu par l\u2019hommage \u00e0 son endroit.\"><img loading=\"lazy\" decoding=\"async\" width=\"489\" height=\"546\" class=\"entry-thumb td-modal-image\" src=\"https:\/\/i1.wp.com\/www.sidwaya.info\/wp-content\/uploads\/2019\/06\/salaka.jpg?resize=489%2C546&#038;ssl=1\" srcset=\"https:\/\/i1.wp.com\/www.sidwaya.info\/wp-content\/uploads\/2019\/06\/salaka.jpg?w=489&#038;ssl=1 489w, https:\/\/i1.wp.com\/www.sidwaya.info\/wp-content\/uploads\/2019\/06\/salaka.jpg?resize=269%2C300&#038;ssl=1 269w, https:\/\/i1.wp.com\/www.sidwaya.info\/wp-content\/uploads\/2019\/06\/salaka.jpg?resize=376%2C420&#038;ssl=1 376w\" sizes=\"auto, (max-width: 489px) 100vw, 489px\" alt=\"\" title=\"salaka\"\/><\/a>Le Pr Salaka Sanou s\u2019est dit \u00e9mu par l\u2019hommage \u00e0 son endroit.<\/div>\n<div class=\"td-a-rec td-a-rec-id-content_top td_uid_30_5d06b8330a3f6_rand td_block_template_1\"><img loading=\"lazy\" decoding=\"async\" class=\"aligncenter size-full wp-image-4463\" src=\"https:\/\/www.sidwaya.info\/wp-content\/uploads\/2019\/02\/FESPACO-TOUR-2019-Bannie%CC%80re-728x90-1.jpg\" alt=\"\" width=\"728\" height=\"90\"\/><\/div>\n<p><strong>La c\u00e9r\u00e9monie d\u2019ouverture du colloque international en hommage au Pr Salaka Sanou, plac\u00e9 sous le th\u00e8me : \u00abEtudier la culture : enjeux-approche-horizons critiques \u00bb, a eu lieu le mercredi 12 juin 2019 au sein de l\u2019universit\u00e9 Joseph-Ki-Zerbo de Ouagadougou.<\/strong><\/p>\n<p>Le Pr Salaka Sanou est \u00e0 l\u2019or\u00e9e de son admission \u00e0 la retraite. A cet effet, le Laboratoire de langues, discours et pratiques artistiques (LADIPA) organise un colloque international en hommage \u00e0 l\u2019homme de Lettres et de la culture sur le th\u00e8me : \u00abEtudier la culture : enjeux-approche-horizons critiques, \u00bb du 12 au 14 juin 2019, au sein de l\u2019universit\u00e9 Joseph-Ki-Zerbo de Ouagadougou. La c\u00e9r\u00e9monie d\u2019ouverture a eu lieu dans l\u2019apr\u00e8s-midi du mercredi 12 juin.<\/p>\n<p>Une s\u00e9rie d\u2019hommages de personnalit\u00e9s, le lancement d\u2019un ouvrage collectif intitul\u00e9 : \u00abDanko. Etudes des cultures africaines\u00bb et d\u2019une revue nomm\u00e9e : \u00abDanko. Etudes litt\u00e9raires et culturelles africaines (DELCA)\u00bb ont principalement marqu\u00e9 cette c\u00e9r\u00e9monie. Le ministre de l\u2019Enseignement sup\u00e9rieur, de la Recherche scientifique et de l\u2019Innovation, Dr Alkassoum Ma\u00efga, a traduit sa fiert\u00e9 et sa reconnaissance au Pr Sanou.<\/p>\n<p>Pour lui, c\u2019est une activit\u00e9 majeure puisque l\u2019int\u00e9ress\u00e9 a consacr\u00e9 sa carri\u00e8re \u00e0 l\u2019enseignement sup\u00e9rieur en tant que enseignant mais aussi gestionnaire. \u00abAujourd\u2019hui \u00e0 deux pas de sa retraite, il est important de se rappeler qu\u2019il a consenti des sacrifices pour le d\u00e9veloppement de la litt\u00e9rature et de la culture\u00bb, a-t-il soulign\u00e9. Il a gard\u00e9, a-t-il rench\u00e9ri, l\u2019\u00e9lan de donner ses savoirs \u00e0 ses \u00e9tudiants qui ont manifest\u00e9 leur connaissance au \u00abbaobab\u00bb comme ils l\u2019appellent.<\/p>\n<p>\u00abC\u2019est un g\u00e9ant qui nous a tous impact\u00e9 positivement aussi bien les \u00e9tudiants que les coll\u00e8gues, parce que le campus universitaire c\u2019est le temple du donner et du recevoir\u00bb, a mentionn\u00e9 Dr Ma\u00efga. Il a, par ailleurs, signal\u00e9 la construction d\u2019un \u00abb\u00e2timent de l\u2019enseignant\u00bb au sein de l\u2019universit\u00e9 Ki-Zerbo qui accueillera les enseignants admis \u00e0 la retraite. Aussi, des personnalit\u00e9s se sont succ\u00e9d\u00e9 \u00e0 la tribune pour rendre hommage au Pr Sanon pour son \u00abexemplarit\u00e9\u00bb.<\/p>\n<h3>Des reconnaissances tous azimuts<\/h3>\n<p><img loading=\"lazy\" decoding=\"async\" class=\"size-medium wp-image-9298\" src=\"https:\/\/i0.wp.com\/www.sidwaya.info\/wp-content\/uploads\/2019\/06\/salaa2.jpg?resize=300%2C200&#038;ssl=1\" alt=\"\" width=\"300\" height=\"200\" srcset=\"https:\/\/i0.wp.com\/www.sidwaya.info\/wp-content\/uploads\/2019\/06\/salaa2.jpg?resize=300%2C200&#038;ssl=1 300w, https:\/\/i0.wp.com\/www.sidwaya.info\/wp-content\/uploads\/2019\/06\/salaa2.jpg?resize=768%2C512&#038;ssl=1 768w, https:\/\/i0.wp.com\/www.sidwaya.info\/wp-content\/uploads\/2019\/06\/salaa2.jpg?resize=696%2C464&#038;ssl=1 696w, https:\/\/i0.wp.com\/www.sidwaya.info\/wp-content\/uploads\/2019\/06\/salaa2.jpg?resize=630%2C420&#038;ssl=1 630w, https:\/\/i0.wp.com\/www.sidwaya.info\/wp-content\/uploads\/2019\/06\/salaa2.jpg?w=787&#038;ssl=1 787w\" sizes=\"auto, (max-width: 300px) 100vw, 300px\" data-recalc-dims=\"1\"\/>Les participants venus du Ghana, C\u00f4te d\u2019Ivoire, Cameroun, Gabon, Mali, B\u00e9nin et bien \u00e9videmment du Burkina Faso ont refl\u00e9chi durant les trois jours aux divers th\u00e8mes.<\/p>\n<p>Le pr\u00e9sident de l\u2019universit\u00e9 Joseph-Ki-Zerbo, Pr Rabiou Ciss\u00e9 a exprim\u00e9 sa satisfaction quant \u00e0 l\u2019organisation de cet \u00e9v\u00e9nement. Il a relev\u00e9 la contribution de M. Sanou \u00e0 la formation des \u00e9tudiants qui a suscit\u00e9 en certains d\u2019entre eux le go\u00fbt de la recherche.<br \/>L\u2019ancien ministre en charge de la culture, Mamoudou Ou\u00e9draogo, retient de l\u2019homme son passage au sein de son d\u00e9partement \u00e0 l\u2019\u00e9poque, en tant que Secr\u00e9taire permanent (SP) de la Semaine nationale de la culture (SNC) et conseiller.<\/p>\n<p>Il a, s\u2019est-il rappel\u00e9, \u00e0 travers ces propositions int\u00e9ressantes, insuffl\u00e9 une dynamique nouvelle \u00e0 la SNC, un secteur qui \u00e9tait en souffrance. \u00abGr\u00e2ce \u00e0 lui, nous avons initi\u00e9 dans le domaine de la culture, pour la premi\u00e8re fois, \u2018\u2019Le festival du balafon de D\u00e9dougou\u2019\u2019. C\u2019est un homme humble et je garde de lui un souvenir de bon compagnon. Bon vent au futur jeune retrait\u00e9\u00bb, a souhait\u00e9 Mamoudou Ou\u00e9draogo. L\u2019ancien ministre, Albert Ou\u00e9draogo, n\u2019en dira pas moins. \u00abJe dois une bonne partie de ma carri\u00e8re au Pr Salaka Sanou. Il n\u2019a pas de ranc\u0153ur avec personne. C\u2019est lui qui m\u2019a permis de conna\u00eetre la culture bobo\u00bb, a-t-il reconnu.<\/p>\n<p>Ces mots aimables n\u2019ont pas laiss\u00e9 le Pr Salaka Sanou indiff\u00e9rent. \u00abCela me fait un grand plaisir, parce qu\u2019il n\u2019y a pas meilleure reconnaissance que tous ceux qui vous entourent : coll\u00e8gues, amis, parents et \u00e9tudiants. Au-del\u00e0 de ma personne, c\u2019est aussi la reconnaissance du travail qui a \u00e9t\u00e9 abattu\u00bb, a-t-il signifi\u00e9. Il a mentionn\u00e9 que l\u2019enseignement sup\u00e9rieur et la recherche scientifique, c\u2019est le domaine o\u00f9 l\u2019on ne peut pas s\u2019\u00e9panouir ou \u00e9voluer si l\u2019on reste seul. Le pr\u00e9sident du comit\u00e9 d\u2019organisation, professeur titulaire \u00e0 l\u2019universit\u00e9 du Qu\u00e9bec \u00e0 Montr\u00e9al, Isaac Bazi\u00e9, a affirm\u00e9 que cette activit\u00e9 donne d\u00e9j\u00e0 un motif de satisfaction. Ce, au regard de la mobilisation des enseignants, chercheurs et \u00e9tudiants.<\/p>\n<p class=\"c1\"><strong>Kowoma Marc DOH<\/strong><\/p>\n<div class=\"td-a-rec td-a-rec-id-content_bottom td_uid_31_5d06b8330a59e_rand td_block_template_1\"><img loading=\"lazy\" decoding=\"async\" class=\"alignright size-full wp-image-1724\" src=\"https:\/\/www.sidwaya.info\/wp-content\/uploads\/2018\/12\/sidwaya-pub.jpg\" alt=\"\" width=\"720\" height=\"90\"\/><\/div>\n<p>Auteur: JK. Sidwaya<br \/>\n<a href=\"https:\/\/www.sidwaya.info\/blog\/2019\/06\/16\/colloque-sur-la-culture-hommage-au-pr-salaka-sanou\/\">Cliquez ici pour lire l&rsquo;article depuis sa source.<\/a><\/p>\n","protected":false},"excerpt":{"rendered":"<p>Le Pr Salaka Sanou s\u2019est dit \u00e9mu par l\u2019hommage \u00e0 son endroit. La c\u00e9r\u00e9monie d\u2019ouverture du colloque international en hommage au Pr Salaka Sanou, plac\u00e9 sous le th\u00e8me : \u00abEtudier la culture : enjeux-approche-horizons critiques \u00bb, a eu lieu le mercredi 12 juin 2019 au sein de l\u2019universit\u00e9 Joseph-Ki-Zerbo de Ouagadougou. Le Pr Salaka Sanou [&hellip;]<\/p>\n","protected":false},"author":1816,"featured_media":0,"comment_status":"closed","ping_status":"closed","sticky":false,"template":"","format":"standard","meta":{"fifu_image_url":"","fifu_image_alt":"","footnotes":""},"categories":[73,81],"tags":[],"class_list":["post-40991","post","type-post","status-publish","format-standard","hentry","category-actualite","category-burkina-faso"],"_links":{"self":[{"href":"https:\/\/linitiative.ca\/International\/wp-json\/wp\/v2\/posts\/40991","targetHints":{"allow":["GET"]}}],"collection":[{"href":"https:\/\/linitiative.ca\/International\/wp-json\/wp\/v2\/posts"}],"about":[{"href":"https:\/\/linitiative.ca\/International\/wp-json\/wp\/v2\/types\/post"}],"author":[{"embeddable":true,"href":"https:\/\/linitiative.ca\/International\/wp-json\/wp\/v2\/users\/1816"}],"replies":[{"embeddable":true,"href":"https:\/\/linitiative.ca\/International\/wp-json\/wp\/v2\/comments?post=40991"}],"version-history":[{"count":0,"href":"https:\/\/linitiative.ca\/International\/wp-json\/wp\/v2\/posts\/40991\/revisions"}],"wp:attachment":[{"href":"https:\/\/linitiative.ca\/International\/wp-json\/wp\/v2\/media?parent=40991"}],"wp:term":[{"taxonomy":"category","embeddable":true,"href":"https:\/\/linitiative.ca\/International\/wp-json\/wp\/v2\/categories?post=40991"},{"taxonomy":"post_tag","embeddable":true,"href":"https:\/\/linitiative.ca\/International\/wp-json\/wp\/v2\/tags?post=40991"}],"curies":[{"name":"wp","href":"https:\/\/api.w.org\/{rel}","templated":true}]}}