{"id":40993,"date":"2019-06-16T17:15:41","date_gmt":"2019-06-16T21:15:41","guid":{"rendered":"https:\/\/linitiative.ca\/International\/suspension-du-congres-extraordinaire-du-cdp-nous-avons-pris-acte-de-la-decision-de-justice-achille-tapsoba\/"},"modified":"2019-06-16T17:15:41","modified_gmt":"2019-06-16T21:15:41","slug":"suspension-du-congres-extraordinaire-du-cdp-nous-avons-pris-acte-de-la-decision-de-justice-achille-tapsoba","status":"publish","type":"post","link":"https:\/\/linitiative.ca\/International\/suspension-du-congres-extraordinaire-du-cdp-nous-avons-pris-acte-de-la-decision-de-justice-achille-tapsoba\/","title":{"rendered":"Suspension du congr\u00e8s extraordinaire du CDP : \u00abNous avons pris acte  de la d\u00e9cision de justice\u00bb, Achille Tapsoba"},"content":{"rendered":"<div class=\"td-post-featured-image\" readability=\"35\"><a href=\"https:\/\/i0.wp.com\/www.sidwaya.info\/wp-content\/uploads\/2019\/06\/cdpi-1.jpg?fit=700%2C394&#038;ssl=1\" data-caption=\"Le 1er vice-pr\u00e9sident du CDP, Achille Tapsoba (2e \u00e0 gauche) : \u00ab Nous irons dans le sens de la d\u00e9cision de justice, avant d\u2019organiser le congr\u00e8s extraordinaire \u00bb.\"><img loading=\"lazy\" decoding=\"async\" width=\"696\" height=\"392\" class=\"entry-thumb td-modal-image\" src=\"https:\/\/i0.wp.com\/www.sidwaya.info\/wp-content\/uploads\/2019\/06\/cdpi-1.jpg?resize=696%2C392&#038;ssl=1\" srcset=\"https:\/\/i0.wp.com\/www.sidwaya.info\/wp-content\/uploads\/2019\/06\/cdpi-1.jpg?w=700&#038;ssl=1 700w, https:\/\/i0.wp.com\/www.sidwaya.info\/wp-content\/uploads\/2019\/06\/cdpi-1.jpg?resize=300%2C169&#038;ssl=1 300w, https:\/\/i0.wp.com\/www.sidwaya.info\/wp-content\/uploads\/2019\/06\/cdpi-1.jpg?resize=696%2C392&#038;ssl=1 696w\" sizes=\"auto, (max-width: 696px) 100vw, 696px\" alt=\"\" title=\"cdpi\"\/><\/a>Le 1er vice-pr\u00e9sident du CDP, Achille Tapsoba (2e \u00e0 gauche) : \u00ab Nous irons dans le sens de la d\u00e9cision de justice, avant d\u2019organiser le congr\u00e8s extraordinaire \u00bb.<\/div>\n<div class=\"td-a-rec td-a-rec-id-content_top td_uid_30_5d06b838b3e44_rand td_block_template_1\"><img loading=\"lazy\" decoding=\"async\" class=\"aligncenter size-full wp-image-4463\" src=\"https:\/\/www.sidwaya.info\/wp-content\/uploads\/2019\/02\/FESPACO-TOUR-2019-Bannie%CC%80re-728x90-1.jpg\" alt=\"\" width=\"728\" height=\"90\"\/><\/div>\n<p><strong>Le Congr\u00e8s pour la d\u00e9mocratie et le progr\u00e8s (CDP) a organis\u00e9, le samedi 15 juin 2019 \u00e0 Ouagadougou, une conf\u00e9rence de presse, pour annoncer la suspension par d\u00e9cision de justice, de son congr\u00e8s ordinaire, cens\u00e9 se tenir le dimanche 16 juin, pour r\u00e9gulariser son Bureau politique national (BPN).<\/strong><\/p>\n<p>Pr\u00e9vu pour se tenir le dimanche 16 juin 2019 \u00e0 Ouagadougou, le congr\u00e8s extraordinaire du Congr\u00e8s pour la d\u00e9mocratie et le progr\u00e8s (CDP) a \u00e9t\u00e9 suspendu par une d\u00e9cision du Tribunal de grande instance (TGI) de Ouagadougou. L\u2019information a \u00e9t\u00e9 donn\u00e9e \u00e0 la presse, le samedi 15 juin, au si\u00e8ge du parti \u00e0 Ouagadougou.<\/p>\n<p>Selon les explications du 1er vice-pr\u00e9sident du CDP, Achille Tapsoba, \u00e0 l\u2019annonce de la tenue dudit congr\u00e8s qui devait conna\u00eetre la relecture des textes du parti afin de r\u00e9gulariser le Bureau politique national (BPN) de 1012 membres contre 600 membres comme le veulent les textes jusque-l\u00e0, 22 militants, dont des membres du BPN ont est\u00e9 le parti en justice. Il s\u2019agit entre autres, de Boureima Badini, Mamadi Kouanda, du d\u00e9put\u00e9 Rasman\u00e9 Daniel Sawadogo, de l\u2019ancien maire de Bobo-Dioulasso, Salia Sanou.<\/p>\n<p>Le vendredi 14 juin, le TGI de Ouagadougou a ordonn\u00e9 la suspension de la tenue du congr\u00e8s \u00abjusqu\u2019\u00e0 la mise en place d\u2019un BPN\u00bb de 600 membres. \u00abNous avons pris acte de la d\u00e9cision de justice\u00bb, a fait savoir Achille Tapsoba, qui pr\u00e9cise que le parti formera d\u2019abord un BPN de 600 membres, avant de convoquer le congr\u00e8s extraordinaire pour sauter ce verrou limitatif du nombre de membres de cet organe du parti.<\/p>\n<p>Il a rassur\u00e9 les militants que tout sera mis en \u0153uvre pour que le congr\u00e8s extraordinaire se tienne \u00abcontre vents et marr\u00e9es dans lesmeilleurs d\u00e9lais\u00bb, avant la d\u00e9signation du candidat du CDP \u00e0 la pr\u00e9sidentielle de 2020. Le 1er vice-pr\u00e9sident du CDP a d\u00e9nonc\u00e9 une volont\u00e9 \u00abmanifeste\u00bb de certains camarades, de liquider le parti. \u00abMais, ce parti est comme une tige de roseau qui ploie sous les coups du vent et des agressions, qui se plie sans se rompre et finit toujours par se redresser\u00bb, a-t-il lanc\u00e9.<\/p>\n<p>Au sujet des militants \u00abindisciplin\u00e9s\u00bb du parti qui soutiennent \u00e9galement la candidature de Kadr\u00e9 D\u00e9sir\u00e9 Ou\u00e9draogo alors qui n\u2019a pas \u00e9t\u00e9 investi sous la banni\u00e8re de l\u2019ancien parti au pouvoir, Achille Tapsoba a affirm\u00e9 : \u00able parti va prendre ses responsabilit\u00e9s et de mani\u00e8re rigoureuse\u00bb. Les premiers responsables du CDP ont appel\u00e9 les \u00abvrais\u00bb militants du parti \u00e0 garder leur s\u00e9r\u00e9nit\u00e9 et \u00e0 continuer le travail de mobilisation pour assurer des victoires \u00ab\u00e9clatantes\u00bb au CDP lors des prochaines consultations \u00e9lectorales.<\/p>\n<p class=\"c1\"><strong>Jean-Marie TOE<\/strong><\/p>\n<div class=\"td-a-rec td-a-rec-id-content_bottom td_uid_31_5d06b838b3fd9_rand td_block_template_1\"><img loading=\"lazy\" decoding=\"async\" class=\"alignright size-full wp-image-1724\" src=\"https:\/\/www.sidwaya.info\/wp-content\/uploads\/2018\/12\/sidwaya-pub.jpg\" alt=\"\" width=\"720\" height=\"90\"\/><\/div>\n<p>Auteur: JK. Sidwaya<br \/>\n<a href=\"https:\/\/www.sidwaya.info\/blog\/2019\/06\/16\/suspension-du-congres-extraordinaire-du-cdp-nous-avons-pris-acte-de-la-decision-de-justice-achille-tapsoba\/\">Cliquez ici pour lire l&rsquo;article depuis sa source.<\/a><\/p>\n","protected":false},"excerpt":{"rendered":"<p>Le 1er vice-pr\u00e9sident du CDP, Achille Tapsoba (2e \u00e0 gauche) : \u00ab Nous irons dans le sens de la d\u00e9cision de justice, avant d\u2019organiser le congr\u00e8s extraordinaire \u00bb. Le Congr\u00e8s pour la d\u00e9mocratie et le progr\u00e8s (CDP) a organis\u00e9, le samedi 15 juin 2019 \u00e0 Ouagadougou, une conf\u00e9rence de presse, pour annoncer la suspension par [&hellip;]<\/p>\n","protected":false},"author":1816,"featured_media":0,"comment_status":"closed","ping_status":"closed","sticky":false,"template":"","format":"standard","meta":{"fifu_image_url":"","fifu_image_alt":"","footnotes":""},"categories":[73,81],"tags":[],"class_list":["post-40993","post","type-post","status-publish","format-standard","hentry","category-actualite","category-burkina-faso"],"_links":{"self":[{"href":"https:\/\/linitiative.ca\/International\/wp-json\/wp\/v2\/posts\/40993","targetHints":{"allow":["GET"]}}],"collection":[{"href":"https:\/\/linitiative.ca\/International\/wp-json\/wp\/v2\/posts"}],"about":[{"href":"https:\/\/linitiative.ca\/International\/wp-json\/wp\/v2\/types\/post"}],"author":[{"embeddable":true,"href":"https:\/\/linitiative.ca\/International\/wp-json\/wp\/v2\/users\/1816"}],"replies":[{"embeddable":true,"href":"https:\/\/linitiative.ca\/International\/wp-json\/wp\/v2\/comments?post=40993"}],"version-history":[{"count":0,"href":"https:\/\/linitiative.ca\/International\/wp-json\/wp\/v2\/posts\/40993\/revisions"}],"wp:attachment":[{"href":"https:\/\/linitiative.ca\/International\/wp-json\/wp\/v2\/media?parent=40993"}],"wp:term":[{"taxonomy":"category","embeddable":true,"href":"https:\/\/linitiative.ca\/International\/wp-json\/wp\/v2\/categories?post=40993"},{"taxonomy":"post_tag","embeddable":true,"href":"https:\/\/linitiative.ca\/International\/wp-json\/wp\/v2\/tags?post=40993"}],"curies":[{"name":"wp","href":"https:\/\/api.w.org\/{rel}","templated":true}]}}