{"id":40994,"date":"2019-06-16T17:21:07","date_gmt":"2019-06-16T21:21:07","guid":{"rendered":"https:\/\/linitiative.ca\/International\/foret-de-kua-et-marche-de-bobo-dioulasso-des-lettres-dexplication-demandees-a-des-conseillers-municipaux\/"},"modified":"2019-06-16T17:21:07","modified_gmt":"2019-06-16T21:21:07","slug":"foret-de-kua-et-marche-de-bobo-dioulasso-des-lettres-dexplication-demandees-a-des-conseillers-municipaux","status":"publish","type":"post","link":"https:\/\/linitiative.ca\/International\/foret-de-kua-et-marche-de-bobo-dioulasso-des-lettres-dexplication-demandees-a-des-conseillers-municipaux\/","title":{"rendered":"For\u00eat de Kua et march\u00e9 de Bobo-Dioulasso : Des \u00ablettres d\u2019explication\u00bb demand\u00e9es  \u00e0 des conseillers municipaux"},"content":{"rendered":"<div class=\"td-post-featured-image\" readability=\"34\"><a href=\"https:\/\/i2.wp.com\/www.sidwaya.info\/wp-content\/uploads\/2019\/06\/kua1.jpg?fit=787%2C590&#038;ssl=1\" data-caption=\"Martin Coulibaly, premier adjoint au maire (\u00e0 g) s\u2019est expliqu\u00e9 sur sa d\u00e9cision d\u2019aller contre la d\u00e9lib\u00e9ration de d\u00e9classement de la for\u00eat class\u00e9e de Kua.\"><img loading=\"lazy\" decoding=\"async\" width=\"696\" height=\"522\" class=\"entry-thumb td-modal-image\" src=\"https:\/\/i2.wp.com\/www.sidwaya.info\/wp-content\/uploads\/2019\/06\/kua1.jpg?resize=696%2C522&#038;ssl=1\" srcset=\"https:\/\/i2.wp.com\/www.sidwaya.info\/wp-content\/uploads\/2019\/06\/kua1.jpg?w=787&#038;ssl=1 787w, https:\/\/i2.wp.com\/www.sidwaya.info\/wp-content\/uploads\/2019\/06\/kua1.jpg?resize=300%2C225&#038;ssl=1 300w, https:\/\/i2.wp.com\/www.sidwaya.info\/wp-content\/uploads\/2019\/06\/kua1.jpg?resize=768%2C576&#038;ssl=1 768w, https:\/\/i2.wp.com\/www.sidwaya.info\/wp-content\/uploads\/2019\/06\/kua1.jpg?resize=80%2C60&#038;ssl=1 80w, https:\/\/i2.wp.com\/www.sidwaya.info\/wp-content\/uploads\/2019\/06\/kua1.jpg?resize=265%2C198&#038;ssl=1 265w, https:\/\/i2.wp.com\/www.sidwaya.info\/wp-content\/uploads\/2019\/06\/kua1.jpg?resize=696%2C522&#038;ssl=1 696w, https:\/\/i2.wp.com\/www.sidwaya.info\/wp-content\/uploads\/2019\/06\/kua1.jpg?resize=560%2C420&#038;ssl=1 560w\" sizes=\"auto, (max-width: 696px) 100vw, 696px\" alt=\"\" title=\"kua1\"\/><\/a>Martin Coulibaly, premier adjoint au maire (\u00e0 g) s\u2019est expliqu\u00e9 sur sa d\u00e9cision d\u2019aller contre la d\u00e9lib\u00e9ration de d\u00e9classement de la for\u00eat class\u00e9e de Kua.<\/div>\n<div class=\"td-a-rec td-a-rec-id-content_top td_uid_30_5d06b83bca1b3_rand td_block_template_1\"><img loading=\"lazy\" decoding=\"async\" class=\"aligncenter size-full wp-image-4463\" src=\"https:\/\/www.sidwaya.info\/wp-content\/uploads\/2019\/02\/FESPACO-TOUR-2019-Bannie%CC%80re-728x90-1.jpg\" alt=\"\" width=\"728\" height=\"90\"\/><\/div>\n<p><strong>La commune de Bobo-Dioulasso a tenu, les 10 et 11 juin 2019, une session ordinaire consacr\u00e9e \u00e0 l\u2019adoption des documents financiers, notamment le budget suppl\u00e9mentaire. En outre, les conseillers ont demand\u00e9 des explications \u00e0 certains des leurs sur les d\u00e9cisions qu\u2019ils ont eu \u00e0 prendre sur la vie de la commune.<\/strong><\/p>\n<p>Le conseil municipal de Bobo-Dioulasso a pris en avril 2019 une d\u00e9lib\u00e9ration donnant un avis favorable pour le d\u00e9classement de 16 hectares de la for\u00eat class\u00e9e de Kua pour y construire un centre hospitalier universitaire. Un mois apr\u00e8s, le premier adjoint au maire de Bobo-Dioulasso, Martin Coulibaly, s\u2019est d\u00e9solidaris\u00e9 de cette d\u00e9cision en s\u2019opposant publiquement au changement de statut de cette for\u00eat.<\/p>\n<p>Le conseil municipal, r\u00e9uni en session ordinaire, les 10 et 11 juin 2019, a demand\u00e9 \u00e0 M. Coulibaly d\u2019expliquer les raisons de ce revirement, une explication qui s\u2019est faite en huis clos. Mais, selon les explications fournies sur sa page facebook, Martin Coulibaly dit opter pour un site de 80 hectares d\u00e9j\u00e0 choisi en 2013 dans l\u2019arrondissement n\u00b04 plus pr\u00e9cis\u00e9ment \u00e0 Borodougou, un village rattach\u00e9. La deuxi\u00e8me personne \u00e0 s\u2019expliquer au conseil municipal est le pr\u00e9sident du comit\u00e9 de gestion du march\u00e9 central, Ibrahim Traor\u00e9. Le march\u00e9 de Bobo-Dioulasso a deux niveaux de direction.<\/p>\n<p>Il s\u2019agit du comit\u00e9 de gestion qui est une sorte de conseil d\u2019administration et la Structure de gestion du march\u00e9 (SGM) qui s\u2019occupe du fonctionnement du march\u00e9. Il est reproch\u00e9 au pr\u00e9sident du comit\u00e9 de gestion du march\u00e9, de n\u2019avoir pas ex\u00e9cut\u00e9 une recommandation du conseil municipal. Selon le maire Bourahima Sanou, la commune a demand\u00e9 \u00e0 M. Traor\u00e9 de remettre son poste de directeur de la structure de gestion du march\u00e9, \u00e0 Hamadou Barry qu\u2019il a licenci\u00e9 alors qu\u2019il n\u2019a pas les comp\u00e9tences pour le faire.<\/p>\n<p>Ibrahim Traor\u00e9 avait renvoy\u00e9 Hamadou Barry et l\u2019a fait remplacer par une autre personne. Selon le pr\u00e9sident, le recrutement ou la r\u00e9vocation du directeur du march\u00e9 n\u2019incombe pas au pr\u00e9sident mais plut\u00f4t au comit\u00e9 de gestion du march\u00e9. A l\u2019entendre, le comit\u00e9 de gestion a tenu une session et les membres ont d\u00e9cid\u00e9 \u00e0 l\u2019unanimit\u00e9 de r\u00e9voquer Hamadou Barry pour fautes graves. \u00abSelon les statuts de la SGM et en leur article 10, c\u2019est le comit\u00e9 de gestion qui approuve la nomination du directeur en un premier temps, ensuite le pr\u00e9sident se charge de la prise d\u2019une note de d\u00e9cision de cette nomination.<\/p>\n<p>Le pr\u00e9sident n\u2019a donc pas la pr\u00e9rogative de nommer ou de r\u00e9voquer un simple employ\u00e9 de la SGM \u00e0 plus forte raison le directeur\u00bb, a-t-il justifi\u00e9.<br \/>Aussi, a laiss\u00e9 entendre le pr\u00e9sident, le comit\u00e9 de gestion est une structure autonome compos\u00e9e des repr\u00e9sentants de l\u2019Etat, des commer\u00e7ants et des conseillers municipaux dont Ibrahim Traor\u00e9.<\/p>\n<h3>Le march\u00e9 \u00e0 la commune en 2026<\/h3>\n<p><img loading=\"lazy\" decoding=\"async\" class=\"size-medium wp-image-9312\" src=\"https:\/\/i0.wp.com\/www.sidwaya.info\/wp-content\/uploads\/2019\/06\/kua2.jpg?resize=300%2C234&#038;ssl=1\" alt=\"\" width=\"300\" height=\"234\" srcset=\"https:\/\/i0.wp.com\/www.sidwaya.info\/wp-content\/uploads\/2019\/06\/kua2.jpg?resize=300%2C234&#038;ssl=1 300w, https:\/\/i0.wp.com\/www.sidwaya.info\/wp-content\/uploads\/2019\/06\/kua2.jpg?resize=696%2C543&#038;ssl=1 696w, https:\/\/i0.wp.com\/www.sidwaya.info\/wp-content\/uploads\/2019\/06\/kua2.jpg?resize=538%2C420&#038;ssl=1 538w, https:\/\/i0.wp.com\/www.sidwaya.info\/wp-content\/uploads\/2019\/06\/kua2.jpg?w=700&#038;ssl=1 700w\" sizes=\"auto, (max-width: 300px) 100vw, 300px\" data-recalc-dims=\"1\"\/>Le maire de la commune de Bobo a d\u00e9cid\u00e9 de suspendre Ibrahim Traor\u00e9 de la pr\u00e9sidence du comit\u00e9 de gestion.<\/p>\n<p>Selon lui, le comit\u00e9 fait partie int\u00e9grante de la convention sign\u00e9e entre l\u2019AFD et la commune lors de la reconstruction du march\u00e9 en 2001. L\u2019AFD avait financ\u00e9 la construction du march\u00e9 \u00e0 hauteur de 3,5 milliards F CFA et la contrepartie des b\u00e9n\u00e9ficiaires \u00e0 savoir les commer\u00e7ants s\u2019\u00e9l\u00e8ve \u00e0 plus de 1,5 milliard F CFA.<\/p>\n<p>La convention a pr\u00e9conis\u00e9 la cr\u00e9ation d\u2019une personne morale du type r\u00e9gie autonome, ou d\u2019une soci\u00e9t\u00e9 concessionnaire priv\u00e9e qui aura pour r\u00f4le de g\u00e9rer le march\u00e9 en remplacement du service des march\u00e9s de la mairie. La SGM est alors un \u00e9tablissement local de type concessionnaire avec un contrat de concession qui court de 2001 \u00e0 2026 au terme duquel le march\u00e9 est c\u00e9d\u00e9 \u00e0 la commune.<\/p>\n<p>Le pr\u00e9sident du comit\u00e9 de gestion n\u2019est pas alors sous la tutelle directe du maire de la commune de Bobo-Dioulasso mais du comit\u00e9 de gestion, a expliqu\u00e9 Ibrahim Traor\u00e9. Mais cette explication n\u2019a pas convaincu le maire Bourahima Sanou. Il a affirm\u00e9 qu\u2019il prendra en concert avec les conseillers, une d\u00e9cision pour suspendre le pr\u00e9sident du comit\u00e9 de gestion et qu\u2019une d\u00e9l\u00e9gation sera mise en place pour g\u00e9rer les affaires courantes. Ce n\u2019est pas la premi\u00e8re fois que le bourgmestre suspend Ibrahim Traor\u00e9.<\/p>\n<p>Il l\u2019avait d\u00e9j\u00e0 fait en 2018, une suspension mise en cause par le Conseil d\u2019Etat qui a replac\u00e9 le pr\u00e9sident dans ses fonctions, estimant que le pr\u00e9sident du comit\u00e9 de gestion ne d\u00e9pend pas directement du maire. Outre ces d\u00e9bats parfois houleux, le conseil municipal a adopt\u00e9 le compte administratif et de gestion et le budget suppl\u00e9mentaire qui s\u2019\u00e9quilibre en recettes et en d\u00e9penses \u00e0 plus de 2 milliards F CFA. Le budget primitif s\u2019\u00e9l\u00e8ve \u00e0 plus de 8,5 milliards, ce qui porte le budget \u00e0 pr\u00e8s de 10 milliards FCFA. Les conseillers ont aussi propos\u00e9 des pistes pour am\u00e9liorer la mobilisation des ressources au profit de la commune.<\/p>\n<p class=\"c1\"><strong>Adaman DRABO<\/strong><\/p>\n<div class=\"td-a-rec td-a-rec-id-content_bottom td_uid_31_5d06b83bca379_rand td_block_template_1\"><img loading=\"lazy\" decoding=\"async\" class=\"alignright size-full wp-image-1724\" src=\"https:\/\/www.sidwaya.info\/wp-content\/uploads\/2018\/12\/sidwaya-pub.jpg\" alt=\"\" width=\"720\" height=\"90\"\/><\/div>\n<p>Auteur: JK. Sidwaya<br \/>\n<a href=\"https:\/\/www.sidwaya.info\/blog\/2019\/06\/16\/foret-de-kua-et-marche-de-bobo-dioulasso-des-lettres-dexplication-demandees-a-des-conseillers-municipaux\/\">Cliquez ici pour lire l&rsquo;article depuis sa source.<\/a><\/p>\n","protected":false},"excerpt":{"rendered":"<p>Martin Coulibaly, premier adjoint au maire (\u00e0 g) s\u2019est expliqu\u00e9 sur sa d\u00e9cision d\u2019aller contre la d\u00e9lib\u00e9ration de d\u00e9classement de la for\u00eat class\u00e9e de Kua. La commune de Bobo-Dioulasso a tenu, les 10 et 11 juin 2019, une session ordinaire consacr\u00e9e \u00e0 l\u2019adoption des documents financiers, notamment le budget suppl\u00e9mentaire. En outre, les conseillers ont [&hellip;]<\/p>\n","protected":false},"author":1816,"featured_media":0,"comment_status":"closed","ping_status":"closed","sticky":false,"template":"","format":"standard","meta":{"fifu_image_url":"","fifu_image_alt":"","footnotes":""},"categories":[73,81],"tags":[],"class_list":["post-40994","post","type-post","status-publish","format-standard","hentry","category-actualite","category-burkina-faso"],"_links":{"self":[{"href":"https:\/\/linitiative.ca\/International\/wp-json\/wp\/v2\/posts\/40994","targetHints":{"allow":["GET"]}}],"collection":[{"href":"https:\/\/linitiative.ca\/International\/wp-json\/wp\/v2\/posts"}],"about":[{"href":"https:\/\/linitiative.ca\/International\/wp-json\/wp\/v2\/types\/post"}],"author":[{"embeddable":true,"href":"https:\/\/linitiative.ca\/International\/wp-json\/wp\/v2\/users\/1816"}],"replies":[{"embeddable":true,"href":"https:\/\/linitiative.ca\/International\/wp-json\/wp\/v2\/comments?post=40994"}],"version-history":[{"count":0,"href":"https:\/\/linitiative.ca\/International\/wp-json\/wp\/v2\/posts\/40994\/revisions"}],"wp:attachment":[{"href":"https:\/\/linitiative.ca\/International\/wp-json\/wp\/v2\/media?parent=40994"}],"wp:term":[{"taxonomy":"category","embeddable":true,"href":"https:\/\/linitiative.ca\/International\/wp-json\/wp\/v2\/categories?post=40994"},{"taxonomy":"post_tag","embeddable":true,"href":"https:\/\/linitiative.ca\/International\/wp-json\/wp\/v2\/tags?post=40994"}],"curies":[{"name":"wp","href":"https:\/\/api.w.org\/{rel}","templated":true}]}}