{"id":40995,"date":"2019-06-16T17:24:30","date_gmt":"2019-06-16T21:24:30","guid":{"rendered":"https:\/\/linitiative.ca\/International\/elections-de-2020-le-mpp-kadiogo-pret-pour-le-combat\/"},"modified":"2019-06-16T17:24:30","modified_gmt":"2019-06-16T21:24:30","slug":"elections-de-2020-le-mpp-kadiogo-pret-pour-le-combat","status":"publish","type":"post","link":"https:\/\/linitiative.ca\/International\/elections-de-2020-le-mpp-kadiogo-pret-pour-le-combat\/","title":{"rendered":"Elections de 2020 : Le MPP\/Kadiogo pr\u00eat pour le \u00abcombat\u00bb"},"content":{"rendered":"<div class=\"td-post-featured-image\" readability=\"35\"><a href=\"https:\/\/i1.wp.com\/www.sidwaya.info\/wp-content\/uploads\/2019\/06\/mpp1.jpg?fit=700%2C467&#038;ssl=1\" data-caption=\"Le pr\u00e9sident par int\u00e9rim du MPP, Simon Compaor\u00e9 : \u00abNous sommes en ordre de bataille. A l\u2019heure de la redevabilit\u00e9, nous allons r\u00e9pondre \u00e9galement pr\u00e9sents\u00bb.\"><img loading=\"lazy\" decoding=\"async\" width=\"696\" height=\"464\" class=\"entry-thumb td-modal-image\" src=\"https:\/\/i1.wp.com\/www.sidwaya.info\/wp-content\/uploads\/2019\/06\/mpp1.jpg?resize=696%2C464&#038;ssl=1\" srcset=\"https:\/\/i1.wp.com\/www.sidwaya.info\/wp-content\/uploads\/2019\/06\/mpp1.jpg?w=700&#038;ssl=1 700w, https:\/\/i1.wp.com\/www.sidwaya.info\/wp-content\/uploads\/2019\/06\/mpp1.jpg?resize=300%2C200&#038;ssl=1 300w, https:\/\/i1.wp.com\/www.sidwaya.info\/wp-content\/uploads\/2019\/06\/mpp1.jpg?resize=696%2C464&#038;ssl=1 696w, https:\/\/i1.wp.com\/www.sidwaya.info\/wp-content\/uploads\/2019\/06\/mpp1.jpg?resize=630%2C420&#038;ssl=1 630w\" sizes=\"auto, (max-width: 696px) 100vw, 696px\" alt=\"\" title=\"mpp1\"\/><\/a>Le pr\u00e9sident par int\u00e9rim du MPP, Simon Compaor\u00e9 : \u00abNous sommes en ordre de bataille. A l\u2019heure de la redevabilit\u00e9, nous allons r\u00e9pondre \u00e9galement pr\u00e9sents\u00bb.<\/div>\n<div class=\"td-a-rec td-a-rec-id-content_top td_uid_30_5d06b83eb7c27_rand td_block_template_1\"><img loading=\"lazy\" decoding=\"async\" class=\"aligncenter size-full wp-image-4463\" src=\"https:\/\/www.sidwaya.info\/wp-content\/uploads\/2019\/02\/FESPACO-TOUR-2019-Bannie%CC%80re-728x90-1.jpg\" alt=\"\" width=\"728\" height=\"90\"\/><\/div>\n<p><strong>Le pr\u00e9sident par int\u00e9rim du Mouvement du peuple pour le progr\u00e8s (MPP), Simon Compaor\u00e9, a install\u00e9 le nouveau bureau de la section provinciale du parti dans le Kadiogo, le samedi 15 juin 2019 \u00e0 Ouagadougou, \u00e0 l\u2019occasion d\u2019une assembl\u00e9e g\u00e9n\u00e9rale du parti.<\/strong><\/p>\n<p>A l\u2019or\u00e9e des \u00e9ch\u00e9ances \u00e9lectorales de 2020, le Mouvement du peuple pour le progr\u00e8s (MPP) passe ses troupes en revue. Le pr\u00e9sident par int\u00e9rim du parti, Simon Compaor\u00e9, a install\u00e9 les nouveaux bureaux de la section du Kadiogo et des sous-sections d\u2019arrondissement et de communes rurales issus de l\u2019Assembl\u00e9e g\u00e9n\u00e9rale (AG) de la section.<\/p>\n<p>Les 36 nouveaux \u00abfantassins\u00bb du bureau provincial ont ainsi re\u00e7u l\u2019onction pour aller au front. A cet effet, le premier responsable du parti a appel\u00e9 \u00e0 l\u2019unit\u00e9 et \u00e0 la solidarit\u00e9 dans les rangs. Simon Compaor\u00e9 a invit\u00e9 les militants \u00e0 travailler dans la discipline dans les sous-sections.<\/p>\n<p>\u00abLes querelles intestines sont termin\u00e9es. A partir d\u2019aujourd\u2019hui, il faut composer avec ce qu\u2019on a\u00bb, s\u2019est-il adress\u00e9 en langue moor\u00e9 aux militants pr\u00e9sents en nombre. Le pr\u00e9sident par int\u00e9rim du MPP leur a laiss\u00e9 entendre que dor\u00e9navant, les contrevenants aux r\u00e8gles et principes du parti seront punis. Il s\u2019agit l\u00e0, a-t-il expliqu\u00e9, d\u2019\u00e9viter certains \u00e9cueils du pass\u00e9. \u00abUne erreur peut nous faire perdre ce qu\u2019on recherche\u00bb, a confi\u00e9 l\u2019ancien ministre d\u2019Etat. A l\u2019issue des \u00abconseils\u00bb aux militants, le \u00abcamarade Simon\u00bb a profit\u00e9 de l\u2019AG pour les entretenir sur les positions du parti \u00e0 propos de certains sujets d\u2019int\u00e9r\u00eat national.<\/p>\n<p>Simon Compaor\u00e9 a demand\u00e9 par exemple aux militants du MPP, de se d\u00e9marquer des gr\u00e8ves \u00e0 r\u00e9p\u00e9tition des agents de la Fonction publique, surtout des nouvelles formes de lutte telle qu\u2019exerc\u00e9e actuellement par le Syndicat national des travailleurs de la sant\u00e9 humaine et animale (SYNTSHA). \u00abC\u2019est du d\u00e9sordre, et le d\u00e9sordre ne construit pas une nation\u00bb, a d\u00e9clar\u00e9 le premier vice-pr\u00e9sident du MPP.<\/p>\n<p>A l\u2019entendre, il s\u2019agit d\u2019une strat\u00e9gie pour \u00abfausser\u00bb le programme du pr\u00e9sident du Faso, et pour cela, les militants du parti doivent d\u00e9noncer ce type d\u2019agissement. M. Compaor\u00e9 a aussi rappel\u00e9 les \u00e9ch\u00e9ances \u00e9lectorales \u00e0 venir en 2020 (r\u00e9f\u00e9rendum constitutionnel, \u00e9lections pr\u00e9sidentielle, l\u00e9gislatives et municipales). A ce sujet, il a demand\u00e9 aux militants \u00e0 rester mobilis\u00e9s et \u00e0 s\u2019assurer de disposer de Cartes nationales d\u2019identit\u00e9 burkinab\u00e8 (CNIB) valides pour voter en temps opportun en faveur du MPP.<\/p>\n<p class=\"c1\"><strong>Fab\u00e9 Mamadou OUATTARA<\/strong><\/p>\n<div class=\"td-a-rec td-a-rec-id-content_bottom td_uid_31_5d06b83eb7dc7_rand td_block_template_1\"><img loading=\"lazy\" decoding=\"async\" class=\"alignright size-full wp-image-1724\" src=\"https:\/\/www.sidwaya.info\/wp-content\/uploads\/2018\/12\/sidwaya-pub.jpg\" alt=\"\" width=\"720\" height=\"90\"\/><\/div>\n<p>Auteur: JK. Sidwaya<br \/>\n<a href=\"https:\/\/www.sidwaya.info\/blog\/2019\/06\/16\/elections-de-2020-le-mpp-kadiogo-pret-pour-le-combat\/\">Cliquez ici pour lire l&rsquo;article depuis sa source.<\/a><\/p>\n","protected":false},"excerpt":{"rendered":"<p>Le pr\u00e9sident par int\u00e9rim du MPP, Simon Compaor\u00e9 : \u00abNous sommes en ordre de bataille. A l\u2019heure de la redevabilit\u00e9, nous allons r\u00e9pondre \u00e9galement pr\u00e9sents\u00bb. Le pr\u00e9sident par int\u00e9rim du Mouvement du peuple pour le progr\u00e8s (MPP), Simon Compaor\u00e9, a install\u00e9 le nouveau bureau de la section provinciale du parti dans le Kadiogo, le samedi [&hellip;]<\/p>\n","protected":false},"author":1816,"featured_media":0,"comment_status":"closed","ping_status":"closed","sticky":false,"template":"","format":"standard","meta":{"fifu_image_url":"","fifu_image_alt":"","footnotes":""},"categories":[73,81],"tags":[],"class_list":["post-40995","post","type-post","status-publish","format-standard","hentry","category-actualite","category-burkina-faso"],"_links":{"self":[{"href":"https:\/\/linitiative.ca\/International\/wp-json\/wp\/v2\/posts\/40995","targetHints":{"allow":["GET"]}}],"collection":[{"href":"https:\/\/linitiative.ca\/International\/wp-json\/wp\/v2\/posts"}],"about":[{"href":"https:\/\/linitiative.ca\/International\/wp-json\/wp\/v2\/types\/post"}],"author":[{"embeddable":true,"href":"https:\/\/linitiative.ca\/International\/wp-json\/wp\/v2\/users\/1816"}],"replies":[{"embeddable":true,"href":"https:\/\/linitiative.ca\/International\/wp-json\/wp\/v2\/comments?post=40995"}],"version-history":[{"count":0,"href":"https:\/\/linitiative.ca\/International\/wp-json\/wp\/v2\/posts\/40995\/revisions"}],"wp:attachment":[{"href":"https:\/\/linitiative.ca\/International\/wp-json\/wp\/v2\/media?parent=40995"}],"wp:term":[{"taxonomy":"category","embeddable":true,"href":"https:\/\/linitiative.ca\/International\/wp-json\/wp\/v2\/categories?post=40995"},{"taxonomy":"post_tag","embeddable":true,"href":"https:\/\/linitiative.ca\/International\/wp-json\/wp\/v2\/tags?post=40995"}],"curies":[{"name":"wp","href":"https:\/\/api.w.org\/{rel}","templated":true}]}}