{"id":40996,"date":"2019-06-16T17:28:52","date_gmt":"2019-06-16T21:28:52","guid":{"rendered":"https:\/\/linitiative.ca\/International\/statut-valorisant-des-enseignants-des-syndicats-presentent-les-acquis-de-la-lutte\/"},"modified":"2019-06-16T17:28:52","modified_gmt":"2019-06-16T21:28:52","slug":"statut-valorisant-des-enseignants-des-syndicats-presentent-les-acquis-de-la-lutte","status":"publish","type":"post","link":"https:\/\/linitiative.ca\/International\/statut-valorisant-des-enseignants-des-syndicats-presentent-les-acquis-de-la-lutte\/","title":{"rendered":"Statut valorisant des enseignants : Des syndicats pr\u00e9sentent les acquis de la lutte"},"content":{"rendered":"<div class=\"td-post-featured-image\" readability=\"36\"><a href=\"https:\/\/i2.wp.com\/www.sidwaya.info\/wp-content\/uploads\/2019\/06\/acquis.jpg?fit=700%2C350&#038;ssl=1\" data-caption=\"Le coordonnateur de la CNSE, Bonaventure B\u00e9lem, a salu\u00e9 l\u2019unit\u00e9 des acteurs de l\u2019\u00e9ducation, qui a permis d\u2019engranger des acquis.\"><img loading=\"lazy\" decoding=\"async\" width=\"696\" height=\"348\" class=\"entry-thumb td-modal-image\" src=\"https:\/\/i2.wp.com\/www.sidwaya.info\/wp-content\/uploads\/2019\/06\/acquis.jpg?resize=696%2C348&#038;ssl=1\" srcset=\"https:\/\/i2.wp.com\/www.sidwaya.info\/wp-content\/uploads\/2019\/06\/acquis.jpg?w=700&#038;ssl=1 700w, https:\/\/i2.wp.com\/www.sidwaya.info\/wp-content\/uploads\/2019\/06\/acquis.jpg?resize=300%2C150&#038;ssl=1 300w, https:\/\/i2.wp.com\/www.sidwaya.info\/wp-content\/uploads\/2019\/06\/acquis.jpg?resize=696%2C348&#038;ssl=1 696w\" sizes=\"auto, (max-width: 696px) 100vw, 696px\" alt=\"\" title=\"acquis\"\/><\/a>Le coordonnateur de la CNSE, Bonaventure B\u00e9lem, a salu\u00e9 l\u2019unit\u00e9 des acteurs de l\u2019\u00e9ducation, qui a permis d\u2019engranger des acquis.<\/div>\n<div class=\"td-a-rec td-a-rec-id-content_top td_uid_30_5d06b8418871c_rand td_block_template_1\"><img loading=\"lazy\" decoding=\"async\" class=\"aligncenter size-full wp-image-4463\" src=\"https:\/\/www.sidwaya.info\/wp-content\/uploads\/2019\/02\/FESPACO-TOUR-2019-Bannie%CC%80re-728x90-1.jpg\" alt=\"\" width=\"728\" height=\"90\"\/><\/div>\n<p><strong>La Coordination nationale des syndicats de l\u2019\u00e9ducation (CNSE) a tenu une conf\u00e9rence de presse, le samedi 15 juin 2019, \u00e0 Ouagadougou. Elle a inform\u00e9 l\u2019opinion des engagements pris par le gouvernement.<\/strong><\/p>\n<p>Apr\u00e8s plusieurs mois de sit-in, marches, gr\u00e8ves\u2026pour l\u2019am\u00e9lioration de leurs conditions de vie et de travail, des acteurs de l\u2019\u00e9ducation sont satisfaits des retomb\u00e9es de leur lutte. Leur mobilisation a permis de relever le niveau de recrutement pour l\u2019ensemble des emplois retenus, la cr\u00e9ation d\u2019environ dix nouveaux emplois, auxquels il faut ajouter deux autres en optionnel pour prendre en charge les Centres d\u2019\u00e9ducation de base non formelle (CEBNF), le r\u00e8glement de la situation de personnels bloqu\u00e9s dans leur carri\u00e8re ou sans statut, la suppression de certains emplois en vue de raccourcir la dur\u00e9e du parcours dans la carri\u00e8re, l\u2019\u00e9largissement d\u2019opportunit\u00e9s d\u2019\u00e9volution dans la carri\u00e8re par la cons\u00e9cration officielle de passerelles et la cr\u00e9ation de nouveaux emplois.<\/p>\n<p>A cela, s\u2019ajoutent l\u2019octroi d\u2019une bonification d\u2019un \u00e9chelon \u00e0 certains travailleurs et l\u2019am\u00e9nagement de dispositions particuli\u00e8res pour certaines cat\u00e9gories. C\u2019est ce qu\u2019a r\u00e9v\u00e9l\u00e9 la Coordination nationale des syndicats de l\u2019\u00e9ducation (CNSE), lors d\u2019un point de presse, le samedi 15 juin 2019, \u00e0 Ouagadougou. Le coordonnateur de la CNSE, Bonaventure B\u00e9lem, a pr\u00e9cis\u00e9 que l\u2019adoption de ce statut ne r\u00e8gle pas tous les probl\u00e8mes dans l\u2019\u00e9ducation et la recherche et partant, constitue un moratoire en mati\u00e8re de lutte.<\/p>\n<p>En terme d\u2019acquis, le coordonnateur de la CNSE, Bonaventure B\u00e9lem, a cit\u00e9 aussi la correction substantielle des indemnit\u00e9s de logement, la bonification d\u2019\u00e9chelon octroy\u00e9e, la communication d\u2019informations plus \u00abrassurantes\u00bb sur le dossier des personnels des ex-garderies populaires et l\u2019octroi aux enseignants en situation de classe, d\u2019une allocation annuelle de 30 000 F CFA pour l\u2019acquisition d\u2019ouvrages p\u00e9dagogiques.<\/p>\n<p>Il a salu\u00e9 l\u2019intelligence qui a conduit les responsables syndicaux \u00e0 cr\u00e9er un cadre unitaire de lutte r\u00e9unissant autant d\u2019organisations aux lignes et visions diff\u00e9rentes. \u00abLes travailleurs ont bien compris que c\u2019est dans l\u2019unit\u00e9 qu\u2019ils peuvent peser fondamentalement sur les solutions \u00e0 leurs pr\u00e9occupations. Ils sont le principal bouclier de leur cadre de lutte\u00bb, a-t-il soutenu. Que r\u00e9pondez-vous \u00e0 certains de vos coll\u00e8gues qui estiment que la lutte a \u00e9t\u00e9 \u00abvendue\u00bb ?<\/p>\n<p>M. B\u00e9lem a reconnu que si l\u2019opinion a salu\u00e9 le d\u00e9nouement de la crise qui \u00e9tait une source d\u2019angoisse des \u00e9l\u00e8ves, des parents d\u2019\u00e9l\u00e8ves, quant \u00e0 l\u2019issue de l\u2019ann\u00e9e scolaire en cours, et cela, \u00e0 la veille des examens scolaires, elle a fait l\u2019objet de supputations de la part de certains coll\u00e8gues. Mais, selon les conf\u00e9renciers, le point de presse ne vise pas \u00e0 r\u00e9pondre \u00e0 ceux qui tirent \u00e0 boulets rouges sur la CNSE, sans prendre le temps n\u00e9cessaire de lire et analyser les r\u00e9sultats de la lutte. \u00abIl ne vise pas non plus \u00e0 justifier la lev\u00e9e du mot d\u2019ordre et \u00e0 faire un bilan exhaustif de notre lutte\u00bb, a soutenu le coordonnateur de la CNSE.<\/p>\n<p>Selon lui, la CNSE est parvenue, apr\u00e8s de longs mois, \u00e0 stabiliser le contenu d\u2019un statut valorisant pour les personnels de l\u2019\u00e9ducation. Et, deux orientations principales ont guid\u00e9 les repr\u00e9sentants de la coordination tout au long des discussions. Il s\u2019agit d\u2019une part, de disposer d\u2019\u00e9l\u00e9ments \u00e0 m\u00eame de permettre une am\u00e9lioration des conditions de vie des personnels et d\u2019autre part, de bases pouvant contribuer \u00e0 l\u2019am\u00e9lioration du syst\u00e8me \u00e9ducatif, a expliqu\u00e9 le coordonnateur, Bonaventure B\u00e9lem.<\/p>\n<p class=\"c1\"><strong>Abdel Aziz NABALOUM<\/strong><br \/>emirathe@yahoo.fr<\/p>\n<div class=\"td-a-rec td-a-rec-id-content_bottom td_uid_31_5d06b841888bc_rand td_block_template_1\"><img loading=\"lazy\" decoding=\"async\" class=\"alignright size-full wp-image-1724\" src=\"https:\/\/www.sidwaya.info\/wp-content\/uploads\/2018\/12\/sidwaya-pub.jpg\" alt=\"\" width=\"720\" height=\"90\"\/><\/div>\n<p>Auteur: JK. Sidwaya<br \/>\n<a href=\"https:\/\/www.sidwaya.info\/blog\/2019\/06\/16\/statut-valorisant-des-enseignants-des-syndicats-presentent-les-acquis-de-la-lutte\/\">Cliquez ici pour lire l&rsquo;article depuis sa source.<\/a><\/p>\n","protected":false},"excerpt":{"rendered":"<p>Le coordonnateur de la CNSE, Bonaventure B\u00e9lem, a salu\u00e9 l\u2019unit\u00e9 des acteurs de l\u2019\u00e9ducation, qui a permis d\u2019engranger des acquis. La Coordination nationale des syndicats de l\u2019\u00e9ducation (CNSE) a tenu une conf\u00e9rence de presse, le samedi 15 juin 2019, \u00e0 Ouagadougou. Elle a inform\u00e9 l\u2019opinion des engagements pris par le gouvernement. Apr\u00e8s plusieurs mois de [&hellip;]<\/p>\n","protected":false},"author":1816,"featured_media":0,"comment_status":"closed","ping_status":"closed","sticky":false,"template":"","format":"standard","meta":{"fifu_image_url":"","fifu_image_alt":"","footnotes":""},"categories":[73,81],"tags":[],"class_list":["post-40996","post","type-post","status-publish","format-standard","hentry","category-actualite","category-burkina-faso"],"_links":{"self":[{"href":"https:\/\/linitiative.ca\/International\/wp-json\/wp\/v2\/posts\/40996","targetHints":{"allow":["GET"]}}],"collection":[{"href":"https:\/\/linitiative.ca\/International\/wp-json\/wp\/v2\/posts"}],"about":[{"href":"https:\/\/linitiative.ca\/International\/wp-json\/wp\/v2\/types\/post"}],"author":[{"embeddable":true,"href":"https:\/\/linitiative.ca\/International\/wp-json\/wp\/v2\/users\/1816"}],"replies":[{"embeddable":true,"href":"https:\/\/linitiative.ca\/International\/wp-json\/wp\/v2\/comments?post=40996"}],"version-history":[{"count":0,"href":"https:\/\/linitiative.ca\/International\/wp-json\/wp\/v2\/posts\/40996\/revisions"}],"wp:attachment":[{"href":"https:\/\/linitiative.ca\/International\/wp-json\/wp\/v2\/media?parent=40996"}],"wp:term":[{"taxonomy":"category","embeddable":true,"href":"https:\/\/linitiative.ca\/International\/wp-json\/wp\/v2\/categories?post=40996"},{"taxonomy":"post_tag","embeddable":true,"href":"https:\/\/linitiative.ca\/International\/wp-json\/wp\/v2\/tags?post=40996"}],"curies":[{"name":"wp","href":"https:\/\/api.w.org\/{rel}","templated":true}]}}