{"id":40997,"date":"2019-06-16T17:33:47","date_gmt":"2019-06-16T21:33:47","guid":{"rendered":"https:\/\/linitiative.ca\/International\/modernisation-de-ladministration-des-bonds-qualitatifs-en-une-decennie\/"},"modified":"2019-06-16T17:33:47","modified_gmt":"2019-06-16T21:33:47","slug":"modernisation-de-ladministration-des-bonds-qualitatifs-en-une-decennie","status":"publish","type":"post","link":"https:\/\/linitiative.ca\/International\/modernisation-de-ladministration-des-bonds-qualitatifs-en-une-decennie\/","title":{"rendered":"Modernisation de l\u2019administration:  Des \u00ab bonds qualitatifs \u00bb en une d\u00e9cennie"},"content":{"rendered":"<div class=\"td-post-featured-image\" readability=\"37\"><a href=\"https:\/\/i2.wp.com\/www.sidwaya.info\/wp-content\/uploads\/2019\/06\/bond.jpg?fit=700%2C603&#038;ssl=1\" data-caption=\"Le ministre en charge de la fonction publique, S\u00e9ni Ou\u00e9draogo, a rendu hommage aux agents qui, malgr\u00e9 un contexte s\u00e9curitaire pr\u00e9caire, accomplissent leurs devoirs.\"><img loading=\"lazy\" decoding=\"async\" width=\"696\" height=\"600\" class=\"entry-thumb td-modal-image\" src=\"https:\/\/i2.wp.com\/www.sidwaya.info\/wp-content\/uploads\/2019\/06\/bond.jpg?resize=696%2C600&#038;ssl=1\" srcset=\"https:\/\/i2.wp.com\/www.sidwaya.info\/wp-content\/uploads\/2019\/06\/bond.jpg?w=700&#038;ssl=1 700w, https:\/\/i2.wp.com\/www.sidwaya.info\/wp-content\/uploads\/2019\/06\/bond.jpg?resize=300%2C258&#038;ssl=1 300w, https:\/\/i2.wp.com\/www.sidwaya.info\/wp-content\/uploads\/2019\/06\/bond.jpg?resize=696%2C600&#038;ssl=1 696w, https:\/\/i2.wp.com\/www.sidwaya.info\/wp-content\/uploads\/2019\/06\/bond.jpg?resize=488%2C420&#038;ssl=1 488w\" sizes=\"auto, (max-width: 696px) 100vw, 696px\" alt=\"\" title=\"bond\"\/><\/a>Le ministre en charge de la fonction publique, S\u00e9ni Ou\u00e9draogo, a rendu hommage aux agents qui, malgr\u00e9 un contexte s\u00e9curitaire pr\u00e9caire, accomplissent leurs devoirs.<\/div>\n<div class=\"td-a-rec td-a-rec-id-content_top td_uid_30_5d06b84454b4b_rand td_block_template_1\"><img loading=\"lazy\" decoding=\"async\" class=\"aligncenter size-full wp-image-4463\" src=\"https:\/\/www.sidwaya.info\/wp-content\/uploads\/2019\/02\/FESPACO-TOUR-2019-Bannie%CC%80re-728x90-1.jpg\" alt=\"\" width=\"728\" height=\"90\"\/><\/div>\n<p><strong>Le ministre de la Fonction publique, du Travail et de la Protection sociale (MFPTPS), Pr S\u00e9ni Ou\u00e9draogo, a dirig\u00e9 les travaux de la premi\u00e8re session de l\u2019ann\u00e9e du comit\u00e9 de pilotage de la modernisation de l\u2019administration publique et de la bonne gouvernance, le vendredi 7 juin 2019, \u00e0 Ouagadougou.<\/strong><\/p>\n<p>Compos\u00e9s de membres du gouvernement, de la soci\u00e9t\u00e9 civile, du secteur priv\u00e9 et des collectivit\u00e9s territoriales, les participants \u00e0 la premi\u00e8re session du comit\u00e9 de pilotage de la modernisation de l\u2019administration et de la bonne gouvernance se sont r\u00e9unis, le vendredi 7 juin 2019, \u00e0 Ouagadougou.<\/p>\n<p>Avec pour objectif de donner les derni\u00e8res orientations du premier plan strat\u00e9gique de modernisation de l\u2019administration publique, ils ont \u00e9chang\u00e9 sur les rapports de 2018, le plan de travail et le budget annuel 2019. Ils ont aussi examin\u00e9 l\u2019ensemble des orientations pour l\u2019ann\u00e9e 2020.<\/p>\n<p>Selon le ministre de la Fonction publique, du Travail et de la Protection sociale (MFPTPS), le Pr S\u00e9ni Ou\u00e9draogo, la pr\u00e9sente session entre dans le cadre d\u2019un plan strat\u00e9gique de modernisation de l\u2019administration 2011-2020, \u00e9labor\u00e9 par le Burkina Faso. Et \u00e0 l\u2019entendre, le gouvernement s\u2019est engag\u00e9 \u00e0 faire du fonctionnaire burkinab\u00e8 un agent au service du citoyen.<\/p>\n<p><img loading=\"lazy\" decoding=\"async\" class=\"size-medium wp-image-9322\" src=\"https:\/\/i2.wp.com\/www.sidwaya.info\/wp-content\/uploads\/2019\/06\/bond2.jpg?resize=300%2C225&#038;ssl=1\" alt=\"\" width=\"300\" height=\"225\" srcset=\"https:\/\/i2.wp.com\/www.sidwaya.info\/wp-content\/uploads\/2019\/06\/bond2.jpg?resize=300%2C225&#038;ssl=1 300w, https:\/\/i2.wp.com\/www.sidwaya.info\/wp-content\/uploads\/2019\/06\/bond2.jpg?resize=768%2C576&#038;ssl=1 768w, https:\/\/i2.wp.com\/www.sidwaya.info\/wp-content\/uploads\/2019\/06\/bond2.jpg?resize=80%2C60&#038;ssl=1 80w, https:\/\/i2.wp.com\/www.sidwaya.info\/wp-content\/uploads\/2019\/06\/bond2.jpg?resize=265%2C198&#038;ssl=1 265w, https:\/\/i2.wp.com\/www.sidwaya.info\/wp-content\/uploads\/2019\/06\/bond2.jpg?resize=696%2C522&#038;ssl=1 696w, https:\/\/i2.wp.com\/www.sidwaya.info\/wp-content\/uploads\/2019\/06\/bond2.jpg?resize=560%2C420&#038;ssl=1 560w, https:\/\/i2.wp.com\/www.sidwaya.info\/wp-content\/uploads\/2019\/06\/bond2.jpg?w=787&#038;ssl=1 787w\" sizes=\"auto, (max-width: 300px) 100vw, 300px\" data-recalc-dims=\"1\"\/>Les participants ont mis l\u2019accent sur les attentes du peuple burkinab\u00e8 vis-\u00e0-vis de l\u2019administration publique, au cours des \u00e9changes.<\/p>\n<p>Cela se traduit sur le terrain par le recensement des agents, la description du poste de travail des minist\u00e8res et institutions publiques, la mise en place d\u2019un syst\u00e8me fiable d\u2019authentification des dipl\u00f4mes d\u2019acc\u00e8s \u00e0 la fonction publique, la rationalisation du syst\u00e8me de r\u00e9mun\u00e9ration, entre autres. \u00abCes actions vont induire un r\u00e9el d\u00e9veloppement de la performance de notre administration\u00bb, a-t-il assur\u00e9.<\/p>\n<p>En termes d\u2019acquis, il a affirm\u00e9 que le Burkina Faso peut se f\u00e9liciter du fait qu\u2019en une d\u00e9cennie, il a fait des \u00abbonds qualitatifs\u00bb en mati\u00e8re de modernisation de l\u2019administration. Il a cit\u00e9 le Syst\u00e8me int\u00e9gr\u00e9 de gestion administrative et salariale du personnel de l\u2019Etat (SYGASPE) qui a inspir\u00e9 le Tchad.<\/p>\n<p>Le ministre S\u00e9ni Ou\u00e9draogo a \u00e9galement \u00e9voqu\u00e9 le syst\u00e8me d\u2019organisation des concours qui, \u00e0 son avis, a atteint un niveau de perfectionnement permettant l\u2019\u00e9galit\u00e9 d\u2019acc\u00e8s aux emplois publics. Il a enfin r\u00e9v\u00e9l\u00e9 qu\u2019au niveau de la conf\u00e9rence interafricaine de pr\u00e9voyance sociale, le Burkina Faso est le premier pays qui, en une vingtaine de jours, arrive \u00e0 traiter les dossiers de retraite. Malgr\u00e9 quelques imperfections qu\u2019il a reconnues, il a souhait\u00e9 la consolidation des acquis en vue de les am\u00e9liorer et tendre vers l\u2019excellence.<\/p>\n<p class=\"c1\"><strong>Tielm\u00e8 Innocent KAMBIRE<\/strong><\/p>\n<div class=\"td-a-rec td-a-rec-id-content_bottom td_uid_31_5d06b84454cd6_rand td_block_template_1\"><img loading=\"lazy\" decoding=\"async\" class=\"alignright size-full wp-image-1724\" src=\"https:\/\/www.sidwaya.info\/wp-content\/uploads\/2018\/12\/sidwaya-pub.jpg\" alt=\"\" width=\"720\" height=\"90\"\/><\/div>\n<p>Auteur: JK. Sidwaya<br \/>\n<a href=\"https:\/\/www.sidwaya.info\/blog\/2019\/06\/16\/modernisation-de-ladministration-des-bonds-qualitatifs-en-une-decennie\/\">Cliquez ici pour lire l&rsquo;article depuis sa source.<\/a><\/p>\n","protected":false},"excerpt":{"rendered":"<p>Le ministre en charge de la fonction publique, S\u00e9ni Ou\u00e9draogo, a rendu hommage aux agents qui, malgr\u00e9 un contexte s\u00e9curitaire pr\u00e9caire, accomplissent leurs devoirs. Le ministre de la Fonction publique, du Travail et de la Protection sociale (MFPTPS), Pr S\u00e9ni Ou\u00e9draogo, a dirig\u00e9 les travaux de la premi\u00e8re session de l\u2019ann\u00e9e du comit\u00e9 de pilotage [&hellip;]<\/p>\n","protected":false},"author":1816,"featured_media":0,"comment_status":"closed","ping_status":"closed","sticky":false,"template":"","format":"standard","meta":{"fifu_image_url":"","fifu_image_alt":"","footnotes":""},"categories":[73,81],"tags":[],"class_list":["post-40997","post","type-post","status-publish","format-standard","hentry","category-actualite","category-burkina-faso"],"_links":{"self":[{"href":"https:\/\/linitiative.ca\/International\/wp-json\/wp\/v2\/posts\/40997","targetHints":{"allow":["GET"]}}],"collection":[{"href":"https:\/\/linitiative.ca\/International\/wp-json\/wp\/v2\/posts"}],"about":[{"href":"https:\/\/linitiative.ca\/International\/wp-json\/wp\/v2\/types\/post"}],"author":[{"embeddable":true,"href":"https:\/\/linitiative.ca\/International\/wp-json\/wp\/v2\/users\/1816"}],"replies":[{"embeddable":true,"href":"https:\/\/linitiative.ca\/International\/wp-json\/wp\/v2\/comments?post=40997"}],"version-history":[{"count":0,"href":"https:\/\/linitiative.ca\/International\/wp-json\/wp\/v2\/posts\/40997\/revisions"}],"wp:attachment":[{"href":"https:\/\/linitiative.ca\/International\/wp-json\/wp\/v2\/media?parent=40997"}],"wp:term":[{"taxonomy":"category","embeddable":true,"href":"https:\/\/linitiative.ca\/International\/wp-json\/wp\/v2\/categories?post=40997"},{"taxonomy":"post_tag","embeddable":true,"href":"https:\/\/linitiative.ca\/International\/wp-json\/wp\/v2\/tags?post=40997"}],"curies":[{"name":"wp","href":"https:\/\/api.w.org\/{rel}","templated":true}]}}