{"id":40998,"date":"2019-06-16T17:39:35","date_gmt":"2019-06-16T21:39:35","guid":{"rendered":"https:\/\/linitiative.ca\/International\/43e-session-du-comite-du-patrimoine-mondial-des-experts-africains-prets-pour-bakou\/"},"modified":"2019-06-16T17:39:35","modified_gmt":"2019-06-16T21:39:35","slug":"43e-session-du-comite-du-patrimoine-mondial-des-experts-africains-prets-pour-bakou","status":"publish","type":"post","link":"https:\/\/linitiative.ca\/International\/43e-session-du-comite-du-patrimoine-mondial-des-experts-africains-prets-pour-bakou\/","title":{"rendered":"43e session du Comit\u00e9 du patrimoine mondial : Des experts africains pr\u00eats pour Bakou"},"content":{"rendered":"<div class=\"td-post-featured-image\" readability=\"38\"><a href=\"https:\/\/i0.wp.com\/www.sidwaya.info\/wp-content\/uploads\/2019\/06\/Expert.jpg?fit=700%2C467&#038;ssl=1\" data-caption=\"Le repr\u00e9sentant du ministre de l\u2019Enseignement sup\u00e9rieur, de la Recherche scientifique et de l\u2019Innovation, le directeur de cabinet, Th\u00e9ophile Tenkodogo (milieu), a salu\u00e9 la r\u00e9ussite des travaux.\"><img loading=\"lazy\" decoding=\"async\" width=\"696\" height=\"464\" class=\"entry-thumb td-modal-image\" src=\"https:\/\/i0.wp.com\/www.sidwaya.info\/wp-content\/uploads\/2019\/06\/Expert.jpg?resize=696%2C464&#038;ssl=1\" srcset=\"https:\/\/i0.wp.com\/www.sidwaya.info\/wp-content\/uploads\/2019\/06\/Expert.jpg?w=700&#038;ssl=1 700w, https:\/\/i0.wp.com\/www.sidwaya.info\/wp-content\/uploads\/2019\/06\/Expert.jpg?resize=300%2C200&#038;ssl=1 300w, https:\/\/i0.wp.com\/www.sidwaya.info\/wp-content\/uploads\/2019\/06\/Expert.jpg?resize=696%2C464&#038;ssl=1 696w, https:\/\/i0.wp.com\/www.sidwaya.info\/wp-content\/uploads\/2019\/06\/Expert.jpg?resize=630%2C420&#038;ssl=1 630w\" sizes=\"auto, (max-width: 696px) 100vw, 696px\" alt=\"\" title=\"Expert\"\/><\/a>Le repr\u00e9sentant du ministre de l\u2019Enseignement sup\u00e9rieur, de la Recherche scientifique et de l\u2019Innovation, le directeur de cabinet, Th\u00e9ophile Tenkodogo (milieu), a salu\u00e9 la r\u00e9ussite des travaux.<\/div>\n<div class=\"td-a-rec td-a-rec-id-content_top td_uid_30_5d06b84717335_rand td_block_template_1\"><img loading=\"lazy\" decoding=\"async\" class=\"aligncenter size-full wp-image-4463\" src=\"https:\/\/www.sidwaya.info\/wp-content\/uploads\/2019\/02\/FESPACO-TOUR-2019-Bannie%CC%80re-728x90-1.jpg\" alt=\"\" width=\"728\" height=\"90\"\/><\/div>\n<p><strong>Les experts africains du Groupe 5a pour le patrimoine mondial de l\u2019Organisation des Nations unies pour l\u2019\u00e9ducation, la science et la culture (UNESCO) ont cl\u00f4tur\u00e9 leur 4e r\u00e9union, le jeudi 13 juin 2019 \u00e0 Ouagadougou. Cette rencontre s\u2019inscrit dans le cadre de la pr\u00e9paration de la 43e session du Comit\u00e9 du patrimoine mondial (CPM).<\/strong><\/p>\n<p>Les experts africains du Groupe 5a (Angola, Burkina Faso, l\u2019Ouganda, Tanzanie et le Zimbabwe) pour le patrimoine mondial de l\u2019Organisation des Nations unies pour l\u2019\u00e9ducation, la science et la culture (UNESCO) sont pr\u00eats pour participer \u00e0 la 43e session du Comit\u00e9 du patrimoine mondial (CPM) qui se tiendra du 30 juin au 11 juillet 2019 \u00e0 Bakou, en Azerba\u00efdjan.<\/p>\n<p>En effet, ils ont cl\u00f4tur\u00e9 leur 4e r\u00e9union, le jeudi 13 juin \u00e0 Ouagadougou. Durant quatre jours, les participants ont examin\u00e9, entre autres, la Convention du patrimoine mondial et d\u00e9veloppement durable, la strat\u00e9gie de renforcement des capacit\u00e9s du patrimoine mondial et le processus de propositions d\u2019inscription des biens africains sur la liste du patrimoine mondial.<\/p>\n<p>Conscients des enjeux li\u00e9s non seulement au d\u00e9veloppement durable et au patrimoine mais aussi \u00e0 leur participation \u00e0 cette 43e session, les experts ont pris des r\u00e9solutions fortes pour travailler \u00e0 l\u2019harmonisation de leurs points de vue et d\u00e9cisions.<\/p>\n<p><img loading=\"lazy\" decoding=\"async\" class=\"size-medium wp-image-9326\" src=\"https:\/\/i1.wp.com\/www.sidwaya.info\/wp-content\/uploads\/2019\/06\/Expert2.jpg?resize=300%2C200&#038;ssl=1\" alt=\"\" width=\"300\" height=\"200\" srcset=\"https:\/\/i1.wp.com\/www.sidwaya.info\/wp-content\/uploads\/2019\/06\/Expert2.jpg?resize=300%2C200&#038;ssl=1 300w, https:\/\/i1.wp.com\/www.sidwaya.info\/wp-content\/uploads\/2019\/06\/Expert2.jpg?resize=696%2C464&#038;ssl=1 696w, https:\/\/i1.wp.com\/www.sidwaya.info\/wp-content\/uploads\/2019\/06\/Expert2.jpg?resize=630%2C420&#038;ssl=1 630w, https:\/\/i1.wp.com\/www.sidwaya.info\/wp-content\/uploads\/2019\/06\/Expert2.jpg?w=700&#038;ssl=1 700w\" sizes=\"auto, (max-width: 300px) 100vw, 300px\" data-recalc-dims=\"1\"\/>Les experts ont abouti \u00e0 des r\u00e9solutions pour travailler \u00e0 l\u2019harmonisation de leurs points de vue et d\u00e9cisions \u00e0 Bakou.<\/p>\n<p>Le repr\u00e9sentant du ministre de l\u2019Enseignement sup\u00e9rieur, de la Recherche scientifique et de l\u2019Innovation, le directeur de cabinet, Th\u00e9ophile Tenkodogo a, au nom du gouvernement, salu\u00e9 les efforts de l\u2019ensemble des acteurs qui ont contribu\u00e9 \u00e0 la bonne tenue de cette rencontre. \u00abJ\u2019ai pu constater que vous vous \u00eates engag\u00e9s \u00e0 faire entendre la voix de l\u2019Afrique, les sp\u00e9cificit\u00e9s africaines ainsi que les d\u00e9fis \u00e0 relever dans le cadre du d\u00e9veloppement durable en lien avec le patrimoine, lors de la session de Bakou\u00bb, a-t-il signifi\u00e9 aux participants.<\/p>\n<p>Cette 4e r\u00e9union, a-t-il ajout\u00e9, constitue un tournant important pour le Groupe 5a au regard des enjeux actuels li\u00e9s \u00e0 la sortie de quatre membres, \u00e0 la probl\u00e9matique de conservation des biens culturels et naturels, \u00e0 la sous-repr\u00e9sentativit\u00e9 des biens africains inscrits sur la liste du patrimoine mondial, etc. Le repr\u00e9sentant du ministre en charge de l\u2019enseignement sup\u00e9rieur a rassur\u00e9 les participants que le Burkina Faso ne m\u00e9nagera aucun effort pour soutenir et faire entendre les r\u00e9solutions auxquelles ils ont abouti.<\/p>\n<p>Il a termin\u00e9 ses propos sur une note d\u2019espoir pour plus de reconnaissance mondiale et de protection du patrimoine de la r\u00e9gion et surtout un meilleur ancrage de ce patrimoine au d\u00e9veloppement durable. Le pr\u00e9sident du comit\u00e9 d\u2019organisation, Dr Lassina Simpor\u00e9, s\u2019est dit satisfait du d\u00e9roulement des travaux. Il a traduit sa reconnaissance aux premiers responsables des minist\u00e8res en charge de la culture, de l\u2019enseignement sup\u00e9rieur, de l\u2019environnement et des Affaires \u00e9trang\u00e8res charg\u00e9s du dossier et \u00e0 tous les participants pour le succ\u00e8s de la rencontre de Ouagadougou.<\/p>\n<p class=\"c1\"><strong>Kowoma Marc DOH<\/strong><\/p>\n<div class=\"td-a-rec td-a-rec-id-content_bottom td_uid_31_5d06b847174ce_rand td_block_template_1\"><img loading=\"lazy\" decoding=\"async\" class=\"alignright size-full wp-image-1724\" src=\"https:\/\/www.sidwaya.info\/wp-content\/uploads\/2018\/12\/sidwaya-pub.jpg\" alt=\"\" width=\"720\" height=\"90\"\/><\/div>\n<p>Auteur: JK. Sidwaya<br \/>\n<a href=\"https:\/\/www.sidwaya.info\/blog\/2019\/06\/16\/43e-session-du-comite-du-patrimoine-mondial-des-experts-africains-prets-pour-bakou\/\">Cliquez ici pour lire l&rsquo;article depuis sa source.<\/a><\/p>\n","protected":false},"excerpt":{"rendered":"<p>Le repr\u00e9sentant du ministre de l\u2019Enseignement sup\u00e9rieur, de la Recherche scientifique et de l\u2019Innovation, le directeur de cabinet, Th\u00e9ophile Tenkodogo (milieu), a salu\u00e9 la r\u00e9ussite des travaux. Les experts africains du Groupe 5a pour le patrimoine mondial de l\u2019Organisation des Nations unies pour l\u2019\u00e9ducation, la science et la culture (UNESCO) ont cl\u00f4tur\u00e9 leur 4e r\u00e9union, [&hellip;]<\/p>\n","protected":false},"author":1816,"featured_media":0,"comment_status":"closed","ping_status":"closed","sticky":false,"template":"","format":"standard","meta":{"fifu_image_url":"","fifu_image_alt":"","footnotes":""},"categories":[73,81],"tags":[],"class_list":["post-40998","post","type-post","status-publish","format-standard","hentry","category-actualite","category-burkina-faso"],"_links":{"self":[{"href":"https:\/\/linitiative.ca\/International\/wp-json\/wp\/v2\/posts\/40998","targetHints":{"allow":["GET"]}}],"collection":[{"href":"https:\/\/linitiative.ca\/International\/wp-json\/wp\/v2\/posts"}],"about":[{"href":"https:\/\/linitiative.ca\/International\/wp-json\/wp\/v2\/types\/post"}],"author":[{"embeddable":true,"href":"https:\/\/linitiative.ca\/International\/wp-json\/wp\/v2\/users\/1816"}],"replies":[{"embeddable":true,"href":"https:\/\/linitiative.ca\/International\/wp-json\/wp\/v2\/comments?post=40998"}],"version-history":[{"count":0,"href":"https:\/\/linitiative.ca\/International\/wp-json\/wp\/v2\/posts\/40998\/revisions"}],"wp:attachment":[{"href":"https:\/\/linitiative.ca\/International\/wp-json\/wp\/v2\/media?parent=40998"}],"wp:term":[{"taxonomy":"category","embeddable":true,"href":"https:\/\/linitiative.ca\/International\/wp-json\/wp\/v2\/categories?post=40998"},{"taxonomy":"post_tag","embeddable":true,"href":"https:\/\/linitiative.ca\/International\/wp-json\/wp\/v2\/tags?post=40998"}],"curies":[{"name":"wp","href":"https:\/\/api.w.org\/{rel}","templated":true}]}}