{"id":41002,"date":"2019-06-16T13:50:01","date_gmt":"2019-06-16T17:50:01","guid":{"rendered":"https:\/\/linitiative.ca\/International\/centrafrique-deux-journalistes-de-lafp-violemment-interpelles-a-bangui\/"},"modified":"2019-06-16T13:50:01","modified_gmt":"2019-06-16T17:50:01","slug":"centrafrique-deux-journalistes-de-lafp-violemment-interpelles-a-bangui","status":"publish","type":"post","link":"https:\/\/linitiative.ca\/International\/centrafrique-deux-journalistes-de-lafp-violemment-interpelles-a-bangui\/","title":{"rendered":"Centrafrique: deux journalistes de l\u2019AFP violemment interpell\u00e9s \u00e0 Bangui"},"content":{"rendered":"<p>Deux journalistes fran\u00e7ais de l\u2019Agence France-Presse (AFP) en Centrafrique ont \u00e9t\u00e9 brutalement interpell\u00e9s et leur mat\u00e9riel confisqu\u00e9 ou d\u00e9truit samedi, lors de la dispersion d\u2019une manifestation de l\u2019opposition \u00e0 Bangui, interdite par les autorit\u00e9s.<\/p>\n<p>Les deux correspondants, Charles Bouessel (28 ans) et Florent Vergnes (30 ans), ont d\u00e9clar\u00e9 avoir \u00e9t\u00e9 retenus plus de six heures et auditionn\u00e9s trois fois, apr\u00e8s avoir \u00e9t\u00e9 arr\u00eat\u00e9s et molest\u00e9s \u00e0 plusieurs reprises par des membres de l\u2019Office centrafricain de r\u00e9pression du banditisme (OCRB).<\/p>\n<p>Accr\u00e9dit\u00e9s pour travailler dans ce pays, les deux journalistes ont \u00e9t\u00e9 arr\u00eat\u00e9s samedi vers 15H00 (14H00 GMT).<\/p>\n<p>\u00ab\u00a0L\u2019AFP proteste contre les violences polici\u00e8res injustifiables dont ont \u00e9t\u00e9 victimes deux de ses collaborateurs samedi \u00e0 Bangui\u00a0\u00bb, a d\u00e9clar\u00e9 le directeur AFP pour l\u2019Afrique, Boris Bachorz.<\/p>\n<p>Les journalistes ont d\u2019abord \u00e9t\u00e9 retenus par l\u2019OCRB puis transf\u00e9r\u00e9s dans les locaux de la direction des services de police judiciaire (DSPJ) \u00e0 Bangui, selon des sources diplomatiques, le ministre centrafricain de la Justice, et les deux journalistes de l\u2019AFP.<\/p>\n<p>\u00ab\u00a0La manifestation se d\u00e9roulait bien, les CRS nous ont laiss\u00e9 filmer et voyaient bien que nous \u00e9tions en dehors du cort\u00e8ge\u00a0\u00bb, a t\u00e9moign\u00e9 Charles Bouessel, confirmant la version de l\u2019autre journaliste de l\u2019AFP, Florent Vergnes.<\/p>\n<p>\u00ab\u00a0Les manifestants ont \u00e9t\u00e9 dispers\u00e9s rapidement. Des pick-up de l\u2019OCRB sont arriv\u00e9s. On a entendu des tirs \u00e0 balles r\u00e9elles\u00a0\u00bb.<\/p>\n<p>\u00ab\u00a0Avec Florent nous tentons de partir (\u2026). L\u2019OCRB nous voit et semble furieux qu\u2019on ait film\u00e9 la sc\u00e8ne, ils foncent sur nous\u00a0\u00bb, a-t-il ajout\u00e9. \u00ab\u00a0L\u2019un d\u2019eux attrape ma cam\u00e9ra et la fracasse par terre. Je mets les mains en l\u2019air mais je me prend une premi\u00e8re claque dans la t\u00eate. Mon sac \u00e0 dos (o\u00f9 j\u2019ai mes papiers, passeport, carte bleue, accr\u00e9ditation presse\u2026) est arrach\u00e9 et jet\u00e9 par terre. Je demande \u00e0 le prendre, ainsi que les d\u00e9bris de mon appareil mais je re\u00e7ois seulement des coups\u00a0\u00bb.<\/p>\n<p>\u00ab\u00a0On est emmen\u00e9s \u00e0 l\u2019accueil de l\u2019OCRB, o\u00f9 on me dit de vider mes poches pour notifier ce que j\u2019ai sur moi au d\u00e9but de la garde \u00e0 vue. Je leur explique que je n\u2019ai plus rien, les flics m\u2019ont tout pris, \u00e7a ne les int\u00e9resse pas, et c\u2019est surement perdu me disent-ils\u00a0\u00bb.<\/p>\n<p>\u2013 \u00ab\u00a0Ceintur\u00e9 \u00e0 la gorge\u00a0\u00bb \u2013<\/p>\n<p>\u00ab\u00a0On est lib\u00e9r\u00e9s \u00e0 20h48, je n\u2019ai plus de papiers ni d\u2019argent ni de t\u00e9l\u00e9phone. Les policiers proposent de nous ramener mais demandent 10.000 francs (15 euros) +pour l\u2019essence+\u00a0\u00bb, poursuit Charles Bouessel.<\/p>\n<p>De son c\u00f4t\u00e9, Florent Vergnes a affirm\u00e9 avoir \u00ab\u00a0\u00e9t\u00e9 ceintur\u00e9 \u00e0 la gorge\u00a0\u00bb et s\u2019\u00eatre \u00ab\u00a0pris des beignes, des coups de crosse de kalachnikov dans le dos\u00a0\u00bb. \u00ab\u00a0Ils m\u2019ont arrach\u00e9 mon sac, mon appareil photo et mon t\u00e9l\u00e9phone\u00a0\u00bb pendant l\u2019arrestation.<\/p>\n<p>\u00ab\u00a0J\u2019ai saign\u00e9 du nez et j\u2019ai mal au dos et \u00e0 la m\u00e2choire\u00a0\u00bb, a ajout\u00e9 Florent Vergnes, qui a fait constater ses blessures par un m\u00e9decin \u00e0 Bangui dimanche matin.<\/p>\n<p>\u00ab\u00a0Ce jour, il pr\u00e9sente un volumineux h\u00e9matome temporal droit, un h\u00e9matome sur l\u2019omoplate droite, un h\u00e9matome sur la base du nez et une douleur sur l\u2019articulation temporo-mandibulaire gauche et un trouble de l\u2019articul\u00e9 dentaire\u00a0\u00bb, selon les termes du certificat m\u00e9dical.<\/p>\n<p>Florent Vergnes a soulign\u00e9 qu\u2019au moment de son interpellation, il avait signal\u00e9 \u00eatre d\u00fbment accr\u00e9dit\u00e9 : \u00ab\u00a0Je leur ai dit que j\u2019\u00e9tais journaliste et que j\u2019\u00e9tais accr\u00e9dit\u00e9, ils m\u2019ont dit +appelle ton ministre+\u00a0\u00bb.<\/p>\n<p>Selon le ministre centrafricain de la Justice, Flavien Mbata, les deux journalistes \u00ab\u00a0ont \u00e9t\u00e9 interpell\u00e9s par la police, car ils \u00e9taient pr\u00e9sents sur les lieux d\u2019une manifestation interdite par la police\u00a0\u00bb.<\/p>\n<p>\u00ab\u00a0On a demand\u00e9 \u00e0 ce qu\u2019ils soient lib\u00e9r\u00e9s hier (samedi), ce qui a \u00e9t\u00e9 fait. Demain (lundi), lorsque on aura tous les \u00e9l\u00e9ments et le proc\u00e8s-verbal, on va d\u00e9cider de la suite de la proc\u00e9dure\u00a0\u00bb, a ajout\u00e9 le ministre, joint par l\u2019AFP de Libreville.<\/p>\n<p>\u2013 Protestation de l\u2019AFP \u2013<\/p>\n<p>Dans un communiqu\u00e9, le directeur AFP pour l\u2019Afrique, Boris Bachorz, a \u00e9crit que \u00ab\u00a0l\u2019AFP proteste contre les violences polici\u00e8res injustifiables dont ont \u00e9t\u00e9 victimes deux de ses collaborateurs samedi \u00e0 Bangui. Charles Bouessel et Florent Vergnes ne faisaient rien d\u2019autre que leur travail, pour lequel ils ont \u00e9t\u00e9 d\u00fbment accr\u00e9dit\u00e9s par les autorit\u00e9s centrafricaines, quand ils ont \u00e9t\u00e9 interpell\u00e9s puis tabass\u00e9s par des membres des forces de l\u2019ordre, avant d\u2019\u00eatre gard\u00e9s \u00e0 vue de longues heures\u00a0\u00bb.<\/p>\n<p>\u00ab\u00a0Nous demandons aux autorit\u00e9s centrafricaines des assurances que ces deux journalistes, comme l\u2019ensemble de leurs coll\u00e8gues en Centrafrique, puissent continuer \u00e0 effectuer leur mission sans avoir \u00e0 craindre pour leur int\u00e9grit\u00e9 physique\u00a0\u00bb, a-t-il poursuivi, indiquant qu\u2019une d\u00e9marche formelle de l\u2019AFP serait effectu\u00e9e en ce sens d\u00e8s lundi.<\/p>\n<p>Reporters sans fronti\u00e8res (RSF) a \u00e9galement \u00ab\u00a0condamn\u00e9 l\u2019agression\u00a0\u00bb des deux correspondants. \u00ab\u00a0Ces mauvais traitements ne doivent pas rester impunis\u00a0\u00bb, a \u00e9crit l\u2019ONG dimanche sur Twitter.<\/p>\n<p>Dans le dernier classement mondial de la libert\u00e9 de la presse de RSF, la Centrafrique occupe la 145e place sur 180.<\/p>\n<p>Auteur: AFP<br \/>\n<a href=\"https:\/\/www.journalducameroun.com\/centrafrique-deux-journalistes-de-lafp-violemment-interpelles-a-bangui\/\">Cliquez ici pour lire l&rsquo;article depuis sa source.<\/a><\/p>\n","protected":false},"excerpt":{"rendered":"<p>Deux journalistes fran\u00e7ais de l\u2019Agence France-Presse (AFP) en Centrafrique ont \u00e9t\u00e9 brutalement interpell\u00e9s et leur mat\u00e9riel confisqu\u00e9 ou d\u00e9truit samedi, lors de la dispersion d\u2019une manifestation de l\u2019opposition \u00e0 Bangui, interdite par les autorit\u00e9s. Les deux correspondants, Charles Bouessel (28 ans) et Florent Vergnes (30 ans), ont d\u00e9clar\u00e9 avoir \u00e9t\u00e9 retenus plus de six heures [&hellip;]<\/p>\n","protected":false},"author":1965,"featured_media":0,"comment_status":"closed","ping_status":"closed","sticky":false,"template":"","format":"standard","meta":{"fifu_image_url":"","fifu_image_alt":"","footnotes":""},"categories":[73,82],"tags":[],"class_list":["post-41002","post","type-post","status-publish","format-standard","hentry","category-actualite","category-cameroun"],"_links":{"self":[{"href":"https:\/\/linitiative.ca\/International\/wp-json\/wp\/v2\/posts\/41002","targetHints":{"allow":["GET"]}}],"collection":[{"href":"https:\/\/linitiative.ca\/International\/wp-json\/wp\/v2\/posts"}],"about":[{"href":"https:\/\/linitiative.ca\/International\/wp-json\/wp\/v2\/types\/post"}],"author":[{"embeddable":true,"href":"https:\/\/linitiative.ca\/International\/wp-json\/wp\/v2\/users\/1965"}],"replies":[{"embeddable":true,"href":"https:\/\/linitiative.ca\/International\/wp-json\/wp\/v2\/comments?post=41002"}],"version-history":[{"count":0,"href":"https:\/\/linitiative.ca\/International\/wp-json\/wp\/v2\/posts\/41002\/revisions"}],"wp:attachment":[{"href":"https:\/\/linitiative.ca\/International\/wp-json\/wp\/v2\/media?parent=41002"}],"wp:term":[{"taxonomy":"category","embeddable":true,"href":"https:\/\/linitiative.ca\/International\/wp-json\/wp\/v2\/categories?post=41002"},{"taxonomy":"post_tag","embeddable":true,"href":"https:\/\/linitiative.ca\/International\/wp-json\/wp\/v2\/tags?post=41002"}],"curies":[{"name":"wp","href":"https:\/\/api.w.org\/{rel}","templated":true}]}}